{"id":101,"date":"2022-05-05T17:51:00","date_gmt":"2022-05-05T17:51:00","guid":{"rendered":"https:\/\/tulalunew.rvpb.ch\/?p=101"},"modified":"2022-06-01T15:17:46","modified_gmt":"2022-06-01T15:17:46","slug":"rencontre-avec-antoine-rubin","status":"publish","type":"post","link":"https:\/\/tulalu.ch\/?p=101","title":{"rendered":"Rencontre avec Antoine Rubin"},"content":{"rendered":"\n<p class=\"wp-block-paragraph\">Le dimanche 22 mai, \u00e0 16 h, nous avons rencontr\u00e9 Antoine Rubin autour de son r\u00e9cit po\u00e9tique\u00a0<em>M\u00e9moire d\u2019une for\u00eat<\/em>\u00a0(Torticolis et Fr\u00e8res, 2020). Il nous en a fait une lecture sonore, accompagn\u00e9 par Jonathan Humair (synth\u00e9tiseur, guitare et effets). La performance s&#8217;est d\u00e9roul\u00e9e dans le cadre du March\u00e9 de la micro\u00e9dition, \u00e0 la Ferme des Tilleuls, Rue de Lausanne 52, \u00e0 Renens.<\/p>\n\n\n\n<figure class=\"wp-block-gallery has-nested-images columns-default is-cropped wp-block-gallery-1 is-layout-flex wp-block-gallery-is-layout-flex\">\n<figure class=\"wp-block-image size-large\"><img fetchpriority=\"high\" fetchpriority=\"high\" decoding=\"async\" width=\"1024\" height=\"1024\" data-id=\"586\" src=\"https:\/\/tulalu.ch\/wp-content\/uploads\/2022\/05\/DSC1831-1024x1024.jpg\" alt=\"\" class=\"wp-image-586\" srcset=\"https:\/\/tulalu.ch\/wp-content\/uploads\/2022\/05\/DSC1831-980x980.jpg 980w, https:\/\/tulalu.ch\/wp-content\/uploads\/2022\/05\/DSC1831-480x480.jpg 480w\" sizes=\"(min-width: 0px) and (max-width: 480px) 480px, (min-width: 481px) and (max-width: 980px) 980px, (min-width: 981px) 1024px, 100vw\" \/><\/figure>\n\n\n\n<figure class=\"wp-block-image size-large\"><img decoding=\"async\" width=\"1024\" height=\"576\" data-id=\"587\" src=\"https:\/\/tulalu.ch\/wp-content\/uploads\/2022\/05\/DSC1836-1024x576.jpg\" alt=\"\" class=\"wp-image-587\" srcset=\"https:\/\/tulalu.ch\/wp-content\/uploads\/2022\/05\/DSC1836-980x551.jpg 980w, https:\/\/tulalu.ch\/wp-content\/uploads\/2022\/05\/DSC1836-480x270.jpg 480w\" sizes=\"(min-width: 0px) and (max-width: 480px) 480px, (min-width: 481px) and (max-width: 980px) 980px, (min-width: 981px) 1024px, 100vw\" \/><\/figure>\n\n\n\n<figure class=\"wp-block-image size-large\"><img decoding=\"async\" width=\"1024\" height=\"1024\" data-id=\"585\" src=\"https:\/\/tulalu.ch\/wp-content\/uploads\/2022\/05\/DSC1837-1024x1024.jpg\" alt=\"\" class=\"wp-image-585\" srcset=\"https:\/\/tulalu.ch\/wp-content\/uploads\/2022\/05\/DSC1837-980x980.jpg 980w, https:\/\/tulalu.ch\/wp-content\/uploads\/2022\/05\/DSC1837-480x480.jpg 480w\" sizes=\"(min-width: 0px) and (max-width: 480px) 480px, (min-width: 481px) and (max-width: 980px) 980px, (min-width: 981px) 1024px, 100vw\" \/><\/figure>\n\n\n\n<figure class=\"wp-block-image size-large\"><img loading=\"lazy\" loading=\"lazy\" decoding=\"async\" width=\"1024\" height=\"576\" data-id=\"588\" src=\"https:\/\/tulalu.ch\/wp-content\/uploads\/2022\/05\/DSC1861-1024x576.jpg\" alt=\"\" class=\"wp-image-588\" srcset=\"https:\/\/tulalu.ch\/wp-content\/uploads\/2022\/05\/DSC1861-980x551.jpg 980w, https:\/\/tulalu.ch\/wp-content\/uploads\/2022\/05\/DSC1861-480x270.jpg 480w\" sizes=\"(min-width: 0px) and (max-width: 480px) 480px, (min-width: 481px) and (max-width: 980px) 980px, (min-width: 981px) 1024px, 100vw\" \/><\/figure>\n\n\n\n<figure class=\"wp-block-image size-large\"><img loading=\"lazy\" loading=\"lazy\" decoding=\"async\" width=\"1024\" height=\"576\" data-id=\"589\" src=\"https:\/\/tulalu.ch\/wp-content\/uploads\/2022\/05\/DSC1865-1024x576.jpg\" alt=\"\" class=\"wp-image-589\" srcset=\"https:\/\/tulalu.ch\/wp-content\/uploads\/2022\/05\/DSC1865-980x551.jpg 980w, https:\/\/tulalu.ch\/wp-content\/uploads\/2022\/05\/DSC1865-480x270.jpg 480w\" sizes=\"(min-width: 0px) and (max-width: 480px) 480px, (min-width: 481px) and (max-width: 980px) 980px, (min-width: 981px) 1024px, 100vw\" \/><\/figure>\n<figcaption class=\"blocks-gallery-caption\">\u00a9Miguel De Moura<\/figcaption><\/figure>\n\n\n\n<p class=\"wp-block-paragraph\"><em>M\u00e9moire d\u2019une for\u00eat<\/em><\/p>\n\n\n\n<p class=\"wp-block-paragraph\"><em>En ville, on raconte une histoire. Il y aurait un type qui vivrait dans la for\u00eat au-dessus de Bienne. Une sorte d\u2019ermite farouche qui aurait fait scission avec le monde moderne et qui se serait retranch\u00e9 dans une cabane perdue dans les bois. De tr\u00e8s rares fois, on pourrait l\u2019apercevoir r\u00f4der dans les rues de la ville \u00e0 la recherche d\u2019on ne sait trop quoi. Le racontar fascine Elias. Il se demande si c\u2019est seulement possible. Aujourd\u2019hui, il ne reste plus que l\u2019urbanisation croissante et les projets d\u2019autoroutes qui vont percer les montagnes, bouffer ce qui reste de sauvage. Et pourtant, partir vivre dans les bois, quitter les humains loin de leurs affaires path\u00e9tiques, c\u2019est une pens\u00e9e qui traverse l\u2019esprit d\u2019Elias. La for\u00eat comme dernier refuge face au d\u00e9senchantement.<\/em><em><\/em><\/p>\n\n\n\n<p class=\"wp-block-paragraph\"><em>M\u00e9moire d\u2019une for\u00eat<\/em>&nbsp;s\u2019inspire d\u2019une recherche en anthropologie men\u00e9e autour de personnes qui vivent dans les bois aujourd\u2019hui en Suisse. Puisant dans ce mat\u00e9riau du r\u00e9el et transform\u00e9 en fiction, le r\u00e9cit d\u00e9veloppe une rencontre entre Elias, jeune squatteur au carrefour de sa vie, et Karhu, personnage myst\u00e9rieux qui habite dans la for\u00eat. Au fil de la lecture et des vagues sonores, les fragments choisis tissent un voyage hypnotique dont les \u00e9tapes seraient en m\u00eame temps ses points cardinaux : bivouac, caves de squat, confins.<\/p>\n","protected":false},"excerpt":{"rendered":"<p>Le dimanche 22 mai, \u00e0 16 h, nous avons rencontr\u00e9 Antoine Rubin autour de son r\u00e9cit po\u00e9tique\u00a0M\u00e9moire d\u2019une for\u00eat\u00a0(Torticolis et Fr\u00e8res, 2020). Il nous en a fait une lecture sonore, accompagn\u00e9 par Jonathan Humair (synth\u00e9tiseur, guitare et effets). La performance s&#8217;est d\u00e9roul\u00e9e dans le cadre du March\u00e9 de la micro\u00e9dition, \u00e0 la Ferme des Tilleuls, [&hellip;]<\/p>\n","protected":false},"author":2,"featured_media":400,"comment_status":"closed","ping_status":"closed","sticky":false,"template":"","format":"standard","meta":{"_et_pb_use_builder":"off","_et_pb_old_content":"","_et_gb_content_width":"1080","footnotes":""},"categories":[5],"tags":[],"class_list":["post-101","post","type-post","status-publish","format-standard","has-post-thumbnail","hentry","category-rencontres-passees"],"_links":{"self":[{"href":"https:\/\/tulalu.ch\/index.php?rest_route=\/wp\/v2\/posts\/101","targetHints":{"allow":["GET"]}}],"collection":[{"href":"https:\/\/tulalu.ch\/index.php?rest_route=\/wp\/v2\/posts"}],"about":[{"href":"https:\/\/tulalu.ch\/index.php?rest_route=\/wp\/v2\/types\/post"}],"author":[{"embeddable":true,"href":"https:\/\/tulalu.ch\/index.php?rest_route=\/wp\/v2\/users\/2"}],"replies":[{"embeddable":true,"href":"https:\/\/tulalu.ch\/index.php?rest_route=%2Fwp%2Fv2%2Fcomments&post=101"}],"version-history":[{"count":4,"href":"https:\/\/tulalu.ch\/index.php?rest_route=\/wp\/v2\/posts\/101\/revisions"}],"predecessor-version":[{"id":590,"href":"https:\/\/tulalu.ch\/index.php?rest_route=\/wp\/v2\/posts\/101\/revisions\/590"}],"wp:featuredmedia":[{"embeddable":true,"href":"https:\/\/tulalu.ch\/index.php?rest_route=\/wp\/v2\/media\/400"}],"wp:attachment":[{"href":"https:\/\/tulalu.ch\/index.php?rest_route=%2Fwp%2Fv2%2Fmedia&parent=101"}],"wp:term":[{"taxonomy":"category","embeddable":true,"href":"https:\/\/tulalu.ch\/index.php?rest_route=%2Fwp%2Fv2%2Fcategories&post=101"},{"taxonomy":"post_tag","embeddable":true,"href":"https:\/\/tulalu.ch\/index.php?rest_route=%2Fwp%2Fv2%2Ftags&post=101"}],"curies":[{"name":"wp","href":"https:\/\/api.w.org\/{rel}","templated":true}]}}