{"id":1280,"date":"2023-08-21T09:35:37","date_gmt":"2023-08-21T09:35:37","guid":{"rendered":"https:\/\/tulalu.ch\/?p=1280"},"modified":"2023-10-19T07:13:56","modified_gmt":"2023-10-19T07:13:56","slug":"rencontre-avec-marie-jeanne-urech","status":"publish","type":"post","link":"https:\/\/tulalu.ch\/?p=1280","title":{"rendered":"Rencontre avec Marie-Jeanne Urech"},"content":{"rendered":"\n[et_pb_section fb_built=&#8221;1&#8243; admin_label=&#8221;section&#8221; _builder_version=&#8221;4.16&#8243; global_colors_info=&#8221;{}&#8221;][et_pb_row admin_label=&#8221;row&#8221; _builder_version=&#8221;4.16&#8243; background_size=&#8221;initial&#8221; background_position=&#8221;top_left&#8221; background_repeat=&#8221;repeat&#8221; min_height=&#8221;399px&#8221; custom_margin=&#8221;|auto|-98px|auto||&#8221; custom_padding=&#8221;14px||0px|||&#8221; global_colors_info=&#8221;{}&#8221;][et_pb_column type=&#8221;4_4&#8243; _builder_version=&#8221;4.16&#8243; custom_padding=&#8221;|||&#8221; global_colors_info=&#8221;{}&#8221; custom_padding__hover=&#8221;|||&#8221;][et_pb_text admin_label=&#8221;Text&#8221; _builder_version=&#8221;4.22.1&#8243; background_size=&#8221;initial&#8221; background_position=&#8221;top_left&#8221; background_repeat=&#8221;repeat&#8221; min_height=&#8221;129px&#8221; custom_padding=&#8221;||0px|||&#8221; global_colors_info=&#8221;{}&#8221;]<p><!-- divi:paragraph --><span style=\"color: #000080;\"><strong>Lundi 9 octobre 2023, 19 h<\/strong><\/span><\/p>\n<p><em>Usine de Pierre-de-Plan, Chemin Pierre-de-Plan 4, 1003 Lausanne<\/em><\/p>\n<p><em><span style=\"color: #666666;\"><span style=\"font-size: medium;\">Il est recommand\u00e9 de s&#8217;inscrire aux \u00e9v\u00e9nements ! Les places peuvent \u00eatre limit\u00e9es.<\/span><\/span><\/em><\/p>\n<p><!-- \/divi:paragraph --><\/p>[\/et_pb_text][et_pb_text _builder_version=&#8221;4.22.2&#8243; _module_preset=&#8221;default&#8221; custom_margin=&#8221;55px||||false|false&#8221; hover_enabled=&#8221;0&#8243; global_colors_info=&#8221;{}&#8221; sticky_enabled=&#8221;0&#8243;]<p>Marie-Jeanne Urech nous a racont\u00e9 <em>K comme almanach<\/em> (H\u00e9lice H\u00e9las, 2022). Introduction\u00a0: Greg Sutter (SIL). Animation\u00a0: Lisbeth Koutchoumoff. Contrebasse\u00a0: Sebastian Schick.<\/p>[\/et_pb_text][\/et_pb_column][\/et_pb_row][et_pb_row _builder_version=&#8221;4.22.1&#8243; _module_preset=&#8221;default&#8221; global_colors_info=&#8221;{}&#8221;][et_pb_column type=&#8221;4_4&#8243; _builder_version=&#8221;4.22.1&#8243; _module_preset=&#8221;default&#8221; global_colors_info=&#8221;{}&#8221;][et_pb_image src=&#8221;https:\/\/tulalu.ch\/wp-content\/uploads\/2023\/08\/14_marie-jeanne_urech-\u00a9Michal-Florence-SchorroADS.jpg&#8221; title_text=&#8221;14_marie-jeanne_urech-\u00a9Michal Florence SchorroADS&#8221; show_in_lightbox=&#8221;on&#8221; align=&#8221;center&#8221; _builder_version=&#8221;4.22.1&#8243; _module_preset=&#8221;default&#8221; width=&#8221;46%&#8221; global_colors_info=&#8221;{}&#8221;][\/et_pb_image][et_pb_text _builder_version=&#8221;4.22.1&#8243; _module_preset=&#8221;default&#8221; global_colors_info=&#8221;{}&#8221;]<p style=\"text-align: center;\">\u00a9 Michal Florence Schorro<\/p>[\/et_pb_text][\/et_pb_column][\/et_pb_row][et_pb_row _builder_version=&#8221;4.22.2&#8243; _module_preset=&#8221;default&#8221; column_structure=&#8221;1_3,1_3,1_3&#8243;][et_pb_column _builder_version=&#8221;4.22.2&#8243; _module_preset=&#8221;default&#8221; type=&#8221;1_3&#8243;][et_pb_image src=&#8221;https:\/\/tulalu.ch\/wp-content\/uploads\/2023\/10\/PXL_20231009_172233049.NIGHT-recadree-scaled.jpg&#8221; _builder_version=&#8221;4.22.2&#8243; _module_preset=&#8221;default&#8221; title_text=&#8221;PXL_20231009_172233049.NIGHT recadr\u00e9e&#8221; show_in_lightbox=&#8221;on&#8221; hover_enabled=&#8221;0&#8243; sticky_enabled=&#8221;0&#8243;][\/et_pb_image][\/et_pb_column][et_pb_column _builder_version=&#8221;4.22.2&#8243; _module_preset=&#8221;default&#8221; type=&#8221;1_3&#8243;][et_pb_image src=&#8221;https:\/\/tulalu.ch\/wp-content\/uploads\/2023\/10\/PXL_20231009_171720710-scaled.jpg&#8221; _builder_version=&#8221;4.22.2&#8243; _module_preset=&#8221;default&#8221; title_text=&#8221;PXL_20231009_171720710&#8243; show_in_lightbox=&#8221;on&#8221; hover_enabled=&#8221;0&#8243; sticky_enabled=&#8221;0&#8243;][\/et_pb_image][\/et_pb_column][et_pb_column _builder_version=&#8221;4.22.2&#8243; _module_preset=&#8221;default&#8221; type=&#8221;1_3&#8243;][et_pb_image src=&#8221;https:\/\/tulalu.ch\/wp-content\/uploads\/2023\/10\/DSC2630-scaled.jpg&#8221; _builder_version=&#8221;4.22.2&#8243; _module_preset=&#8221;default&#8221; title_text=&#8221;_DSC2630&#8243; hover_enabled=&#8221;0&#8243; sticky_enabled=&#8221;0&#8243; show_in_lightbox=&#8221;on&#8221;][\/et_pb_image][\/et_pb_column][\/et_pb_row][et_pb_row _builder_version=&#8221;4.22.2&#8243; _module_preset=&#8221;default&#8221; column_structure=&#8221;1_2,1_2&#8243; hover_enabled=&#8221;0&#8243; sticky_enabled=&#8221;0&#8243;][et_pb_column _builder_version=&#8221;4.22.2&#8243; _module_preset=&#8221;default&#8221; type=&#8221;1_2&#8243;][et_pb_image src=&#8221;https:\/\/tulalu.ch\/wp-content\/uploads\/2023\/10\/C0017.1596_03.Still003.jpg&#8221; _builder_version=&#8221;4.22.2&#8243; _module_preset=&#8221;default&#8221; title_text=&#8221;C0017.1596_03.Still003&#8243; show_in_lightbox=&#8221;on&#8221; hover_enabled=&#8221;0&#8243; sticky_enabled=&#8221;0&#8243;][\/et_pb_image][\/et_pb_column][et_pb_column _builder_version=&#8221;4.22.2&#8243; _module_preset=&#8221;default&#8221; type=&#8221;1_2&#8243;][et_pb_image src=&#8221;https:\/\/tulalu.ch\/wp-content\/uploads\/2023\/10\/C0017.1022_02.Still002.jpg&#8221; _builder_version=&#8221;4.22.2&#8243; _module_preset=&#8221;default&#8221; title_text=&#8221;C0017.1022_02.Still002&#8243; show_in_lightbox=&#8221;on&#8221; hover_enabled=&#8221;0&#8243; sticky_enabled=&#8221;0&#8243;][\/et_pb_image][\/et_pb_column][\/et_pb_row][et_pb_row _builder_version=&#8221;4.22.2&#8243; _module_preset=&#8221;default&#8221; column_structure=&#8221;1_3,1_3,1_3&#8243;][et_pb_column _builder_version=&#8221;4.22.2&#8243; _module_preset=&#8221;default&#8221; type=&#8221;1_3&#8243;][et_pb_image src=&#8221;https:\/\/tulalu.ch\/wp-content\/uploads\/2023\/10\/DSC2715-scaled.jpg&#8221; _builder_version=&#8221;4.22.2&#8243; _module_preset=&#8221;default&#8221; title_text=&#8221;_DSC2715&#8243; show_in_lightbox=&#8221;on&#8221; hover_enabled=&#8221;0&#8243; sticky_enabled=&#8221;0&#8243;][\/et_pb_image][\/et_pb_column][et_pb_column _builder_version=&#8221;4.22.2&#8243; _module_preset=&#8221;default&#8221; type=&#8221;1_3&#8243;][et_pb_image src=&#8221;https:\/\/tulalu.ch\/wp-content\/uploads\/2023\/10\/DSC2653-scaled.jpg&#8221; _builder_version=&#8221;4.22.2&#8243; _module_preset=&#8221;default&#8221; title_text=&#8221;_DSC2653&#8243; show_in_lightbox=&#8221;on&#8221; hover_enabled=&#8221;0&#8243; sticky_enabled=&#8221;0&#8243;][\/et_pb_image][\/et_pb_column][et_pb_column _builder_version=&#8221;4.22.2&#8243; _module_preset=&#8221;default&#8221; type=&#8221;1_3&#8243;][et_pb_image src=&#8221;https:\/\/tulalu.ch\/wp-content\/uploads\/2023\/10\/DSC2748-scaled.jpg&#8221; _builder_version=&#8221;4.22.2&#8243; _module_preset=&#8221;default&#8221; title_text=&#8221;_DSC2748&#8243; show_in_lightbox=&#8221;on&#8221; hover_enabled=&#8221;0&#8243; sticky_enabled=&#8221;0&#8243;][\/et_pb_image][\/et_pb_column][\/et_pb_row][et_pb_row _builder_version=&#8221;4.22.2&#8243; _module_preset=&#8221;default&#8221;][et_pb_column _builder_version=&#8221;4.22.2&#8243; _module_preset=&#8221;default&#8221; type=&#8221;4_4&#8243;][et_pb_image src=&#8221;https:\/\/tulalu.ch\/wp-content\/uploads\/2023\/10\/PXL_20231009_170835662-scaled.jpg&#8221; _builder_version=&#8221;4.22.2&#8243; _module_preset=&#8221;default&#8221; title_text=&#8221;PXL_20231009_170835662&#8243; show_in_lightbox=&#8221;on&#8221; hover_enabled=&#8221;0&#8243; sticky_enabled=&#8221;0&#8243; custom_margin=&#8221;||12px|||&#8221;][\/et_pb_image][et_pb_text _builder_version=&#8221;4.22.2&#8243; _module_preset=&#8221;default&#8221; text_font_size=&#8221;12px&#8221; hover_enabled=&#8221;0&#8243; sticky_enabled=&#8221;0&#8243;]<p>\u00a9 Miguel Moura et Jessica Pantanella<\/p>[\/et_pb_text][\/et_pb_column][\/et_pb_row][et_pb_row _builder_version=&#8221;4.19.4&#8243; _module_preset=&#8221;default&#8221; min_height=&#8221;371.2px&#8221; custom_margin=&#8221;|auto|-19px|auto||&#8221; custom_padding=&#8221;58px|||||&#8221; global_colors_info=&#8221;{}&#8221;][et_pb_column type=&#8221;4_4&#8243; _builder_version=&#8221;4.19.4&#8243; _module_preset=&#8221;default&#8221; global_colors_info=&#8221;{}&#8221;][et_pb_text _builder_version=&#8221;4.22.1&#8243; _module_preset=&#8221;default&#8221; custom_margin=&#8221;||-2px|||&#8221; global_colors_info=&#8221;{}&#8221;]<p>Marie-Jeanne<span style=\"font-weight: 400;\"> Urech aime flouter pass\u00e9 et futur pour mieux \u00e9clairer le pr\u00e9sent. Elle fait partie de ces auteurs qui cr\u00e9e de toutes pi\u00e8ces des univers ouvrant l&#8217;imaginaire. Dystopie? Science-fiction? R\u00e9alisme magique? Ses fables puisent \u00e0 ces diff\u00e9rents genres pour inventer des paysages, des situations, un climat, un ton \u00e0 nul autre pareil. Pour cela, la romanci\u00e8re fait aussi bouger la langue, d\u00e9pla\u00e7ant ou r\u00e9v\u00e9lant un sens oubli\u00e9, inventant des mots.<\/span><\/p>\n<p><i><span style=\"font-weight: 400;\">K comme Almanach<\/span><\/i><span style=\"font-weight: 400;\"> ne fait pas exception. Comme <\/span><i><span style=\"font-weight: 400;\">Terre tremblante<\/span><\/i><span style=\"font-weight: 400;\"> en 2018, le roman est travers\u00e9 par les questions qui hantent ce d\u00e9but du XXIe si\u00e8cle : le d\u00e9r\u00e8glement climatique, la peur d\u2019un monde devenu invivable, le fantasme de fuite vers un ailleurs devenu plus enviable. Nous d\u00e9couvrons Simon le lampiste, l\u2019allumeur de lampadaires qui, lui, a d\u00e9cid\u00e9 de rester sur cette plan\u00e8te ass\u00e9ch\u00e9e jusqu\u2019au bout alors que tous les habitants de sa ville partent, les uns apr\u00e8s les autres. Chaque jour ou presque, une navette remplie de citadins d\u00e9colle pour Belgador, une nouvelle Terre promise, verte et moussue, pleine d\u2019avenir, para\u00eet-il, puisque personne n\u2019en est revenu.<\/span><\/p>\n<p><span style=\"font-weight: 400;\">Dans cette ville qui se vide de ses habitants, o\u00f9 la v\u00e9g\u00e9tation reprend de plus en plus ses droits au point d\u2019envahir les rues et les immeubles d\u00e9sert\u00e9s, Simon maintient la vie en allumant co\u00fbte que co\u00fbte les lampadaires. Il n\u2019est pas seul dans cette t\u00e2che : il a pris sous son aile un enfant perdu-retrouv\u00e9, un petit gar\u00e7on dont on ne conna\u00eet pas l\u2019\u00e2ge pr\u00e9cis, muet et apeur\u00e9, qui va petit \u00e0 petit devenir son apprenti. Simon d\u2019un coup comprend qu\u2019il lui est pr\u00e9cieux et urgent de transmettre ce qu\u2019il a de plus cher : le go\u00fbt du travail bien fait, le go\u00fbt des autres, le go\u00fbt d\u2019\u00eatre ensemble et de prendre soin de l\u00e0 o\u00f9 l\u2019on vit.<\/span><\/p>\n<p><span style=\"font-weight: 400;\">Il y a quelque chose de tr\u00e8s beau, de poignant \u00e0 suivre ce couple improvis\u00e9, \u00e0 voir cet homme devenir p\u00e8re et cet enfant s\u2019\u00e9panouir alors que tout s\u2019\u00e9croule autour d\u2019eux. C\u2019est bien s\u00fbr le d\u00e9calage entre leur passion \u00e0 transmettre, \u00e0 apprendre l\u2019un de l\u2019autre et la d\u00e9liquescence de leur environnement qui est saisissant et qui nous renvoie \u00e0 notre pr\u00e9sent le plus br\u00fblant : quelles valeurs transmettre aux jeunes g\u00e9n\u00e9rations dans un monde qui br\u00fble ? Comment prendre soin d\u2019un monde ab\u00eem\u00e9 ?<\/span><\/p>\n<p><span style=\"font-weight: 400;\">La rencontre avec Marie-Jeanne Urech a eu lieu \u00e0 l\u2019Usine de Pierre-de-Plan, un lieu d\u2019o\u00f9 a \u00e9t\u00e9 orchestr\u00e9 l\u2019\u00e9clairage public de Lausanne et qui entre en r\u00e9sonance avec le projet fou de Simon, avec son d\u00e9sir de maintenir la vie, d\u2019apporter la lumi\u00e8re jusqu\u2019au bout, malgr\u00e9 tout.<\/span><\/p>\n<p>&nbsp;<\/p>\n<p style=\"text-align: right;\"><span style=\"font-weight: 400;\">\u00a0 \u00a0 \u00a0 \u00a0 \u00a0 \u00a0 \u00a0 \u00a0 \u00a0 \u00a0 \u00a0 \u00a0 \u00a0 \u00a0 \u00a0 \u00a0 \u00a0 \u00a0 \u00a0 \u00a0 \u00a0 \u00a0 \u00a0 \u00a0 \u00a0 \u00a0 \u00a0 \u00a0 \u00a0 \u00a0 \u00a0 Lisbeth Koutchoumoff<\/span><\/p>[\/et_pb_text][\/et_pb_column][\/et_pb_row][et_pb_row _builder_version=&#8221;4.22.2&#8243; _module_preset=&#8221;default&#8221; column_structure=&#8221;1_2,1_2&#8243;][et_pb_column _builder_version=&#8221;4.22.2&#8243; _module_preset=&#8221;default&#8221; type=&#8221;1_2&#8243;][et_pb_image src=&#8221;https:\/\/tulalu.ch\/wp-content\/uploads\/2023\/10\/DSCF6589-scaled.jpg&#8221; _builder_version=&#8221;4.22.2&#8243; _module_preset=&#8221;default&#8221; title_text=&#8221;DSCF6589&#8243; show_in_lightbox=&#8221;on&#8221; hover_enabled=&#8221;0&#8243; sticky_enabled=&#8221;0&#8243; min_height=&#8221;226.5px&#8221; custom_margin=&#8221;||10px|||&#8221;][\/et_pb_image][et_pb_text _builder_version=&#8221;4.22.2&#8243; _module_preset=&#8221;default&#8221; hover_enabled=&#8221;0&#8243; sticky_enabled=&#8221;0&#8243; text_font_size=&#8221;12px&#8221; min_height=&#8221;11.8px&#8221;]<p>\u00a9 Jean Marc de Samie<\/p>[\/et_pb_text][\/et_pb_column][et_pb_column _builder_version=&#8221;4.22.2&#8243; _module_preset=&#8221;default&#8221; type=&#8221;1_2&#8243;][et_pb_image src=&#8221;https:\/\/tulalu.ch\/wp-content\/uploads\/2023\/10\/DSCF6586-scaled.jpg&#8221; _builder_version=&#8221;4.22.2&#8243; _module_preset=&#8221;default&#8221; title_text=&#8221;DSCF6586&#8243; show_in_lightbox=&#8221;on&#8221; hover_enabled=&#8221;0&#8243; sticky_enabled=&#8221;0&#8243;][\/et_pb_image][et_pb_text _builder_version=&#8221;4.22.2&#8243; _module_preset=&#8221;default&#8221; hover_enabled=&#8221;0&#8243; sticky_enabled=&#8221;0&#8243; text_font_size=&#8221;12px&#8221; min_height=&#8221;11.8px&#8221; custom_margin=&#8221;-9px|||||&#8221;]<p>\u00a9 Jean Marc de Samie<\/p>[\/et_pb_text][\/et_pb_column][\/et_pb_row][et_pb_row _builder_version=&#8221;4.22.2&#8243; _module_preset=&#8221;default&#8221; column_structure=&#8221;1_2,1_2&#8243;][et_pb_column _builder_version=&#8221;4.22.2&#8243; _module_preset=&#8221;default&#8221; type=&#8221;1_2&#8243;][et_pb_image src=&#8221;https:\/\/tulalu.ch\/wp-content\/uploads\/2023\/10\/IMG_5237-scaled.jpg&#8221; _builder_version=&#8221;4.22.2&#8243; _module_preset=&#8221;default&#8221; title_text=&#8221;IMG_5237&#8243; show_in_lightbox=&#8221;on&#8221; hover_enabled=&#8221;0&#8243; sticky_enabled=&#8221;0&#8243;][\/et_pb_image][et_pb_text _builder_version=&#8221;4.22.2&#8243; _module_preset=&#8221;default&#8221; hover_enabled=&#8221;0&#8243; sticky_enabled=&#8221;0&#8243; text_font_size=&#8221;12px&#8221; min_height=&#8221;11.8px&#8221; custom_margin=&#8221;-9px|||||&#8221;]<p>\u00a9 Jean Marc de Samie<\/p>[\/et_pb_text][\/et_pb_column][et_pb_column _builder_version=&#8221;4.22.2&#8243; _module_preset=&#8221;default&#8221; type=&#8221;1_2&#8243;][et_pb_image src=&#8221;https:\/\/tulalu.ch\/wp-content\/uploads\/2023\/10\/DSCF6617-scaled.jpg&#8221; _builder_version=&#8221;4.22.2&#8243; _module_preset=&#8221;default&#8221; title_text=&#8221;DSCF6617&#8243; show_in_lightbox=&#8221;on&#8221; hover_enabled=&#8221;0&#8243; sticky_enabled=&#8221;0&#8243;][\/et_pb_image][et_pb_text _builder_version=&#8221;4.22.2&#8243; _module_preset=&#8221;default&#8221; hover_enabled=&#8221;0&#8243; sticky_enabled=&#8221;0&#8243; text_font_size=&#8221;12px&#8221; min_height=&#8221;11.8px&#8221; custom_margin=&#8221;-9px|||||&#8221;]<p>\u00a9 Jean Marc de Samie<\/p>[\/et_pb_text][\/et_pb_column][\/et_pb_row][et_pb_row _builder_version=&#8221;4.22.2&#8243; _module_preset=&#8221;default&#8221;][et_pb_column _builder_version=&#8221;4.22.2&#8243; _module_preset=&#8221;default&#8221; type=&#8221;4_4&#8243;][et_pb_text _builder_version=&#8221;4.22.2&#8243; _module_preset=&#8221;default&#8221; hover_enabled=&#8221;0&#8243; sticky_enabled=&#8221;0&#8243;]<p>Un grand merci \u00e0 Jean Marc de Samie pour l&#8217;autorisation de publier sur notre site ses magnifiques photos.<\/p>[\/et_pb_text][\/et_pb_column][\/et_pb_row][\/et_pb_section]\n","protected":false},"excerpt":{"rendered":"<p>Lundi 9 octobre 2023, 19h<br \/>\nMarie-Jeanne Urech nous a racont\u00e9 &#8220;K comme almanach&#8221; (H\u00e9lice H\u00e9las, 2022). Introduction : Greg Sutter (SIL). Animation : Lisbeth Koutchoumoff. Contrebasse : Sebastian Schick&#8230;<\/p>\n","protected":false},"author":2,"featured_media":1288,"comment_status":"open","ping_status":"open","sticky":false,"template":"","format":"standard","meta":{"_et_pb_use_builder":"on","_et_pb_old_content":"","_et_gb_content_width":"","footnotes":""},"categories":[5],"tags":[],"class_list":["post-1280","post","type-post","status-publish","format-standard","has-post-thumbnail","hentry","category-rencontres-passees"],"_links":{"self":[{"href":"https:\/\/tulalu.ch\/index.php?rest_route=\/wp\/v2\/posts\/1280","targetHints":{"allow":["GET"]}}],"collection":[{"href":"https:\/\/tulalu.ch\/index.php?rest_route=\/wp\/v2\/posts"}],"about":[{"href":"https:\/\/tulalu.ch\/index.php?rest_route=\/wp\/v2\/types\/post"}],"author":[{"embeddable":true,"href":"https:\/\/tulalu.ch\/index.php?rest_route=\/wp\/v2\/users\/2"}],"replies":[{"embeddable":true,"href":"https:\/\/tulalu.ch\/index.php?rest_route=%2Fwp%2Fv2%2Fcomments&post=1280"}],"version-history":[{"count":11,"href":"https:\/\/tulalu.ch\/index.php?rest_route=\/wp\/v2\/posts\/1280\/revisions"}],"predecessor-version":[{"id":1398,"href":"https:\/\/tulalu.ch\/index.php?rest_route=\/wp\/v2\/posts\/1280\/revisions\/1398"}],"wp:featuredmedia":[{"embeddable":true,"href":"https:\/\/tulalu.ch\/index.php?rest_route=\/wp\/v2\/media\/1288"}],"wp:attachment":[{"href":"https:\/\/tulalu.ch\/index.php?rest_route=%2Fwp%2Fv2%2Fmedia&parent=1280"}],"wp:term":[{"taxonomy":"category","embeddable":true,"href":"https:\/\/tulalu.ch\/index.php?rest_route=%2Fwp%2Fv2%2Fcategories&post=1280"},{"taxonomy":"post_tag","embeddable":true,"href":"https:\/\/tulalu.ch\/index.php?rest_route=%2Fwp%2Fv2%2Ftags&post=1280"}],"curies":[{"name":"wp","href":"https:\/\/api.w.org\/{rel}","templated":true}]}}