{"id":1294,"date":"2023-08-21T09:47:27","date_gmt":"2023-08-21T09:47:27","guid":{"rendered":"https:\/\/tulalu.ch\/?p=1294"},"modified":"2023-12-22T16:32:30","modified_gmt":"2023-12-22T16:32:30","slug":"rencontre-en-partenariat-avec-la-limonade-litteraire","status":"publish","type":"post","link":"https:\/\/tulalu.ch\/?p=1294","title":{"rendered":"Rencontre avec Philippine de Gr\u00e9a en partenariat avec la Limonade Litt\u00e9raire"},"content":{"rendered":"<p>[et_pb_section fb_built=&#8221;1&#8243; admin_label=&#8221;section&#8221; _builder_version=&#8221;4.16&#8243; global_colors_info=&#8221;{}&#8221;][et_pb_row admin_label=&#8221;row&#8221; _builder_version=&#8221;4.16&#8243; background_size=&#8221;initial&#8221; background_position=&#8221;top_left&#8221; background_repeat=&#8221;repeat&#8221; min_height=&#8221;399px&#8221; custom_margin=&#8221;|auto|-98px|auto||&#8221; custom_padding=&#8221;14px||0px|||&#8221; global_colors_info=&#8221;{}&#8221;][et_pb_column type=&#8221;4_4&#8243; _builder_version=&#8221;4.16&#8243; custom_padding=&#8221;|||&#8221; global_colors_info=&#8221;{}&#8221; custom_padding__hover=&#8221;|||&#8221;][et_pb_text admin_label=&#8221;Text&#8221; _builder_version=&#8221;4.23.1&#8243; background_size=&#8221;initial&#8221; background_position=&#8221;top_left&#8221; background_repeat=&#8221;repeat&#8221; min_height=&#8221;129px&#8221; custom_padding=&#8221;||0px|||&#8221; global_colors_info=&#8221;{}&#8221;]<!-- divi:paragraph --><\/p>\n<p><span style=\"color: #000080;\"><strong>Mercredi 13 d\u00e9cembre 2023, 15 h 30<\/strong><\/span><\/p>\n<p><em>Ferme des Tilleuls, Rue de Lausanne 52, 1020 Renens<\/em><\/p>\n<p><em><span style=\"color: #666666;\"><span style=\"font-size: medium;\">Il est recommand\u00e9 de s&#8217;inscrire aux \u00e9v\u00e9nements \u00e0 l&#8217;adresse suivante : <\/span><\/span><\/em><span style=\"color: #666666;\"><span style=\"font-size: medium;\"><a href=\"https:\/\/infomaniak.events\/shop\/aHRnScO4Eo\/event\/1091208\/?fbclid=IwAR1jBS_nSg3pqhjWb72vcGq9o7oZMXv_4O1kEbYjlRmoW-dS0GuZNCrjT50\">Inscription ici<\/a><\/span><\/span><span style=\"color: #666666;\"><span style=\"font-size: medium;\">\u00a0<\/span><\/span><em><span style=\"color: #666666;\"><span style=\"font-size: medium;\">! Les places peuvent \u00eatre limit\u00e9es.<\/span><\/span><\/em><\/p>\n<p>&nbsp;<\/p>\n<p>&nbsp;<\/p>\n<p><!-- \/divi:paragraph -->[\/et_pb_text][et_pb_text _builder_version=&#8221;4.23.1&#8243; _module_preset=&#8221;default&#8221; custom_margin=&#8221;55px||||false|false&#8221; hover_enabled=&#8221;0&#8243; global_colors_info=&#8221;{}&#8221; sticky_enabled=&#8221;0&#8243;]<\/p>\n<p>Tulalu !? s\u2019est associ\u00e9 avec la Limonade Litt\u00e9raire pour une lecture th\u00e9\u00e2tralis\u00e9e pour petits et grands (\u00e0 partir de 8 ans). Le rendez-vous \u00e9tait suivi d\u2019un go\u00fbter.<\/p>\n<p>[\/et_pb_text][\/et_pb_column][\/et_pb_row][et_pb_row column_structure=&#8221;1_2,1_2&#8243; _builder_version=&#8221;4.23.1&#8243; _module_preset=&#8221;default&#8221; global_colors_info=&#8221;{}&#8221;][et_pb_column type=&#8221;1_2&#8243; _builder_version=&#8221;4.22.1&#8243; _module_preset=&#8221;default&#8221; global_colors_info=&#8221;{}&#8221;][et_pb_image src=&#8221;https:\/\/tulalu.ch\/wp-content\/uploads\/2023\/08\/limonade-log.png&#8221; title_text=&#8221;limonade-log&#8221; show_in_lightbox=&#8221;on&#8221; align=&#8221;center&#8221; force_fullwidth=&#8221;on&#8221; _builder_version=&#8221;4.23.1&#8243; _module_preset=&#8221;default&#8221; global_colors_info=&#8221;{}&#8221;][\/et_pb_image][\/et_pb_column][et_pb_column type=&#8221;1_2&#8243; _builder_version=&#8221;4.23.1&#8243; _module_preset=&#8221;default&#8221; global_colors_info=&#8221;{}&#8221;][et_pb_image src=&#8221;https:\/\/tulalu.ch\/wp-content\/uploads\/2023\/11\/JMC1683NB-red-scaled.jpg&#8221; title_text=&#8221;_JMC1683NB r\u00e9d&#8221; _builder_version=&#8221;4.23.1&#8243; _module_preset=&#8221;default&#8221; global_colors_info=&#8221;{}&#8221;][\/et_pb_image][et_pb_text _builder_version=&#8221;4.23.1&#8243; _module_preset=&#8221;default&#8221; width=&#8221;100%&#8221; custom_margin=&#8221;-15px|||||&#8221; global_colors_info=&#8221;{}&#8221;]<\/p>\n<p>Philippine de Gr\u00e9a \u00a9 Jorge Cerqueira<\/p>\n<p>[\/et_pb_text][\/et_pb_column][\/et_pb_row][et_pb_row _builder_version=&#8221;4.19.4&#8243; _module_preset=&#8221;default&#8221; min_height=&#8221;371.2px&#8221; custom_margin=&#8221;|auto|-19px|auto||&#8221; custom_padding=&#8221;58px|||||&#8221; global_colors_info=&#8221;{}&#8221;][et_pb_column type=&#8221;4_4&#8243; _builder_version=&#8221;4.19.4&#8243; _module_preset=&#8221;default&#8221; global_colors_info=&#8221;{}&#8221;][et_pb_text _builder_version=&#8221;4.23.1&#8243; _module_preset=&#8221;default&#8221; custom_margin=&#8221;||-2px|||&#8221; hover_enabled=&#8221;0&#8243; global_colors_info=&#8221;{}&#8221; sticky_enabled=&#8221;0&#8243;]<\/p>\n<p>Le mercredi 13 d\u00e9cembre \u00e0 15 h 30 \u00e0 la Ferme des Tilleuls, \u00e0 Renens, Tulalu !? s\u2019est associ\u00e9 avec la Limonade Litt\u00e9raire pour une lecture th\u00e9\u00e2tralis\u00e9e pour petits et grands (\u00e0 partir de 8 ans). La rencontre a r\u00e9uni l\u2019autrice de livres de jeunesse Philippine de Gr\u00e9a et la conteuse Vi Indiga\u00efa. Le rendez-vous \u00e9tait suivi d\u2019une s\u00e9ance de d\u00e9dicaces et d\u2019un go\u00fbter.<\/p>\n<p>Cr\u00e9\u00e9e en 2019, l&#8217;association La Limonade Litt\u00e9raire a pour but d&#8217;organiser des lectures th\u00e9\u00e2tralis\u00e9es pour enfants dans des caf\u00e9s\/restaurants. Elle fait appel \u00e0 des com\u00e9dien.ne.s professionnel.le.s et tente de privil\u00e9gier les collaborations avec les \u00e9diteurs romands pour la jeunesse.<\/p>\n<p>Pour sa lecture, Vi Indiga\u00efa s&#8217;est inspir\u00e9e du 2\u00e8me tome de la s\u00e9rie historique Auzou Suisse \u00ab Marguerite et Madame de Sta\u00ebl \u00bb de Philippine de Gr\u00e9a.<\/p>\n<p>Finaliste du prix du Jeune Ecrivain et de plusieurs autres prix litt\u00e9raires, Philippine de Gr\u00e9a a publi\u00e9 avec Auzou Suisse divers romans jeunesse qui refl\u00e8tent ses passions : l\u2019histoire avec Marguerite et Madame de Sta\u00ebl, la science avec <em>Collision au Cern<\/em>, dans la s\u00e9rie \u00ab\u00a0Frissons Suisses\u00a0\u00bb, ainsi que l\u2019\u00e9quitation avec sa s\u00e9rie \u00ab\u00a0Les Chevaux d\u2019Avenches\u00a0\u00bb.<\/p>\n<p>Quant \u00e0 la conteuse, Vi Indiga\u00efa, la vie l&#8217;a pos\u00e9e en Martinique, puis son c\u0153ur a men\u00e9 ses pieds par-del\u00e0 les mers. Apr\u00e8s un cursus universitaire, l\u2019artistique s\u2019impose : formations de th\u00e9\u00e2tre, danse, chant, cirque. Pour elle, les Arts du r\u00e9cit sont le squelette, la chair et le c\u0153ur de notre humanit\u00e9 : un espace de libert\u00e9 o\u00f9 convoquer ses racines sans y \u00eatre encha\u00een\u00e9e. Le corps danse et raconte avec la voix parl\u00e9e, parfois chant\u00e9e. Son r\u00e9pertoire est tiss\u00e9 de cr\u00e9ations avec une touche surr\u00e9aliste, de contes traditionnels de partout, de r\u00e9cits de vie. Et du rire d&#8217;une humanit\u00e9 \u00e0 vif qui renverse le chaos.<\/p>\n<p>Le tome 2 de la s\u00e9rie \u00ab\u00a0Marguerite et Madame de Sta\u00ebl\u00a0\u00bb s\u2019intitule <em>Le rescap\u00e9 du lac<\/em> (Auzou, 2021). La s\u00e9rie raconte les aventures de Marguerite, jeune fille souffrant d&#8217;amn\u00e9sie partielle. L\u2019h\u00e9ro\u00efne est accueillie dans la demeure des Necker, les parents de Germaine de Sta\u00ebl, en 1790. Germaine la prend sous sa protection et tente d&#8217;en savoir plus sur ses myst\u00e9rieuses origines. Dans le deuxi\u00e8me tome, on est en 1791. L\u00e9once, un jeune homme menac\u00e9 par la R\u00e9volution fran\u00e7aise se cache \u00e0 Coppet et tente de trouver un moyen de sauver sa famille des pers\u00e9cutions. Marguerite et Madame de Sta\u00ebl feront tout pour lui venir en aide. Cette qu\u00eate conduira L\u00e9once jusqu\u2019en Gruy\u00e8re tandis que Marguerite et Madame de Sta\u00ebl r\u00e9aliseront que la famille de Marguerite n&#8217;est peut-\u00eatre pas aussi loin qu&#8217;elles le pensaient&#8230; Les dessins \u00e9labor\u00e9s dans l\u2019album sont de Chlo\u00e9 Dijon.<\/p>\n<p>[\/et_pb_text][\/et_pb_column][\/et_pb_row][et_pb_row _builder_version=&#8221;4.23.1&#8243; _module_preset=&#8221;default&#8221; column_structure=&#8221;1_4,1_4,1_4,1_4&#8243;][et_pb_column _builder_version=&#8221;4.23.1&#8243; _module_preset=&#8221;default&#8221; type=&#8221;1_4&#8243;][et_pb_image src=&#8221;https:\/\/tulalu.ch\/wp-content\/uploads\/2023\/12\/DSC2995-scaled.jpg&#8221; _builder_version=&#8221;4.23.1&#8243; _module_preset=&#8221;default&#8221; title_text=&#8221;_DSC2995&#8243; hover_enabled=&#8221;0&#8243; sticky_enabled=&#8221;0&#8243; show_in_lightbox=&#8221;on&#8221;][\/et_pb_image][\/et_pb_column][et_pb_column _builder_version=&#8221;4.23.1&#8243; _module_preset=&#8221;default&#8221; type=&#8221;1_4&#8243;][et_pb_image src=&#8221;https:\/\/tulalu.ch\/wp-content\/uploads\/2023\/12\/DSC2991-scaled.jpg&#8221; _builder_version=&#8221;4.23.1&#8243; _module_preset=&#8221;default&#8221; title_text=&#8221;_DSC2991&#8243; show_in_lightbox=&#8221;on&#8221; hover_enabled=&#8221;0&#8243; sticky_enabled=&#8221;0&#8243;][\/et_pb_image][\/et_pb_column][et_pb_column _builder_version=&#8221;4.23.1&#8243; _module_preset=&#8221;default&#8221; type=&#8221;1_4&#8243;][et_pb_image src=&#8221;https:\/\/tulalu.ch\/wp-content\/uploads\/2023\/12\/DSC3007-scaled.jpg&#8221; _builder_version=&#8221;4.23.1&#8243; _module_preset=&#8221;default&#8221; title_text=&#8221;_DSC3007&#8243; show_in_lightbox=&#8221;on&#8221; hover_enabled=&#8221;0&#8243; sticky_enabled=&#8221;0&#8243;][\/et_pb_image][\/et_pb_column][et_pb_column _builder_version=&#8221;4.23.1&#8243; _module_preset=&#8221;default&#8221; type=&#8221;1_4&#8243;][et_pb_image src=&#8221;https:\/\/tulalu.ch\/wp-content\/uploads\/2023\/12\/DSC3009-scaled.jpg&#8221; _builder_version=&#8221;4.23.1&#8243; _module_preset=&#8221;default&#8221; title_text=&#8221;_DSC3009&#8243; show_in_lightbox=&#8221;on&#8221; hover_enabled=&#8221;0&#8243; sticky_enabled=&#8221;0&#8243;][\/et_pb_image][\/et_pb_column][\/et_pb_row][et_pb_row _builder_version=&#8221;4.23.1&#8243; _module_preset=&#8221;default&#8221; column_structure=&#8221;1_2,1_2&#8243;][et_pb_column _builder_version=&#8221;4.23.1&#8243; _module_preset=&#8221;default&#8221; type=&#8221;1_2&#8243;][et_pb_image src=&#8221;https:\/\/tulalu.ch\/wp-content\/uploads\/2023\/12\/DSC3015-scaled.jpg&#8221; _builder_version=&#8221;4.23.1&#8243; _module_preset=&#8221;default&#8221; title_text=&#8221;_DSC3015&#8243; show_in_lightbox=&#8221;on&#8221; hover_enabled=&#8221;0&#8243; sticky_enabled=&#8221;0&#8243;][\/et_pb_image][\/et_pb_column][et_pb_column _builder_version=&#8221;4.23.1&#8243; _module_preset=&#8221;default&#8221; type=&#8221;1_2&#8243;][et_pb_image src=&#8221;https:\/\/tulalu.ch\/wp-content\/uploads\/2023\/12\/DSC3029-scaled.jpg&#8221; _builder_version=&#8221;4.23.1&#8243; _module_preset=&#8221;default&#8221; title_text=&#8221;_DSC3029&#8243; show_in_lightbox=&#8221;on&#8221; hover_enabled=&#8221;0&#8243; sticky_enabled=&#8221;0&#8243;][\/et_pb_image][\/et_pb_column][\/et_pb_row][et_pb_row _builder_version=&#8221;4.23.1&#8243; _module_preset=&#8221;default&#8221;][et_pb_column _builder_version=&#8221;4.23.1&#8243; _module_preset=&#8221;default&#8221; type=&#8221;4_4&#8243;][et_pb_image src=&#8221;https:\/\/tulalu.ch\/wp-content\/uploads\/2023\/12\/DSC3040-scaled.jpg&#8221; _builder_version=&#8221;4.23.1&#8243; _module_preset=&#8221;default&#8221; title_text=&#8221;_DSC3040&#8243; show_in_lightbox=&#8221;on&#8221; hover_enabled=&#8221;0&#8243; sticky_enabled=&#8221;0&#8243;][\/et_pb_image][\/et_pb_column][\/et_pb_row][et_pb_row _builder_version=&#8221;4.23.1&#8243; _module_preset=&#8221;default&#8221; column_structure=&#8221;1_3,1_3,1_3&#8243;][et_pb_column _builder_version=&#8221;4.23.1&#8243; _module_preset=&#8221;default&#8221; type=&#8221;1_3&#8243;][et_pb_image src=&#8221;https:\/\/tulalu.ch\/wp-content\/uploads\/2023\/12\/DSC3030-scaled.jpg&#8221; _builder_version=&#8221;4.23.1&#8243; _module_preset=&#8221;default&#8221; title_text=&#8221;_DSC3030&#8243; show_in_lightbox=&#8221;on&#8221; hover_enabled=&#8221;0&#8243; sticky_enabled=&#8221;0&#8243;][\/et_pb_image][\/et_pb_column][et_pb_column _builder_version=&#8221;4.23.1&#8243; _module_preset=&#8221;default&#8221; type=&#8221;1_3&#8243;][et_pb_image src=&#8221;https:\/\/tulalu.ch\/wp-content\/uploads\/2023\/12\/DSC3023-scaled.jpg&#8221; _builder_version=&#8221;4.23.1&#8243; _module_preset=&#8221;default&#8221; title_text=&#8221;_DSC3023&#8243; show_in_lightbox=&#8221;on&#8221; hover_enabled=&#8221;0&#8243; sticky_enabled=&#8221;0&#8243;][\/et_pb_image][\/et_pb_column][et_pb_column _builder_version=&#8221;4.23.1&#8243; _module_preset=&#8221;default&#8221; type=&#8221;1_3&#8243;][et_pb_image src=&#8221;https:\/\/tulalu.ch\/wp-content\/uploads\/2023\/12\/DSC3059-scaled.jpg&#8221; _builder_version=&#8221;4.23.1&#8243; _module_preset=&#8221;default&#8221; title_text=&#8221;_DSC3059&#8243; show_in_lightbox=&#8221;on&#8221; hover_enabled=&#8221;0&#8243; sticky_enabled=&#8221;0&#8243;][\/et_pb_image][\/et_pb_column][\/et_pb_row][et_pb_row _builder_version=&#8221;4.23.1&#8243; _module_preset=&#8221;default&#8221;][et_pb_column _builder_version=&#8221;4.23.1&#8243; _module_preset=&#8221;default&#8221; type=&#8221;4_4&#8243;][et_pb_text _builder_version=&#8221;4.23.1&#8243; _module_preset=&#8221;default&#8221; hover_enabled=&#8221;0&#8243; sticky_enabled=&#8221;0&#8243;]<\/p>\n<p>Merci \u00e0 La Limonade Litt\u00e9raire pour les photos suivantes.<br \/>\u00a9La Limonade Litt\u00e9raire<\/p>\n<p>[\/et_pb_text][\/et_pb_column][\/et_pb_row][et_pb_row _builder_version=&#8221;4.23.1&#8243; _module_preset=&#8221;default&#8221; custom_margin=&#8221;-36px|auto||auto||&#8221; min_height=&#8221;635.4px&#8221;][et_pb_column _builder_version=&#8221;4.23.1&#8243; _module_preset=&#8221;default&#8221; type=&#8221;4_4&#8243;][et_pb_image src=&#8221;https:\/\/tulalu.ch\/wp-content\/uploads\/2023\/12\/IMG_3041-scaled.jpg&#8221; _builder_version=&#8221;4.23.1&#8243; _module_preset=&#8221;default&#8221; title_text=&#8221;IMG_3041&#8243; show_in_lightbox=&#8221;on&#8221; hover_enabled=&#8221;0&#8243; sticky_enabled=&#8221;0&#8243;][\/et_pb_image][\/et_pb_column][\/et_pb_row][et_pb_row _builder_version=&#8221;4.23.1&#8243; _module_preset=&#8221;default&#8221; column_structure=&#8221;1_2,1_2&#8243;][et_pb_column _builder_version=&#8221;4.23.1&#8243; _module_preset=&#8221;default&#8221; type=&#8221;1_2&#8243;][et_pb_image src=&#8221;https:\/\/tulalu.ch\/wp-content\/uploads\/2023\/12\/IMG_3046-scaled.jpg&#8221; _builder_version=&#8221;4.23.1&#8243; _module_preset=&#8221;default&#8221; title_text=&#8221;IMG_3046&#8243; show_in_lightbox=&#8221;on&#8221; hover_enabled=&#8221;0&#8243; sticky_enabled=&#8221;0&#8243;][\/et_pb_image][\/et_pb_column][et_pb_column _builder_version=&#8221;4.23.1&#8243; _module_preset=&#8221;default&#8221; type=&#8221;1_2&#8243;][et_pb_image src=&#8221;https:\/\/tulalu.ch\/wp-content\/uploads\/2023\/12\/IMG_3064-scaled.jpg&#8221; _builder_version=&#8221;4.23.1&#8243; _module_preset=&#8221;default&#8221; title_text=&#8221;IMG_3064&#8243; show_in_lightbox=&#8221;on&#8221; hover_enabled=&#8221;0&#8243; sticky_enabled=&#8221;0&#8243;][\/et_pb_image][\/et_pb_column][\/et_pb_row][\/et_pb_section]<\/p>\n","protected":false},"excerpt":{"rendered":"<p>Mercredi 13 d\u00e9cembre 2023, 15 h 30<br \/>\nTulalu !? s\u2019associe avec la Limonade litt\u00e9raire pour une lecture th\u00e9\u00e2tralis\u00e9e pour petits et grands (\u00e0 partir de 8 ans). Le rendez-vous est suivi d\u2019un go\u00fbter. &#8230;<\/p>\n","protected":false},"author":2,"featured_media":1408,"comment_status":"open","ping_status":"open","sticky":false,"template":"","format":"standard","meta":{"_et_pb_use_builder":"on","_et_pb_old_content":"","_et_gb_content_width":"","footnotes":""},"categories":[5],"tags":[],"class_list":["post-1294","post","type-post","status-publish","format-standard","has-post-thumbnail","hentry","category-rencontres-passees"],"_links":{"self":[{"href":"https:\/\/tulalu.ch\/index.php?rest_route=\/wp\/v2\/posts\/1294","targetHints":{"allow":["GET"]}}],"collection":[{"href":"https:\/\/tulalu.ch\/index.php?rest_route=\/wp\/v2\/posts"}],"about":[{"href":"https:\/\/tulalu.ch\/index.php?rest_route=\/wp\/v2\/types\/post"}],"author":[{"embeddable":true,"href":"https:\/\/tulalu.ch\/index.php?rest_route=\/wp\/v2\/users\/2"}],"replies":[{"embeddable":true,"href":"https:\/\/tulalu.ch\/index.php?rest_route=%2Fwp%2Fv2%2Fcomments&post=1294"}],"version-history":[{"count":19,"href":"https:\/\/tulalu.ch\/index.php?rest_route=\/wp\/v2\/posts\/1294\/revisions"}],"predecessor-version":[{"id":1465,"href":"https:\/\/tulalu.ch\/index.php?rest_route=\/wp\/v2\/posts\/1294\/revisions\/1465"}],"wp:featuredmedia":[{"embeddable":true,"href":"https:\/\/tulalu.ch\/index.php?rest_route=\/wp\/v2\/media\/1408"}],"wp:attachment":[{"href":"https:\/\/tulalu.ch\/index.php?rest_route=%2Fwp%2Fv2%2Fmedia&parent=1294"}],"wp:term":[{"taxonomy":"category","embeddable":true,"href":"https:\/\/tulalu.ch\/index.php?rest_route=%2Fwp%2Fv2%2Fcategories&post=1294"},{"taxonomy":"post_tag","embeddable":true,"href":"https:\/\/tulalu.ch\/index.php?rest_route=%2Fwp%2Fv2%2Ftags&post=1294"}],"curies":[{"name":"wp","href":"https:\/\/api.w.org\/{rel}","templated":true}]}}