{"id":1470,"date":"2024-01-10T08:26:49","date_gmt":"2024-01-10T08:26:49","guid":{"rendered":"https:\/\/tulalu.ch\/?p=1470"},"modified":"2025-08-22T16:53:07","modified_gmt":"2025-08-22T16:53:07","slug":"rencontre-avec-bastien-roubaty","status":"publish","type":"post","link":"https:\/\/tulalu.ch\/?p=1470","title":{"rendered":"Rencontre avec Bastien Roubaty"},"content":{"rendered":"\n[et_pb_section fb_built=&#8221;1&#8243; admin_label=&#8221;section&#8221; _builder_version=&#8221;4.16&#8243; global_colors_info=&#8221;{}&#8221;][et_pb_row admin_label=&#8221;row&#8221; _builder_version=&#8221;4.16&#8243; background_size=&#8221;initial&#8221; background_position=&#8221;top_left&#8221; background_repeat=&#8221;repeat&#8221; min_height=&#8221;399px&#8221; custom_margin=&#8221;|auto|-98px|auto||&#8221; custom_padding=&#8221;14px||0px|||&#8221; global_colors_info=&#8221;{}&#8221;][et_pb_column type=&#8221;4_4&#8243; _builder_version=&#8221;4.16&#8243; custom_padding=&#8221;|||&#8221; global_colors_info=&#8221;{}&#8221; custom_padding__hover=&#8221;|||&#8221;][et_pb_text admin_label=&#8221;Text&#8221; _builder_version=&#8221;4.22.2&#8243; background_size=&#8221;initial&#8221; background_position=&#8221;top_left&#8221; background_repeat=&#8221;repeat&#8221; min_height=&#8221;129px&#8221; custom_padding=&#8221;||0px|||&#8221; global_colors_info=&#8221;{}&#8221;]<!-- divi:paragraph -->\n<p><span style=\"color: #000080;\"><strong>Lundi 19 f\u00e9vrier 2024, 19 h<\/strong><\/span><\/p>\n<p>&nbsp;<\/p>\n<p><em>Caf\u00e9 du Loup, Parc du Loup 3, 1018 Lausanne<\/em><\/p>\n<p><em><span style=\"color: #666666;\"><span style=\"font-size: medium;\">Il est recommand\u00e9 de s&#8217;inscrire aux \u00e9v\u00e9nements \u00e0 l&#8217;adresse mail suivante : <a href=\"mailto:info@tulalu.ch\">info@tulalu.ch<\/a> ! Les places peuvent \u00eatre limit\u00e9es.<\/span><\/span><\/em><\/p>\n<p>&nbsp;<\/p>\n<p>&nbsp;<\/p>\n<p>&nbsp;<\/p>\n<!-- \/divi:paragraph -->[\/et_pb_text][et_pb_text _builder_version=&#8221;4.24.0&#8243; _module_preset=&#8221;default&#8221; custom_margin=&#8221;55px||||false|false&#8221; global_colors_info=&#8221;{}&#8221;]<p>Soir\u00e9e au cirque avec Bastien Roubaty et <em>Le Gar\u00e7on-l\u00e9opard <\/em>(PLF \u00e9ditions, 2022). Adeline M\u00e9lo est venue avec sa clarinette et Alexandre Berto a pos\u00e9 les questions.<\/p>\n<p>&nbsp;<\/p>[\/et_pb_text][\/et_pb_column][\/et_pb_row][et_pb_row _builder_version=&#8221;4.22.1&#8243; _module_preset=&#8221;default&#8221; global_colors_info=&#8221;{}&#8221;][et_pb_column type=&#8221;4_4&#8243; _builder_version=&#8221;4.22.1&#8243; _module_preset=&#8221;default&#8221; global_colors_info=&#8221;{}&#8221;][et_pb_image src=&#8221;https:\/\/tulalu.ch\/wp-content\/uploads\/2024\/01\/Bastien-Roubaty-BAS22_GarconLeo_P1167083_Simon_Jobin-scaled.jpg&#8221; title_text=&#8221;Bastien Roubaty BAS22_GarconLeo_P1167083_Simon_Jobin&#8221; show_in_lightbox=&#8221;on&#8221; align=&#8221;center&#8221; _builder_version=&#8221;4.23.4&#8243; _module_preset=&#8221;default&#8221; width=&#8221;46%&#8221; global_colors_info=&#8221;{}&#8221;][\/et_pb_image][et_pb_text _builder_version=&#8221;4.23.4&#8243; _module_preset=&#8221;default&#8221; global_colors_info=&#8221;{}&#8221;]<p style=\"text-align: center;\">\u00a9 Simon Jobin<\/p>[\/et_pb_text][\/et_pb_column][\/et_pb_row][et_pb_row _builder_version=&#8221;4.24.0&#8243; _module_preset=&#8221;default&#8221;][et_pb_column _builder_version=&#8221;4.24.0&#8243; _module_preset=&#8221;default&#8221; type=&#8221;4_4&#8243;][et_pb_audio audio=&#8221;https:\/\/tulalu.ch\/wp-content\/uploads\/2024\/02\/TULALU-19-02-2024-Bastien-Roubaty-au-cafe-du-Loup-reduit.mp3&#8243; title=&#8221;Rencontre avec Bastien Roubaty anim\u00e9e par Alexandre Berto&#8221; artist_name=&#8221;Tulalu!?&#8221; album_name=&#8221;Prise de son r\u00e9alis\u00e9e par Jean-Claude Renou&#8221; _builder_version=&#8221;4.24.0&#8243; _module_preset=&#8221;default&#8221; title_text_color=&#8221;#000000&#8243; caption_font=&#8221;|600|||||||&#8221; background_color=&#8221;rgba(126,190,197,0.36)&#8221; background_image=&#8221;https:\/\/tulalu.ch\/wp-content\/uploads\/2024\/02\/PXL_20240219_181751149-scaled.jpg&#8221; background_blend=&#8221;color-dodge&#8221; hover_enabled=&#8221;0&#8243; title_text_shadow_style=&#8221;preset2&#8243; title_text_shadow_horizontal_length=&#8221;0em&#8221; title_text_shadow_vertical_length=&#8221;0em&#8221; title_text_shadow_blur_strength=&#8221;0.59em&#8221; title_text_shadow_color=&#8221;#FFFFFF&#8221; caption_text_shadow_style=&#8221;preset3&#8243; text_shadow_style=&#8221;preset5&#8243; text_shadow_horizontal_length=&#8221;0em&#8221; global_colors_info=&#8221;{}&#8221; locked=&#8221;off&#8221; title_text=&#8221;PXL_20240219_181751149&#8243; sticky_enabled=&#8221;0&#8243;][\/et_pb_audio][\/et_pb_column][\/et_pb_row][et_pb_row _builder_version=&#8221;4.24.0&#8243; _module_preset=&#8221;default&#8221; global_colors_info=&#8221;{}&#8221;][et_pb_column type=&#8221;4_4&#8243; _builder_version=&#8221;4.24.0&#8243; _module_preset=&#8221;default&#8221; global_colors_info=&#8221;{}&#8221;][et_pb_image src=&#8221;https:\/\/tulalu.ch\/wp-content\/uploads\/2024\/02\/PXL_20240219_180003877.MP_-scaled.jpg&#8221; title_text=&#8221;PXL_20240219_180003877.MP&#8221; show_in_lightbox=&#8221;on&#8221; _builder_version=&#8221;4.24.0&#8243; _module_preset=&#8221;default&#8221; global_colors_info=&#8221;{}&#8221;][\/et_pb_image][\/et_pb_column][\/et_pb_row][et_pb_row _builder_version=&#8221;4.19.4&#8243; _module_preset=&#8221;default&#8221; min_height=&#8221;371.2px&#8221; custom_margin=&#8221;|auto|-19px|auto||&#8221; custom_padding=&#8221;58px|||||&#8221; global_colors_info=&#8221;{}&#8221;][et_pb_column type=&#8221;4_4&#8243; _builder_version=&#8221;4.19.4&#8243; _module_preset=&#8221;default&#8221; global_colors_info=&#8221;{}&#8221;][et_pb_text _builder_version=&#8221;4.23.4&#8243; _module_preset=&#8221;default&#8221; custom_margin=&#8221;||-203px|||&#8221; global_colors_info=&#8221;{}&#8221;]<p><strong>Bastien Roubaty<\/strong> est n\u00e9 dans le canton de Fribourg en 1993. Il passe son enfance \u00e0 remplir des carnets de dessins et d\u2019histoires avant de publier ses premiers \u00e9crits dans la revue L\u2019\u00c9p\u00eetre. Son premier roman <em>Les Caract\u00e8res<\/em> (PLF, 2016) est finaliste du Roman des Romands et du Prix Bibliomedia. Le second, <em>Apr\u00e8s Saturne<\/em> (PLF, 2019), se voit attribuer la bourse d\u2019encouragement \u00e0 l\u2019\u00e9criture de L\u2019Etat de Fribourg., qui lui permet de r\u00e9diger<em> Le gar\u00e7on-l\u00e9opard <\/em>(PLF, 2022). Il a \u00e9galement exp\u00e9riment\u00e9 le th\u00e9\u00e2tre avec une pi\u00e8ce pour enfants non-publi\u00e9e, <em>Le Royaume des Crayons de Couleur<\/em>, la po\u00e9sie et la nouvelle.<\/p>\n<p><em>Le gar\u00e7on-l\u00e9opard<\/em> raconte l\u2019histoire du cirque Van Ornum et de sa survie \u00e9conomique, \u00e0 travers les yeux d\u2019un jeune homme, Bertil, fils du comptable et \u00e9merveill\u00e9 par l\u2019univers artistique dans lequel il grandit. C\u2019est un roman d\u2019apprentissage qui raconte le passage de l\u2019adolescence \u00e0 l\u2019\u00e2ge adulte du h\u00e9ros, qui touche \u00e9galement bien d\u2019autres th\u00e9matiques sensibles comme la d\u00e9couverte de la sexualit\u00e9, la magie de l\u2019art ou encore la condition des artistes.<\/p>\n<p>Pour cr\u00e9er le personnage principal, Bastien Roubaty confie avoir beaucoup puis\u00e9 dans son exp\u00e9rience personnelle. Il s&#8217;est notamment inspir\u00e9 du fait que ses grands-parents ont h\u00e9sit\u00e9 \u00e0 faire partie du cirque Knie au d\u00e9but de leur vie.<\/p>\n<p>&nbsp;<\/p>\n<p>Apr\u00e8s une formation de sp\u00e9cialiste en information documentaire, biblioth\u00e9caire \u00e0 Lausanne depuis 2015, <strong>Alexandre Berto<\/strong> est aujourd\u2019hui responsable de la biblioth\u00e8que de la Sallaz. Il a \u00e0 c\u0153ur de mettre les publics au centre de la m\u00e9diation de ce lieu d\u2019accueil. Grand lecteur de litt\u00e9rature romande, il se fait un plaisir de pouvoir \u00e9changer sur ses lectures et poursuit cet engagement en tant que membre du Comit\u00e9 Tulalu\u00a0!?, membre du jury du Prix Bibliomedia et en participant \u00e0 la s\u00e9lection du Prix du livre de la Ville de Lausanne.<\/p>\n<p><strong>\u00a0<\/strong><\/p>\n<p><strong>Adeline M\u00e9lo <\/strong>est clarinettiste. Elle entre en 2010 au Conservatoire de Lyon dans la classe de Jean-Louis Bergerard. En 2013, elle est admise dans celle de Fre\u0301de\u0301ric Rapin a\u0300 la HEMu de Lausanne. Elle y obtient son Bachelor en 2016, suivi d\u2019un Master en p\u00e9dagogie avec un prix en 2018.\u00a0<\/p>\n<p>Elle s\u2019int\u00e9resse non seulement \u00e0 la musique classique, mais aussi \u00e0 la musique klezmer, au jazz et \u00e0 diverses pratiques d\u2019improvisation. Gra\u0302ce a\u0300 diffe\u0301rents projets et masterclasses, elle s\u2019est perfectionne\u0301e avec des mai\u0302tres comme Gabriele Mirabassi, Erik Truffaz ou encore Igor Polesitsky.<\/p>\n<p>Elle enseigne dans diverses e\u0301coles de musique en France et en Suisse. Elle intervient aussi a\u0300 des colloques internationaux de recherche en pe\u0301dagogie musicale o\u00f9 elle a notamment pr\u00e9sent\u00e9 sa recherche autour du lien entre musique et arts martiaux. Depuis 2019, elle dirige l\u2019ensemble Los Pepinos de Gimel.<\/p>\n<p>&nbsp;<\/p>\n<p>&nbsp;<\/p>\n<p>&nbsp;<\/p>\n<p>&nbsp;<\/p>\n<p>&nbsp;<\/p>\n<p>&nbsp;<\/p>[\/et_pb_text][\/et_pb_column][\/et_pb_row][et_pb_row column_structure=&#8221;1_2,1_2&#8243; _builder_version=&#8221;4.24.0&#8243; _module_preset=&#8221;default&#8221; global_colors_info=&#8221;{}&#8221;][et_pb_column type=&#8221;1_2&#8243; _builder_version=&#8221;4.24.0&#8243; _module_preset=&#8221;default&#8221; global_colors_info=&#8221;{}&#8221;][et_pb_image src=&#8221;https:\/\/tulalu.ch\/wp-content\/uploads\/2024\/02\/DSC3127-scaled.jpg&#8221; title_text=&#8221;_DSC3127&#8243; show_in_lightbox=&#8221;on&#8221; _builder_version=&#8221;4.24.0&#8243; _module_preset=&#8221;default&#8221; global_colors_info=&#8221;{}&#8221;][\/et_pb_image][\/et_pb_column][et_pb_column type=&#8221;1_2&#8243; _builder_version=&#8221;4.24.0&#8243; _module_preset=&#8221;default&#8221; global_colors_info=&#8221;{}&#8221;][et_pb_image src=&#8221;https:\/\/tulalu.ch\/wp-content\/uploads\/2024\/02\/DSC3114-scaled.jpg&#8221; title_text=&#8221;_DSC3114&#8243; show_in_lightbox=&#8221;on&#8221; _builder_version=&#8221;4.24.0&#8243; _module_preset=&#8221;default&#8221; global_colors_info=&#8221;{}&#8221;][\/et_pb_image][\/et_pb_column][\/et_pb_row][et_pb_row column_structure=&#8221;1_3,1_3,1_3&#8243; _builder_version=&#8221;4.24.0&#8243; _module_preset=&#8221;default&#8221; global_colors_info=&#8221;{}&#8221;][et_pb_column type=&#8221;1_3&#8243; _builder_version=&#8221;4.24.0&#8243; _module_preset=&#8221;default&#8221; global_colors_info=&#8221;{}&#8221;][et_pb_image src=&#8221;https:\/\/tulalu.ch\/wp-content\/uploads\/2024\/02\/PXL_20240219_171620094.MP_-scaled.jpg&#8221; title_text=&#8221;PXL_20240219_171620094.MP&#8221; show_in_lightbox=&#8221;on&#8221; _builder_version=&#8221;4.24.0&#8243; _module_preset=&#8221;default&#8221; global_colors_info=&#8221;{}&#8221;][\/et_pb_image][\/et_pb_column][et_pb_column type=&#8221;1_3&#8243; _builder_version=&#8221;4.24.0&#8243; _module_preset=&#8221;default&#8221; global_colors_info=&#8221;{}&#8221;][et_pb_image src=&#8221;https:\/\/tulalu.ch\/wp-content\/uploads\/2024\/02\/DSC3137-1-scaled.jpg&#8221; title_text=&#8221;_DSC3137&#8243; show_in_lightbox=&#8221;on&#8221; _builder_version=&#8221;4.24.0&#8243; _module_preset=&#8221;default&#8221; global_colors_info=&#8221;{}&#8221;][\/et_pb_image][\/et_pb_column][et_pb_column type=&#8221;1_3&#8243; _builder_version=&#8221;4.24.0&#8243; _module_preset=&#8221;default&#8221; global_colors_info=&#8221;{}&#8221;][et_pb_image src=&#8221;https:\/\/tulalu.ch\/wp-content\/uploads\/2024\/02\/PXL_20240219_175916368.MP_-scaled.jpg&#8221; title_text=&#8221;PXL_20240219_175916368.MP&#8221; show_in_lightbox=&#8221;on&#8221; _builder_version=&#8221;4.24.0&#8243; _module_preset=&#8221;default&#8221; global_colors_info=&#8221;{}&#8221;][\/et_pb_image][\/et_pb_column][\/et_pb_row][et_pb_row column_structure=&#8221;1_2,1_2&#8243; _builder_version=&#8221;4.24.0&#8243; _module_preset=&#8221;default&#8221; global_colors_info=&#8221;{}&#8221;][et_pb_column type=&#8221;1_2&#8243; _builder_version=&#8221;4.24.0&#8243; _module_preset=&#8221;default&#8221; global_colors_info=&#8221;{}&#8221;][et_pb_image src=&#8221;https:\/\/tulalu.ch\/wp-content\/uploads\/2024\/02\/DSC3100-scaled.jpg&#8221; title_text=&#8221;_DSC3100&#8243; show_in_lightbox=&#8221;on&#8221; _builder_version=&#8221;4.24.0&#8243; _module_preset=&#8221;default&#8221; global_colors_info=&#8221;{}&#8221;][\/et_pb_image][\/et_pb_column][et_pb_column type=&#8221;1_2&#8243; _builder_version=&#8221;4.24.0&#8243; _module_preset=&#8221;default&#8221; global_colors_info=&#8221;{}&#8221;][et_pb_image src=&#8221;https:\/\/tulalu.ch\/wp-content\/uploads\/2024\/02\/PXL_20240219_181751149-scaled.jpg&#8221; title_text=&#8221;PXL_20240219_181751149&#8243; show_in_lightbox=&#8221;on&#8221; _builder_version=&#8221;4.24.0&#8243; _module_preset=&#8221;default&#8221; global_colors_info=&#8221;{}&#8221;][\/et_pb_image][\/et_pb_column][\/et_pb_row][et_pb_row column_structure=&#8221;1_3,1_3,1_3&#8243; _builder_version=&#8221;4.24.0&#8243; _module_preset=&#8221;default&#8221; global_colors_info=&#8221;{}&#8221;][et_pb_column type=&#8221;1_3&#8243; _builder_version=&#8221;4.24.0&#8243; _module_preset=&#8221;default&#8221; global_colors_info=&#8221;{}&#8221;][et_pb_image src=&#8221;https:\/\/tulalu.ch\/wp-content\/uploads\/2024\/02\/PXL_20240219_183504450-scaled.jpg&#8221; title_text=&#8221;PXL_20240219_183504450&#8243; show_in_lightbox=&#8221;on&#8221; _builder_version=&#8221;4.24.0&#8243; _module_preset=&#8221;default&#8221; global_colors_info=&#8221;{}&#8221;][\/et_pb_image][\/et_pb_column][et_pb_column type=&#8221;1_3&#8243; _builder_version=&#8221;4.24.0&#8243; _module_preset=&#8221;default&#8221; global_colors_info=&#8221;{}&#8221;][et_pb_image src=&#8221;https:\/\/tulalu.ch\/wp-content\/uploads\/2024\/02\/PXL_20240219_180632340-scaled.jpg&#8221; title_text=&#8221;PXL_20240219_180632340&#8243; show_in_lightbox=&#8221;on&#8221; _builder_version=&#8221;4.24.0&#8243; _module_preset=&#8221;default&#8221; global_colors_info=&#8221;{}&#8221;][\/et_pb_image][\/et_pb_column][et_pb_column type=&#8221;1_3&#8243; _builder_version=&#8221;4.24.0&#8243; _module_preset=&#8221;default&#8221; global_colors_info=&#8221;{}&#8221;][et_pb_image src=&#8221;https:\/\/tulalu.ch\/wp-content\/uploads\/2024\/02\/PXL_20240219_181928653-scaled.jpg&#8221; title_text=&#8221;PXL_20240219_181928653&#8243; show_in_lightbox=&#8221;on&#8221; _builder_version=&#8221;4.24.0&#8243; _module_preset=&#8221;default&#8221; global_colors_info=&#8221;{}&#8221;][\/et_pb_image][\/et_pb_column][\/et_pb_row][et_pb_row _builder_version=&#8221;4.24.0&#8243; _module_preset=&#8221;default&#8221; global_colors_info=&#8221;{}&#8221;][et_pb_column type=&#8221;4_4&#8243; _builder_version=&#8221;4.24.0&#8243; _module_preset=&#8221;default&#8221; global_colors_info=&#8221;{}&#8221;][et_pb_image src=&#8221;https:\/\/tulalu.ch\/wp-content\/uploads\/2024\/02\/DSC3148-scaled.jpg&#8221; title_text=&#8221;_DSC3148&#8243; show_in_lightbox=&#8221;on&#8221; _builder_version=&#8221;4.24.0&#8243; _module_preset=&#8221;default&#8221; global_colors_info=&#8221;{}&#8221;][\/et_pb_image][\/et_pb_column][\/et_pb_row][\/et_pb_section]\n","protected":false},"excerpt":{"rendered":"<p>Lundi 19 f\u00e9vrier 2024, 19 h<br \/>\nSoir\u00e9e au cirque avec Bastien Roubaty et &#8220;Le Gar\u00e7on-l\u00e9opard&#8221; (PLF \u00e9ditions, 2022). Adeline M\u00e9lo est venue avec sa clarinette et Alexandre Berto a pos\u00e9 les questions&#8230;<\/p>\n","protected":false},"author":2,"featured_media":1472,"comment_status":"open","ping_status":"open","sticky":false,"template":"","format":"standard","meta":{"_et_pb_use_builder":"on","_et_pb_old_content":"","_et_gb_content_width":"","footnotes":""},"categories":[5],"tags":[],"class_list":["post-1470","post","type-post","status-publish","format-standard","has-post-thumbnail","hentry","category-rencontres-passees"],"_links":{"self":[{"href":"https:\/\/tulalu.ch\/index.php?rest_route=\/wp\/v2\/posts\/1470","targetHints":{"allow":["GET"]}}],"collection":[{"href":"https:\/\/tulalu.ch\/index.php?rest_route=\/wp\/v2\/posts"}],"about":[{"href":"https:\/\/tulalu.ch\/index.php?rest_route=\/wp\/v2\/types\/post"}],"author":[{"embeddable":true,"href":"https:\/\/tulalu.ch\/index.php?rest_route=\/wp\/v2\/users\/2"}],"replies":[{"embeddable":true,"href":"https:\/\/tulalu.ch\/index.php?rest_route=%2Fwp%2Fv2%2Fcomments&post=1470"}],"version-history":[{"count":10,"href":"https:\/\/tulalu.ch\/index.php?rest_route=\/wp\/v2\/posts\/1470\/revisions"}],"predecessor-version":[{"id":2180,"href":"https:\/\/tulalu.ch\/index.php?rest_route=\/wp\/v2\/posts\/1470\/revisions\/2180"}],"wp:featuredmedia":[{"embeddable":true,"href":"https:\/\/tulalu.ch\/index.php?rest_route=\/wp\/v2\/media\/1472"}],"wp:attachment":[{"href":"https:\/\/tulalu.ch\/index.php?rest_route=%2Fwp%2Fv2%2Fmedia&parent=1470"}],"wp:term":[{"taxonomy":"category","embeddable":true,"href":"https:\/\/tulalu.ch\/index.php?rest_route=%2Fwp%2Fv2%2Fcategories&post=1470"},{"taxonomy":"post_tag","embeddable":true,"href":"https:\/\/tulalu.ch\/index.php?rest_route=%2Fwp%2Fv2%2Ftags&post=1470"}],"curies":[{"name":"wp","href":"https:\/\/api.w.org\/{rel}","templated":true}]}}