{"id":1485,"date":"2024-01-10T09:26:18","date_gmt":"2024-01-10T09:26:18","guid":{"rendered":"https:\/\/tulalu.ch\/?p=1485"},"modified":"2025-08-22T16:52:31","modified_gmt":"2025-08-22T16:52:31","slug":"rencontre-avec-reynald-freudiger","status":"publish","type":"post","link":"https:\/\/tulalu.ch\/?p=1485","title":{"rendered":"Rencontre avec Reynald Freudiger"},"content":{"rendered":"\n[et_pb_section fb_built=&#8221;1&#8243; admin_label=&#8221;section&#8221; _builder_version=&#8221;4.16&#8243; global_colors_info=&#8221;{}&#8221;][et_pb_row admin_label=&#8221;row&#8221; _builder_version=&#8221;4.16&#8243; background_size=&#8221;initial&#8221; background_position=&#8221;top_left&#8221; background_repeat=&#8221;repeat&#8221; min_height=&#8221;399px&#8221; custom_margin=&#8221;|auto|-98px|auto||&#8221; custom_padding=&#8221;14px||0px|||&#8221; global_colors_info=&#8221;{}&#8221;][et_pb_column type=&#8221;4_4&#8243; _builder_version=&#8221;4.16&#8243; custom_padding=&#8221;|||&#8221; global_colors_info=&#8221;{}&#8221; custom_padding__hover=&#8221;|||&#8221;][et_pb_text admin_label=&#8221;Text&#8221; _builder_version=&#8221;4.23.4&#8243; background_size=&#8221;initial&#8221; background_position=&#8221;top_left&#8221; background_repeat=&#8221;repeat&#8221; min_height=&#8221;129px&#8221; custom_padding=&#8221;||0px|||&#8221; global_colors_info=&#8221;{}&#8221;]<p><!-- divi:paragraph --><span style=\"color: #000080;\"><strong>Lundi 18 mars 2024, 19 h<\/strong><\/span><\/p>\n<p>\u00a0<em>Gymnase de Chamblandes, Caf\u00e9t\u00e9ria, B\u00e2timent A, Avenue des D\u00e9sertes 29, 1009 Pully<\/em><\/p>\n<p><em><span style=\"color: #666666;\"><span style=\"font-size: medium;\">Il est recommand\u00e9 de s&#8217;inscrire aux \u00e9v\u00e9nements \u00e0 l&#8217;adresse mail suivante : <a href=\"mailto:info@tulalu.ch\">info@tulalu.ch<\/a> ! Les places peuvent \u00eatre limit\u00e9es.<\/span><\/span><\/em><\/p>\n<p>&nbsp;<\/p>\n<p><!-- \/divi:paragraph --><\/p>[\/et_pb_text][et_pb_text _builder_version=&#8221;4.24.2&#8243; _module_preset=&#8221;default&#8221; custom_margin=&#8221;55px||||false|false&#8221; global_colors_info=&#8221;{}&#8221;]<p>Retour en classe avec Reynald Freudiger et <em>Vanit\u00e9<\/em> (Ed. de l\u2019Aire, 2022). Le rendez-vous a \u00e9t\u00e9 orchestr\u00e9 par des gymnasien.ne.s. Daniel Perez a jou\u00e9 des airs de bossa nova \u00e0 la guitare.<\/p>\n<p>&nbsp;<\/p>[\/et_pb_text][\/et_pb_column][\/et_pb_row][et_pb_row _builder_version=&#8221;4.22.1&#8243; _module_preset=&#8221;default&#8221; global_colors_info=&#8221;{}&#8221;][et_pb_column type=&#8221;4_4&#8243; _builder_version=&#8221;4.22.1&#8243; _module_preset=&#8221;default&#8221; global_colors_info=&#8221;{}&#8221;][et_pb_image src=&#8221;https:\/\/tulalu.ch\/wp-content\/uploads\/2024\/01\/Reynald-Freudiger_Portrait-par-Bastien-Galley-Bibliomedia-2023a-copie-scaled.jpg&#8221; title_text=&#8221;Reynald Freudiger_Portrait par Bastien Galley Bibliomedia 2023a copie&#8221; show_in_lightbox=&#8221;on&#8221; align=&#8221;center&#8221; _builder_version=&#8221;4.23.4&#8243; _module_preset=&#8221;default&#8221; width=&#8221;46%&#8221; global_colors_info=&#8221;{}&#8221;][\/et_pb_image][et_pb_text _builder_version=&#8221;4.23.4&#8243; _module_preset=&#8221;default&#8221; global_colors_info=&#8221;{}&#8221;]<p style=\"text-align: center;\">\u00a9 Bastien Galley Bibliomedia<\/p>[\/et_pb_text][\/et_pb_column][\/et_pb_row][et_pb_row _builder_version=&#8221;4.24.2&#8243; _module_preset=&#8221;default&#8221; column_structure=&#8221;1_2,1_2&#8243;][et_pb_column _builder_version=&#8221;4.24.2&#8243; _module_preset=&#8221;default&#8221; type=&#8221;1_2&#8243;][et_pb_image src=&#8221;https:\/\/tulalu.ch\/wp-content\/uploads\/2024\/04\/7b20f450-f171-49b6-ae81-ecd195f8b183.jpg&#8221; _builder_version=&#8221;4.24.2&#8243; _module_preset=&#8221;default&#8221; title_text=&#8221;7b20f450-f171-49b6-ae81-ecd195f8b183&#8243; show_in_lightbox=&#8221;on&#8221; hover_enabled=&#8221;0&#8243; sticky_enabled=&#8221;0&#8243;][\/et_pb_image][\/et_pb_column][et_pb_column _builder_version=&#8221;4.24.2&#8243; _module_preset=&#8221;default&#8221; type=&#8221;1_2&#8243;][et_pb_image src=&#8221;https:\/\/tulalu.ch\/wp-content\/uploads\/2024\/04\/c4d95db8-f274-4f89-adf4-52166d3effa9.jpg&#8221; _builder_version=&#8221;4.24.2&#8243; _module_preset=&#8221;default&#8221; title_text=&#8221;c4d95db8-f274-4f89-adf4-52166d3effa9&#8243; show_in_lightbox=&#8221;on&#8221; hover_enabled=&#8221;0&#8243; sticky_enabled=&#8221;0&#8243;][\/et_pb_image][\/et_pb_column][\/et_pb_row][et_pb_row _builder_version=&#8221;4.24.2&#8243; _module_preset=&#8221;default&#8221;][et_pb_column _builder_version=&#8221;4.24.2&#8243; _module_preset=&#8221;default&#8221; type=&#8221;4_4&#8243;][et_pb_image src=&#8221;https:\/\/tulalu.ch\/wp-content\/uploads\/2024\/04\/DSC3239-scaled.jpg&#8221; _builder_version=&#8221;4.24.2&#8243; _module_preset=&#8221;default&#8221; title_text=&#8221;_DSC3239&#8243; show_in_lightbox=&#8221;on&#8221; hover_enabled=&#8221;0&#8243; sticky_enabled=&#8221;0&#8243;][\/et_pb_image][\/et_pb_column][\/et_pb_row][et_pb_row _builder_version=&#8221;4.24.2&#8243; _module_preset=&#8221;default&#8221; column_structure=&#8221;1_2,1_2&#8243;][et_pb_column _builder_version=&#8221;4.24.2&#8243; _module_preset=&#8221;default&#8221; type=&#8221;1_2&#8243;][et_pb_image src=&#8221;https:\/\/tulalu.ch\/wp-content\/uploads\/2024\/04\/DSC3266-scaled.jpg&#8221; _builder_version=&#8221;4.24.2&#8243; _module_preset=&#8221;default&#8221; title_text=&#8221;_DSC3266&#8243; show_in_lightbox=&#8221;on&#8221; hover_enabled=&#8221;0&#8243; sticky_enabled=&#8221;0&#8243;][\/et_pb_image][\/et_pb_column][et_pb_column _builder_version=&#8221;4.24.2&#8243; _module_preset=&#8221;default&#8221; type=&#8221;1_2&#8243;][et_pb_image src=&#8221;https:\/\/tulalu.ch\/wp-content\/uploads\/2024\/04\/DSC3290-scaled.jpg&#8221; _builder_version=&#8221;4.24.2&#8243; _module_preset=&#8221;default&#8221; show_in_lightbox=&#8221;on&#8221; title_text=&#8221;_DSC3290&#8243; hover_enabled=&#8221;0&#8243; sticky_enabled=&#8221;0&#8243;][\/et_pb_image][\/et_pb_column][\/et_pb_row][et_pb_row _builder_version=&#8221;4.24.2&#8243; _module_preset=&#8221;default&#8221; column_structure=&#8221;1_2,1_2&#8243;][et_pb_column _builder_version=&#8221;4.24.2&#8243; _module_preset=&#8221;default&#8221; type=&#8221;1_2&#8243;][et_pb_image src=&#8221;https:\/\/tulalu.ch\/wp-content\/uploads\/2024\/04\/DSC3255-scaled.jpg&#8221; _builder_version=&#8221;4.24.2&#8243; _module_preset=&#8221;default&#8221; title_text=&#8221;_DSC3255&#8243; show_in_lightbox=&#8221;on&#8221; hover_enabled=&#8221;0&#8243; sticky_enabled=&#8221;0&#8243;][\/et_pb_image][\/et_pb_column][et_pb_column _builder_version=&#8221;4.24.2&#8243; _module_preset=&#8221;default&#8221; type=&#8221;1_2&#8243;][et_pb_image src=&#8221;https:\/\/tulalu.ch\/wp-content\/uploads\/2024\/04\/DSC3259-scaled.jpg&#8221; _builder_version=&#8221;4.24.2&#8243; _module_preset=&#8221;default&#8221; title_text=&#8221;_DSC3259&#8243; hover_enabled=&#8221;0&#8243; sticky_enabled=&#8221;0&#8243; show_in_lightbox=&#8221;on&#8221;][\/et_pb_image][\/et_pb_column][\/et_pb_row][et_pb_row _builder_version=&#8221;4.24.2&#8243; _module_preset=&#8221;default&#8221;][et_pb_column _builder_version=&#8221;4.24.2&#8243; _module_preset=&#8221;default&#8221; type=&#8221;4_4&#8243;][et_pb_image src=&#8221;https:\/\/tulalu.ch\/wp-content\/uploads\/2024\/04\/DSC3223-scaled.jpg&#8221; _builder_version=&#8221;4.24.2&#8243; _module_preset=&#8221;default&#8221; title_text=&#8221;_DSC3223&#8243; show_in_lightbox=&#8221;on&#8221; hover_enabled=&#8221;0&#8243; sticky_enabled=&#8221;0&#8243;][\/et_pb_image][\/et_pb_column][\/et_pb_row][et_pb_row _builder_version=&#8221;4.19.4&#8243; _module_preset=&#8221;default&#8221; min_height=&#8221;371.2px&#8221; custom_margin=&#8221;|auto|-19px|auto||&#8221; custom_padding=&#8221;58px|||||&#8221; global_colors_info=&#8221;{}&#8221;][et_pb_column type=&#8221;4_4&#8243; _builder_version=&#8221;4.19.4&#8243; _module_preset=&#8221;default&#8221; global_colors_info=&#8221;{}&#8221;][et_pb_text _builder_version=&#8221;4.23.4&#8243; _module_preset=&#8221;default&#8221; custom_margin=&#8221;||-2px|||&#8221; global_colors_info=&#8221;{}&#8221;]<p>N\u00e9 en 1979, <strong>Reynald Freudiger<\/strong> termine ses \u00e9tudes de lettres \u00e0 l\u2019Universit\u00e9 de Lausanne en 2003, puis part en Am\u00e9rique latine. L\u00e0-bas, il s\u2019int\u00e9resse de pr\u00e8s au mouvement de fond qui, un peu partout sur le continent, porte alors la gauche au pouvoir. Son premier roman, <em>La Mort du Prince bleu <\/em>(L\u2019Aire, 2009), t\u00e9moigne entre autres de cet int\u00e9r\u00eat. De retour en Suisse, il collabore \u00e0 l\u2019\u00e9dition critique des \u0153uvres compl\u00e8tes de Charles-Ferdinand Ramuz pour le compte du Centre de recherches sur les lettres romandes, puis rejoint le Gymnase de Burier, o\u00f9 il enseigne actuellement le fran\u00e7ais. Il n\u2019abandonne pas pour autant la recherche, et m\u00e8ne notamment une activit\u00e9 de critique litt\u00e9raire au sein de la Revue de Belles-Lettres. Il a ainsi sign\u00e9 une s\u00e9rie de chroniques consacr\u00e9es \u00e0 la litt\u00e9rature romande pour le magazine culturel du quotidien La Libert\u00e9. Il est \u00e9galement l\u2019auteur d\u2019<em>Angele<\/em>s (L\u2019Aire, 2011) et de <em>Le Roman de Madame Pomme (<\/em>L\u2019Aire, 2014). Son roman <em>Vanit\u00e9 <\/em>paru en 2022 aux \u00e9ditions de l\u2019Aire toujours, a re\u00e7u le prix Bibliomedia.<\/p>\n<p><b>Daniel P\u00e9rez Remis <\/b>est un guitariste lausannois qui a fait ses \u00e9tudes \u00e0 l\u2019\u00e9cole de jazz et de musique actuelle de Lausanne. Son domaine de pr\u00e9dilection est le jazz pour son c\u00f4t\u00e9 libre et propice \u00e0 l\u2019improvisation. En tant que musicien, arrangeur et compositeur, il se produit au sein de nombreux projets et albums dans diff\u00e9rents styles.<\/p>\n<p><strong><em>Vanit\u00e9<\/em> <\/strong>est l\u2019histoire de Tangerina. Tangerina est n\u00e9e \u00e0 Lisbonne, dans le vieux quartier d\u2019Alfama, et a grandi \u00e0 Bex, avec sa m\u00e8re, sous une affiche du Montreux Jazz Festival. Elle a \u00e9t\u00e9 \u00e9l\u00e8ve au Gymnase de Burier, une \u00e9l\u00e8ve brillante, d\u2019apr\u00e8s le professeur Sissoko, doubl\u00e9e d\u2019une vraie guerri\u00e8re de la cause animale \u2013 condamn\u00e9e m\u00eame \u00e0 la prison.<\/p>\n<p>Chaque chapitre de Vanit\u00e9 se focalise autour d\u2019un personnage diff\u00e9rent, &#8211; Ana, la m\u00e8re de Tangerina, la polici\u00e8re Marilou Theytaw-Guevara, la diplomate Victoria Da Vinci, le professeur Sissoko originaire du mali, Lilas et ses amis Marko et Matteo ou encore le musicien br\u00e9silien C\u00e9sar Amadeus do Nascimento. Celui-ci a ouvertement pris parti contre la junte militaire et jouera son\u00a0<em>\u00c9ternit\u00e9<\/em> pour Tangerina lors d\u2019une performance m\u00e9morable au Montreux Jazz Festival o\u00f9 l&#8217;a conduit la jeune fille.\u00a0\u00a0<\/p>\n<p><em>\u00ab\u00a0Admirablement construit et \u00e9crit, Vanit\u00e9 de Reynald Freudiger touche juste, avec d\u00e9licatesse, par les questions \u00e9thiques et actuelles qu\u2019il soul\u00e8ve, par ses personnages attachants, par l\u2019\u00e9tonnante empathie qu\u2019il suscite. Au travers des portraits narratifs d\u2019une dizaine de personnages qui gravitent autour d\u2019un seul, Tangerina, et au cours d\u2019une soir\u00e9e, l\u2019ouverture du Montreux Jazz Festival, le roman dessine la toile d\u2019existences aussi denses que fragiles, aussi d\u00e9li\u00e9es que reli\u00e9es. Autant d\u2019existences qui vont, ce soir-l\u00e0, se t\u00e9lescoper et se bouleverser\u00a0\u00bb, <\/em>\u00e9crit Alice Bottarelli dans <a href=\"http:\/\/www.viceversalitterature.ch\">www.viceversalitterature.ch<\/a> , le 07.11.2022.<\/p>\n<p>&nbsp;<\/p>\n<p>&nbsp;<\/p>[\/et_pb_text][\/et_pb_column][\/et_pb_row][\/et_pb_section]\n","protected":false},"excerpt":{"rendered":"<p>Lundi 18 mars 2024, 19 h<br \/>\nRetour en classe avec Reynald Freudiger et &#8220;Vanit\u00e9&#8221; (Ed. de l\u2019Aire, 2022). Le rendez-vous a \u00e9t\u00e9 orchestr\u00e9 par des gymnasien.ne.s. Daniel Perez a jou\u00e9 des airs de bossa nova \u00e0 la guitare&#8230;<\/p>\n","protected":false},"author":2,"featured_media":1477,"comment_status":"open","ping_status":"open","sticky":false,"template":"","format":"standard","meta":{"_et_pb_use_builder":"on","_et_pb_old_content":"","_et_gb_content_width":"","footnotes":""},"categories":[5],"tags":[],"class_list":["post-1485","post","type-post","status-publish","format-standard","has-post-thumbnail","hentry","category-rencontres-passees"],"_links":{"self":[{"href":"https:\/\/tulalu.ch\/index.php?rest_route=\/wp\/v2\/posts\/1485","targetHints":{"allow":["GET"]}}],"collection":[{"href":"https:\/\/tulalu.ch\/index.php?rest_route=\/wp\/v2\/posts"}],"about":[{"href":"https:\/\/tulalu.ch\/index.php?rest_route=\/wp\/v2\/types\/post"}],"author":[{"embeddable":true,"href":"https:\/\/tulalu.ch\/index.php?rest_route=\/wp\/v2\/users\/2"}],"replies":[{"embeddable":true,"href":"https:\/\/tulalu.ch\/index.php?rest_route=%2Fwp%2Fv2%2Fcomments&post=1485"}],"version-history":[{"count":9,"href":"https:\/\/tulalu.ch\/index.php?rest_route=\/wp\/v2\/posts\/1485\/revisions"}],"predecessor-version":[{"id":2179,"href":"https:\/\/tulalu.ch\/index.php?rest_route=\/wp\/v2\/posts\/1485\/revisions\/2179"}],"wp:featuredmedia":[{"embeddable":true,"href":"https:\/\/tulalu.ch\/index.php?rest_route=\/wp\/v2\/media\/1477"}],"wp:attachment":[{"href":"https:\/\/tulalu.ch\/index.php?rest_route=%2Fwp%2Fv2%2Fmedia&parent=1485"}],"wp:term":[{"taxonomy":"category","embeddable":true,"href":"https:\/\/tulalu.ch\/index.php?rest_route=%2Fwp%2Fv2%2Fcategories&post=1485"},{"taxonomy":"post_tag","embeddable":true,"href":"https:\/\/tulalu.ch\/index.php?rest_route=%2Fwp%2Fv2%2Ftags&post=1485"}],"curies":[{"name":"wp","href":"https:\/\/api.w.org\/{rel}","templated":true}]}}