{"id":1737,"date":"2024-08-17T12:32:43","date_gmt":"2024-08-17T12:32:43","guid":{"rendered":"https:\/\/tulalu.ch\/?p=1737"},"modified":"2025-08-22T16:52:01","modified_gmt":"2025-08-22T16:52:01","slug":"rencontre-avec-matthieu-corpataux","status":"publish","type":"post","link":"https:\/\/tulalu.ch\/?p=1737","title":{"rendered":"Rencontre avec Matthieu Corpataux"},"content":{"rendered":"\n[et_pb_section fb_built=&#8221;1&#8243; admin_label=&#8221;section&#8221; _builder_version=&#8221;4.16&#8243; global_colors_info=&#8221;{}&#8221;][et_pb_row admin_label=&#8221;row&#8221; _builder_version=&#8221;4.16&#8243; background_size=&#8221;initial&#8221; background_position=&#8221;top_left&#8221; background_repeat=&#8221;repeat&#8221; min_height=&#8221;399px&#8221; custom_margin=&#8221;|auto|-98px|auto||&#8221; custom_padding=&#8221;14px||0px|||&#8221; global_colors_info=&#8221;{}&#8221;][et_pb_column type=&#8221;4_4&#8243; _builder_version=&#8221;4.16&#8243; custom_padding=&#8221;|||&#8221; global_colors_info=&#8221;{}&#8221; custom_padding__hover=&#8221;|||&#8221;][et_pb_text admin_label=&#8221;Text&#8221; _builder_version=&#8221;4.27.0&#8243; background_size=&#8221;initial&#8221; background_position=&#8221;top_left&#8221; background_repeat=&#8221;repeat&#8221; min_height=&#8221;129px&#8221; custom_padding=&#8221;||0px|||&#8221; global_colors_info=&#8221;{}&#8221;]<h3><!-- divi:paragraph --><span style=\"color: #000080;\"><strong>Lundi 16 septembre 2024, 19 h<\/strong><\/span><\/h3>\n<p><em>La Libellule, pavillon Plantamour, Rue de Lausanne 112, 1202 Gen\u00e8ve (<a href=\"https:\/\/maps.app.goo.gl\/4x89ni6stkSLrfSE8\" target=\"_blank\" rel=\"noopener\">voir sur Google Maps<\/a>)<\/em><\/p>\n<p><em style=\"font-size: 16px;\"><span style=\"font-size: medium;\">Il est recommand\u00e9 de s&#8217;inscrire aux \u00e9v\u00e9nements \u00e0 l&#8217;adresse mail suivante : <a href=\"mailto:info@tulalu.ch\">info@tulalu.ch<\/a> ! Les places peuvent \u00eatre limit\u00e9es.<\/span><\/em><\/p>\n<p>&nbsp;<\/p>\n<p>&nbsp;<\/p>\n<p>&nbsp;<\/p>\n<p><!-- \/divi:paragraph --><\/p>[\/et_pb_text][et_pb_text _builder_version=&#8221;4.27.0&#8243; _module_preset=&#8221;default&#8221; custom_margin=&#8221;55px||||false|false&#8221; global_colors_info=&#8221;{}&#8221;]<p><strong>Matthieu Corpataux<\/strong> a invit\u00e9 <em>Emma au jardin <\/em>(Editions Empreintes, 2023), <strong>Sarah Perdrizat<\/strong> a anim\u00e9 la discussion et <strong>L\u00e9onie Pantillon<\/strong> a dessin\u00e9 en direct.<\/p>\n<p>&nbsp;<\/p>[\/et_pb_text][\/et_pb_column][\/et_pb_row][et_pb_row column_structure=&#8221;1_2,1_2&#8243; _builder_version=&#8221;4.22.1&#8243; _module_preset=&#8221;default&#8221; global_colors_info=&#8221;{}&#8221;][et_pb_column type=&#8221;1_2&#8243; _builder_version=&#8221;4.22.1&#8243; _module_preset=&#8221;default&#8221; global_colors_info=&#8221;{}&#8221;][et_pb_image src=&#8221;https:\/\/tulalu.ch\/wp-content\/uploads\/2024\/08\/Tiny-MC_C_Julien-James-Auzan-7.jpg&#8221; title_text=&#8221;Tiny MC_C_Julien James Auzan (7)&#8221; show_in_lightbox=&#8221;on&#8221; align=&#8221;center&#8221; force_fullwidth=&#8221;on&#8221; _builder_version=&#8221;4.27.0&#8243; _module_preset=&#8221;default&#8221; global_colors_info=&#8221;{}&#8221;][\/et_pb_image][et_pb_text _builder_version=&#8221;4.27.0&#8243; _module_preset=&#8221;default&#8221; global_colors_info=&#8221;{}&#8221;]<p style=\"text-align: center;\">\u00a9 Julien James Auzan<\/p>[\/et_pb_text][\/et_pb_column][et_pb_column type=&#8221;1_2&#8243; _builder_version=&#8221;4.22.1&#8243; _module_preset=&#8221;default&#8221; global_colors_info=&#8221;{}&#8221;][et_pb_image src=&#8221;https:\/\/tulalu.ch\/wp-content\/uploads\/2024\/08\/emma-au-jardin-matthieu-corpataux.jpg&#8221; title_text=&#8221;emma-au-jardin-matthieu-corpataux&#8221; show_in_lightbox=&#8221;on&#8221; _builder_version=&#8221;4.27.0&#8243; _module_preset=&#8221;default&#8221; global_colors_info=&#8221;{}&#8221;][\/et_pb_image][\/et_pb_column][\/et_pb_row][et_pb_row _builder_version=&#8221;4.27.0&#8243; _module_preset=&#8221;default&#8221; global_colors_info=&#8221;{}&#8221;][et_pb_column type=&#8221;4_4&#8243; _builder_version=&#8221;4.27.0&#8243; _module_preset=&#8221;default&#8221; global_colors_info=&#8221;{}&#8221;][et_pb_image src=&#8221;https:\/\/tulalu.ch\/wp-content\/uploads\/2024\/08\/Presentation_Emma_au_jardin.jpg&#8221; title_text=&#8221;Pre\u0301sentation_Emma_au_jardin&#8221; show_in_lightbox=&#8221;on&#8221; align=&#8221;center&#8221; _builder_version=&#8221;4.27.0&#8243; _module_preset=&#8221;default&#8221; global_colors_info=&#8221;{}&#8221;][\/et_pb_image][\/et_pb_column][\/et_pb_row][et_pb_row _builder_version=&#8221;4.19.4&#8243; _module_preset=&#8221;default&#8221; min_height=&#8221;371.2px&#8221; custom_margin=&#8221;|auto|-19px|auto||&#8221; custom_padding=&#8221;58px|||||&#8221; global_colors_info=&#8221;{}&#8221;][et_pb_column type=&#8221;4_4&#8243; _builder_version=&#8221;4.19.4&#8243; _module_preset=&#8221;default&#8221; global_colors_info=&#8221;{}&#8221;][et_pb_text _builder_version=&#8221;4.27.0&#8243; _module_preset=&#8221;default&#8221; custom_margin=&#8221;||-2px|||&#8221; global_colors_info=&#8221;{}&#8221;]<p>En une suite de po\u00e8mes, pour la plupart tr\u00e8s courts, \u00e0 la m\u00e9trique soigneusement travaill\u00e9e, <strong>Matthieu Corpataux<\/strong> fait le portrait d\u2019Emma. \u00c2g\u00e9e, veuve, elle entretient des liens forts avec sa famille et son voisinage, elle s\u2019occupe de son jardin, de son m\u00e9nage, et elle s\u2019abandonne parfois \u00e0 ses souvenirs. \u00c0 travers le regard finement observateur du po\u00e8te, on s\u2019attache \u00e0 Emma et souvent elle nous fait penser \u00e0 quelqu\u2019un que nous connaissons. Ce recueil trahit une m\u00e9lancolie face \u00e0 ce qui dispara\u00eetra, mais son ancrage dans la r\u00e9alit\u00e9 et son ton teint\u00e9 d\u2019humour le rattache fortement \u00e0 la vie. (Claudine Gaetzi, Viceversa)<\/p>\n<p>&nbsp;<\/p>\n<p>Matthieu Corpataux a 31 ans et vit \u00e0 Fribourg. Assistant doctorant et enseignant \u00e0 l\u2019Universit\u00e9 de Fribourg en litt\u00e9rature fran\u00e7aise, il \u00e9crit une th\u00e8se sur la typographie dans la po\u00e9sie. Il a fond\u00e9 et dirige la revue litt\u00e9raire L\u2019\u00c9p\u00eetre (<a href=\"https:\/\/lepitre.ch\/\" target=\"_blank\" rel=\"noopener\">www.lepitre.ch<\/a>) ainsi que la maison d\u2019\u00e9dition des Presses litt\u00e9raires de Fribourg (<a href=\"https:\/\/www.plf-editions.ch\/\" target=\"_blank\" rel=\"noopener\">www.plf-editions.ch<\/a>). Il est directeur des rencontres litt\u00e9raires Textures depuis 2019 (<a href=\"https:\/\/www.textures.ch\/\" target=\"_blank\" rel=\"noopener\">www.textures.ch<\/a>). En 2020 para\u00eet<em> Sucres<\/em>, son premier recueil de po\u00e9sie (Ed. l\u2019Aire). Son second recueil <em>Emma au jardin<\/em> sort chez Empreintes en octobre 2023. Laur\u00e9at de plusieurs prix ou bourses (Prix Plume de Paon de l&#8217;A*dS, Livre+, Bourse d&#8217;encouragement de l&#8217;Etat de Fribourg, Prix R\u00e9gis de Courten), il a particip\u00e9 \u00e0 de nombreux projets collectifs de cr\u00e9ation litt\u00e9raire, et est publi\u00e9 dans diverses revues et France et en Suisse.<\/p>\n<p>&nbsp;<\/p>\n<p>N\u00e9e en 1996, <strong>Sarah Perdrizat<\/strong> habite \u00e0 Gen\u00e8ve. Elle travaille depuis 2021 aux \u00e9ditions Zo\u00e9 comme assistante \u00e9ditoriale et m\u00e9diatrice culturelle. En parall\u00e8le, elle anime r\u00e9guli\u00e8rement des rencontres litt\u00e9raires, notamment au Livre sur les quais.<\/p>\n<p>&nbsp;<\/p>\n<p>N\u00e9e en 1999, <strong>L\u00e9onie Pantillon<\/strong> a obtenu un Bachelor d\u2019Illustration \u00e0 la Haute \u00c9cole de Lucerne en 2021. Sa premi\u00e8re bande dessin\u00e9e, <em>Le Poids des Flocons<\/em>, para\u00eet en deux langues aux \u00c9ditions OSL en juin 2023. \u00c9galement musicienne et passionn\u00e9e par les arts de la sc\u00e8ne, elle collabore notamment avec l\u2019Association Histoires de Musique dans la cr\u00e9ation visuelle de nombreux spectacles.<\/p>[\/et_pb_text][\/et_pb_column][\/et_pb_row][et_pb_row column_structure=&#8221;1_3,1_3,1_3&#8243; _builder_version=&#8221;4.27.0&#8243; _module_preset=&#8221;default&#8221; global_colors_info=&#8221;{}&#8221;][et_pb_column type=&#8221;1_3&#8243; _builder_version=&#8221;4.27.0&#8243; _module_preset=&#8221;default&#8221; global_colors_info=&#8221;{}&#8221;][et_pb_image src=&#8221;https:\/\/tulalu.ch\/wp-content\/uploads\/2024\/09\/PXL_20240916_163900537-scaled.jpg&#8221; title_text=&#8221;PXL_20240916_163900537&#8243; show_in_lightbox=&#8221;on&#8221; _builder_version=&#8221;4.27.0&#8243; _module_preset=&#8221;default&#8221; global_colors_info=&#8221;{}&#8221;][\/et_pb_image][\/et_pb_column][et_pb_column type=&#8221;1_3&#8243; _builder_version=&#8221;4.27.0&#8243; _module_preset=&#8221;default&#8221; global_colors_info=&#8221;{}&#8221;][et_pb_image src=&#8221;https:\/\/tulalu.ch\/wp-content\/uploads\/2024\/09\/PXL_20240916_170719010-scaled.jpg&#8221; title_text=&#8221;PXL_20240916_170719010&#8243; show_in_lightbox=&#8221;on&#8221; _builder_version=&#8221;4.27.0&#8243; _module_preset=&#8221;default&#8221; global_colors_info=&#8221;{}&#8221;][\/et_pb_image][\/et_pb_column][et_pb_column type=&#8221;1_3&#8243; _builder_version=&#8221;4.27.0&#8243; _module_preset=&#8221;default&#8221; global_colors_info=&#8221;{}&#8221;][et_pb_image src=&#8221;https:\/\/tulalu.ch\/wp-content\/uploads\/2024\/09\/PXL_20240916_171544224-scaled.jpg&#8221; title_text=&#8221;PXL_20240916_171544224&#8243; show_in_lightbox=&#8221;on&#8221; _builder_version=&#8221;4.27.0&#8243; _module_preset=&#8221;default&#8221; global_colors_info=&#8221;{}&#8221;][\/et_pb_image][\/et_pb_column][\/et_pb_row][et_pb_row _builder_version=&#8221;4.27.0&#8243; _module_preset=&#8221;default&#8221; global_colors_info=&#8221;{}&#8221;][et_pb_column type=&#8221;4_4&#8243; _builder_version=&#8221;4.27.0&#8243; _module_preset=&#8221;default&#8221; global_colors_info=&#8221;{}&#8221;][et_pb_image src=&#8221;https:\/\/tulalu.ch\/wp-content\/uploads\/2024\/09\/PXL_20240916_171401278-scaled.jpg&#8221; title_text=&#8221;PXL_20240916_171401278&#8243; show_in_lightbox=&#8221;on&#8221; _builder_version=&#8221;4.27.0&#8243; _module_preset=&#8221;default&#8221; global_colors_info=&#8221;{}&#8221;][\/et_pb_image][\/et_pb_column][\/et_pb_row][et_pb_row column_structure=&#8221;1_2,1_2&#8243; _builder_version=&#8221;4.27.0&#8243; _module_preset=&#8221;default&#8221; global_colors_info=&#8221;{}&#8221;][et_pb_column type=&#8221;1_2&#8243; _builder_version=&#8221;4.27.0&#8243; _module_preset=&#8221;default&#8221; global_colors_info=&#8221;{}&#8221;][et_pb_image src=&#8221;https:\/\/tulalu.ch\/wp-content\/uploads\/2024\/09\/DSC3531-scaled.jpg&#8221; title_text=&#8221;_DSC3531&#8243; show_in_lightbox=&#8221;on&#8221; _builder_version=&#8221;4.27.0&#8243; _module_preset=&#8221;default&#8221; global_colors_info=&#8221;{}&#8221;][\/et_pb_image][\/et_pb_column][et_pb_column type=&#8221;1_2&#8243; _builder_version=&#8221;4.27.0&#8243; _module_preset=&#8221;default&#8221; global_colors_info=&#8221;{}&#8221;][et_pb_image src=&#8221;https:\/\/tulalu.ch\/wp-content\/uploads\/2024\/09\/DSC3559-scaled.jpg&#8221; title_text=&#8221;_DSC3559&#8243; show_in_lightbox=&#8221;on&#8221; _builder_version=&#8221;4.27.0&#8243; _module_preset=&#8221;default&#8221; global_colors_info=&#8221;{}&#8221;][\/et_pb_image][\/et_pb_column][\/et_pb_row][et_pb_row column_structure=&#8221;1_3,1_3,1_3&#8243; _builder_version=&#8221;4.27.0&#8243; _module_preset=&#8221;default&#8221; global_colors_info=&#8221;{}&#8221;][et_pb_column type=&#8221;1_3&#8243; _builder_version=&#8221;4.27.0&#8243; _module_preset=&#8221;default&#8221; global_colors_info=&#8221;{}&#8221;][et_pb_image src=&#8221;https:\/\/tulalu.ch\/wp-content\/uploads\/2024\/09\/DSC3543-scaled.jpg&#8221; title_text=&#8221;_DSC3543&#8243; show_in_lightbox=&#8221;on&#8221; _builder_version=&#8221;4.27.0&#8243; _module_preset=&#8221;default&#8221; global_colors_info=&#8221;{}&#8221;][\/et_pb_image][\/et_pb_column][et_pb_column type=&#8221;1_3&#8243; _builder_version=&#8221;4.27.0&#8243; _module_preset=&#8221;default&#8221; global_colors_info=&#8221;{}&#8221;][et_pb_image src=&#8221;https:\/\/tulalu.ch\/wp-content\/uploads\/2024\/09\/DSC3526-scaled.jpg&#8221; title_text=&#8221;_DSC3526&#8243; show_in_lightbox=&#8221;on&#8221; _builder_version=&#8221;4.27.0&#8243; _module_preset=&#8221;default&#8221; global_colors_info=&#8221;{}&#8221;][\/et_pb_image][\/et_pb_column][et_pb_column type=&#8221;1_3&#8243; _builder_version=&#8221;4.27.0&#8243; _module_preset=&#8221;default&#8221; global_colors_info=&#8221;{}&#8221;][et_pb_image src=&#8221;https:\/\/tulalu.ch\/wp-content\/uploads\/2024\/09\/DSC3512-scaled.jpg&#8221; title_text=&#8221;_DSC3512&#8243; show_in_lightbox=&#8221;on&#8221; _builder_version=&#8221;4.27.0&#8243; _module_preset=&#8221;default&#8221; global_colors_info=&#8221;{}&#8221;][\/et_pb_image][\/et_pb_column][\/et_pb_row][et_pb_row column_structure=&#8221;1_4,1_4,1_4,1_4&#8243; _builder_version=&#8221;4.27.0&#8243; _module_preset=&#8221;default&#8221; global_colors_info=&#8221;{}&#8221;][et_pb_column type=&#8221;1_4&#8243; _builder_version=&#8221;4.27.0&#8243; _module_preset=&#8221;default&#8221; global_colors_info=&#8221;{}&#8221;][et_pb_image src=&#8221;https:\/\/tulalu.ch\/wp-content\/uploads\/2024\/09\/PXL_20240916_173344240-scaled.jpg&#8221; title_text=&#8221;PXL_20240916_173344240&#8243; show_in_lightbox=&#8221;on&#8221; _builder_version=&#8221;4.27.0&#8243; _module_preset=&#8221;default&#8221; global_colors_info=&#8221;{}&#8221;][\/et_pb_image][\/et_pb_column][et_pb_column type=&#8221;1_4&#8243; _builder_version=&#8221;4.27.0&#8243; _module_preset=&#8221;default&#8221; global_colors_info=&#8221;{}&#8221;][et_pb_image src=&#8221;https:\/\/tulalu.ch\/wp-content\/uploads\/2024\/09\/PXL_20240916_174355983-scaled.jpg&#8221; title_text=&#8221;PXL_20240916_174355983&#8243; show_in_lightbox=&#8221;on&#8221; _builder_version=&#8221;4.27.0&#8243; _module_preset=&#8221;default&#8221; global_colors_info=&#8221;{}&#8221;][\/et_pb_image][\/et_pb_column][et_pb_column type=&#8221;1_4&#8243; _builder_version=&#8221;4.27.0&#8243; _module_preset=&#8221;default&#8221; global_colors_info=&#8221;{}&#8221;][et_pb_image src=&#8221;https:\/\/tulalu.ch\/wp-content\/uploads\/2024\/09\/PXL_20240916_181953490-scaled.jpg&#8221; title_text=&#8221;PXL_20240916_181953490&#8243; show_in_lightbox=&#8221;on&#8221; _builder_version=&#8221;4.27.0&#8243; _module_preset=&#8221;default&#8221; global_colors_info=&#8221;{}&#8221;][\/et_pb_image][\/et_pb_column][et_pb_column type=&#8221;1_4&#8243; _builder_version=&#8221;4.27.0&#8243; _module_preset=&#8221;default&#8221; global_colors_info=&#8221;{}&#8221;][et_pb_image src=&#8221;https:\/\/tulalu.ch\/wp-content\/uploads\/2024\/09\/PXL_20240916_181947113-scaled.jpg&#8221; _builder_version=&#8221;4.27.0&#8243; _module_preset=&#8221;default&#8221; title_text=&#8221;PXL_20240916_181947113&#8243; show_in_lightbox=&#8221;on&#8221; hover_enabled=&#8221;0&#8243; sticky_enabled=&#8221;0&#8243;][\/et_pb_image][\/et_pb_column][\/et_pb_row][et_pb_row _builder_version=&#8221;4.27.0&#8243; _module_preset=&#8221;default&#8221; global_colors_info=&#8221;{}&#8221;][et_pb_column type=&#8221;4_4&#8243; _builder_version=&#8221;4.27.0&#8243; _module_preset=&#8221;default&#8221; global_colors_info=&#8221;{}&#8221;][et_pb_image src=&#8221;https:\/\/tulalu.ch\/wp-content\/uploads\/2024\/09\/DSC3567-scaled.jpg&#8221; title_text=&#8221;_DSC3567&#8243; show_in_lightbox=&#8221;on&#8221; _builder_version=&#8221;4.27.0&#8243; _module_preset=&#8221;default&#8221; global_colors_info=&#8221;{}&#8221;][\/et_pb_image][\/et_pb_column][\/et_pb_row][\/et_pb_section]\n","protected":false},"excerpt":{"rendered":"<p>Lundi 16 septembre 2024, 19 h<br \/>\nMatthieu Corpataux a invit\u00e9 &#8220;Emma au jardin&#8221; (Editions Empreintes, 2023), Sarah Perdrizat a anim\u00e9 la discussion et L\u00e9onie Pantillon a dessin\u00e9 en direct. &#8230;<\/p>\n","protected":false},"author":2,"featured_media":1733,"comment_status":"open","ping_status":"open","sticky":false,"template":"","format":"standard","meta":{"_et_pb_use_builder":"on","_et_pb_old_content":"","_et_gb_content_width":"","footnotes":""},"categories":[5],"tags":[],"class_list":["post-1737","post","type-post","status-publish","format-standard","has-post-thumbnail","hentry","category-rencontres-passees"],"_links":{"self":[{"href":"https:\/\/tulalu.ch\/index.php?rest_route=\/wp\/v2\/posts\/1737","targetHints":{"allow":["GET"]}}],"collection":[{"href":"https:\/\/tulalu.ch\/index.php?rest_route=\/wp\/v2\/posts"}],"about":[{"href":"https:\/\/tulalu.ch\/index.php?rest_route=\/wp\/v2\/types\/post"}],"author":[{"embeddable":true,"href":"https:\/\/tulalu.ch\/index.php?rest_route=\/wp\/v2\/users\/2"}],"replies":[{"embeddable":true,"href":"https:\/\/tulalu.ch\/index.php?rest_route=%2Fwp%2Fv2%2Fcomments&post=1737"}],"version-history":[{"count":15,"href":"https:\/\/tulalu.ch\/index.php?rest_route=\/wp\/v2\/posts\/1737\/revisions"}],"predecessor-version":[{"id":2175,"href":"https:\/\/tulalu.ch\/index.php?rest_route=\/wp\/v2\/posts\/1737\/revisions\/2175"}],"wp:featuredmedia":[{"embeddable":true,"href":"https:\/\/tulalu.ch\/index.php?rest_route=\/wp\/v2\/media\/1733"}],"wp:attachment":[{"href":"https:\/\/tulalu.ch\/index.php?rest_route=%2Fwp%2Fv2%2Fmedia&parent=1737"}],"wp:term":[{"taxonomy":"category","embeddable":true,"href":"https:\/\/tulalu.ch\/index.php?rest_route=%2Fwp%2Fv2%2Fcategories&post=1737"},{"taxonomy":"post_tag","embeddable":true,"href":"https:\/\/tulalu.ch\/index.php?rest_route=%2Fwp%2Fv2%2Ftags&post=1737"}],"curies":[{"name":"wp","href":"https:\/\/api.w.org\/{rel}","templated":true}]}}