{"id":1745,"date":"2024-08-17T12:34:44","date_gmt":"2024-08-17T12:34:44","guid":{"rendered":"https:\/\/tulalu.ch\/?p=1745"},"modified":"2025-08-22T16:51:54","modified_gmt":"2025-08-22T16:51:54","slug":"rencontre-avec-antonin-scherrer","status":"publish","type":"post","link":"https:\/\/tulalu.ch\/?p=1745","title":{"rendered":"Rencontre avec Antonin Scherrer"},"content":{"rendered":"\n[et_pb_section fb_built=&#8221;1&#8243; admin_label=&#8221;section&#8221; _builder_version=&#8221;4.16&#8243; global_colors_info=&#8221;{}&#8221;][et_pb_row admin_label=&#8221;row&#8221; _builder_version=&#8221;4.16&#8243; background_size=&#8221;initial&#8221; background_position=&#8221;top_left&#8221; background_repeat=&#8221;repeat&#8221; min_height=&#8221;399px&#8221; custom_margin=&#8221;|auto|-98px|auto||&#8221; custom_padding=&#8221;14px||0px|||&#8221; global_colors_info=&#8221;{}&#8221;][et_pb_column type=&#8221;4_4&#8243; _builder_version=&#8221;4.16&#8243; custom_padding=&#8221;|||&#8221; global_colors_info=&#8221;{}&#8221; custom_padding__hover=&#8221;|||&#8221;][et_pb_text admin_label=&#8221;Text&#8221; _builder_version=&#8221;4.27.2&#8243; background_size=&#8221;initial&#8221; background_position=&#8221;top_left&#8221; background_repeat=&#8221;repeat&#8221; min_height=&#8221;129px&#8221; custom_padding=&#8221;||0px|||&#8221; global_colors_info=&#8221;{}&#8221;]<h3><!-- divi:paragraph --><span style=\"color: #000080;\"><strong>Lundi 4 novembre 2024, 19 h<\/strong><\/span><\/h3>\n<p><em>Institut de Ribaupierre, EML, Av. Georgette 5, 1003 Lausanne (<a href=\"https:\/\/maps.app.goo.gl\/NXNB6WrvUV1wEfcq7\" target=\"_blank\" rel=\"noopener\">voir sur Google Maps<\/a>)<\/em><\/p>\n<p><em style=\"font-size: 16px;\"><span style=\"font-size: medium;\">Il est recommand\u00e9 de s&#8217;inscrire aux \u00e9v\u00e9nements \u00e0 l&#8217;adresse mail suivante : <a href=\"mailto:info@tulalu.ch\">info@tulalu.ch<\/a> ! Les places peuvent \u00eatre limit\u00e9es.<\/span><\/em><\/p>\n<p><strong>L&#8217;entretien-concert s&#8217;est d\u00e9roul\u00e9 dans la Salle Mathilde de Ribaupierre, qui se trouve au 2\u00e8me \u00e9tage du b\u00e2timent. <\/strong><\/p>\n<p><strong>La salle n\u2019est h\u00e9las pas accessible aux personnes en fauteuil roulant.<\/strong><\/p>\n<p>&nbsp;<\/p>\n<p>&nbsp;<\/p>\n<!-- \/divi:paragraph -->[\/et_pb_text][et_pb_text _builder_version=&#8221;4.27.3&#8243; _module_preset=&#8221;default&#8221; custom_margin=&#8221;8px||||false|false&#8221; global_colors_info=&#8221;{}&#8221;]<p><strong>Antonin Scherrer<\/strong> a racont\u00e9 la vie d\u2019Andr\u00e9 de Ribaupierre (<em>Andr\u00e9 de Ribaupierre<\/em>, une famille au service de la musique, Infolio, 2017). Associ\u00e9 \u00e0 l\u2019aventure, le <strong>Sinfonietta de Lausanne<\/strong> a jou\u00e9. <strong>Anne Laure Gannac<\/strong> a marqu\u00e9 le tempo.<\/p>\n<p>&nbsp;<\/p>[\/et_pb_text][\/et_pb_column][\/et_pb_row][et_pb_row column_structure=&#8221;1_3,1_3,1_3&#8243; _builder_version=&#8221;4.22.1&#8243; _module_preset=&#8221;default&#8221; custom_padding=&#8221;||36px|||&#8221; global_colors_info=&#8221;{}&#8221;][et_pb_column type=&#8221;1_3&#8243; _builder_version=&#8221;4.22.1&#8243; _module_preset=&#8221;default&#8221; global_colors_info=&#8221;{}&#8221;][et_pb_image src=&#8221;https:\/\/tulalu.ch\/wp-content\/uploads\/2024\/08\/Antonin-Scherrer-03_c_Thierry-Parel-tiny-scaled.jpg&#8221; title_text=&#8221;Antonin Scherrer 03_c_Thierry Parel tiny&#8221; show_in_lightbox=&#8221;on&#8221; align=&#8221;center&#8221; force_fullwidth=&#8221;on&#8221; _builder_version=&#8221;4.27.0&#8243; _module_preset=&#8221;default&#8221; custom_margin=&#8221;||13px|||&#8221; global_colors_info=&#8221;{}&#8221;][\/et_pb_image][et_pb_text _builder_version=&#8221;4.27.0&#8243; _module_preset=&#8221;default&#8221; global_colors_info=&#8221;{}&#8221;]<p style=\"text-align: center;\">\u00a9 Thierry Parel<\/p>[\/et_pb_text][\/et_pb_column][et_pb_column _builder_version=&#8221;4.27.3&#8243; _module_preset=&#8221;default&#8221; type=&#8221;1_3&#8243;][et_pb_image src=&#8221;https:\/\/tulalu.ch\/wp-content\/uploads\/2024\/08\/Andre_Ribaupierre_COVER.jpg&#8221; title_text=&#8221;Andre_Ribaupierre_COVER&#8221; show_in_lightbox=&#8221;on&#8221; force_fullwidth=&#8221;on&#8221; _builder_version=&#8221;4.27.0&#8243; _module_preset=&#8221;default&#8221; global_colors_info=&#8221;{}&#8221;][\/et_pb_image][\/et_pb_column][et_pb_column type=&#8221;1_3&#8243; _builder_version=&#8221;4.22.1&#8243; _module_preset=&#8221;default&#8221; global_colors_info=&#8221;{}&#8221;][et_pb_image src=&#8221;https:\/\/tulalu.ch\/wp-content\/uploads\/2024\/11\/Sinfonietta-programme.jpg&#8221; _builder_version=&#8221;4.27.3&#8243; _module_preset=&#8221;default&#8221; title_text=&#8221;Sinfonietta programme&#8221; show_in_lightbox=&#8221;on&#8221; hover_enabled=&#8221;0&#8243; sticky_enabled=&#8221;0&#8243;][\/et_pb_image][\/et_pb_column][\/et_pb_row][et_pb_row _builder_version=&#8221;4.19.4&#8243; _module_preset=&#8221;default&#8221; min_height=&#8221;371.2px&#8221; custom_margin=&#8221;|auto|-19px|auto||&#8221; custom_padding=&#8221;58px|||||&#8221; global_colors_info=&#8221;{}&#8221;][et_pb_column type=&#8221;4_4&#8243; _builder_version=&#8221;4.19.4&#8243; _module_preset=&#8221;default&#8221; global_colors_info=&#8221;{}&#8221;][et_pb_text _builder_version=&#8221;4.27.0&#8243; _module_preset=&#8221;default&#8221; custom_margin=&#8221;||-2px|||&#8221; global_colors_info=&#8221;{}&#8221;]<p>Dans son ouvrage, <strong>Antonin Scherrer<\/strong> d\u00e9crit la destin\u00e9e du violoniste Andr\u00e9 de Ribaupierre (1893-1955), \u00e0 la lumi\u00e8re d&#8217;un fonds d&#8217;archives exceptionnel, l\u00e9gu\u00e9 \u00e0 l&#8217;Association des Amis de l&#8217;Institut de Ribaupierre de Lausanne par sa fille Anne. Vivant entre la Suisse et les Etats-Unis, Andr\u00e9 de Ribaupierre a eu une intense carri\u00e8re de professeur et de soliste, en particulier dans le registre de la musique de chambre. Il ne se sentira pourtant jamais compl\u00e8tement chez lui \u00e0 Cleveland ou \u00e0 Rochester o\u00f9 il dirige des classes pionni\u00e8res. Dans ses lettres, il \u00e9voque souvent les marches qu\u2019il affectionnait, au-dessus de Montreux ou dans le Val d&#8217;H\u00e9rens. Mais la musique permet de transcender cette nostalgie latente. Il partage cette passion avec son mentor Eug\u00e8ne Ysa\u00ffe, ses fr\u00e8res et s\u0153ur, ses complices du Quatuor de Ribaupierre puis de Lausanne, ou encore avec la pianiste Jacqueline Blancard, dont le duo qu&#8217;ils forment pendant pr\u00e8s de vingt ans constitue l&#8217;un des sommets de son engagement artistique.<\/p>\n<p>&nbsp;<\/p>\n<p>Producteur d&#8217;\u00e9missions musicales sur RTS-Espace 2, enseignant \u00e0 la Haute \u00e9cole de musique de Lausanne et conservateur du Mus\u00e9e Paderewski de Morges, Antonin Scherrer est l&#8217;auteur d&#8217;une vingtaine d&#8217;ouvrages sur la musique, parmi lesquels nombre de monographies sur des orchestres, des ch\u0153urs, des compositeurs, des musiciens. Pr\u00e9sident de la Fondation Pierre &amp; Louisa Meylan et dramaturge du Gstaad Menuhin Festival &amp; Academy, il a en outre fond\u00e9 en 2001 le festival de musique ancienne La Folia de Rougemont et lanc\u00e9 en 2020 chez Tomplay une plateforme interactive d\u00e9di\u00e9e \u00e0 l&#8217;histoire de la musique.<\/p>\n<p>&nbsp;<\/p>\n<p><strong>Anne Laure Gannac<\/strong> est journaliste, co-productrice et co-animatrice de l\u2019\u00e9mission de radio Vertigo, sur RTS La Premi\u00e8re. Sp\u00e9cialis\u00e9e en culture et en sciences humaines, elle travaille aussi au Coll\u00e8ge des Humanit\u00e9s de l\u2019EPFL o\u00f9 elle organise et anime des \u00e9v\u00e9nements faisant dialoguer sciences, arts et philosophie. Si sa table de chevet accueille en priorit\u00e9 des textes de philosophie et des recueils de po\u00e9sie, les romans contemporains et les biographies y trouvent r\u00e9guli\u00e8rement leur place. Autrice de deux essais chez Anne Carri\u00e8re, elle est \u00e9galement autrice de chansons et chanteuse dans le groupe Hors Antenne.<\/p>\n<p>&nbsp;<\/p>\n<p>En plus de 35 ans d\u2019activit\u00e9, le <strong>Sinfonietta de Lausanne<\/strong> s\u2019est impos\u00e9 comme une formation incontournable dans le paysage musical de Suisse romande. Orchestre \u00e0 g\u00e9om\u00e9trie variable, il offre aux jeunes dipl\u00f4m\u00e9s des Hautes \u00e9coles de musique les plus prometteurs l\u2019opportunit\u00e9 d\u2019un premier emploi, encadr\u00e9s par des musiciens exp\u00e9riment\u00e9s, avant que certains n\u2019entrent dans des formations de renom. Pour l\u2019occasion, des musicien.ne.s du Sinfonietta interpr\u00e9teront des \u00ab Airs montagnards \u00bb d\u2019Emile de Ribaupierre et d\u2019autres morceaux de musique de chambre de l\u2019\u00e9poque.<\/p>[\/et_pb_text][\/et_pb_column][\/et_pb_row][et_pb_row column_structure=&#8221;1_2,1_2&#8243; _builder_version=&#8221;4.27.0&#8243; _module_preset=&#8221;default&#8221; global_colors_info=&#8221;{}&#8221;][et_pb_column type=&#8221;1_2&#8243; _builder_version=&#8221;4.27.0&#8243; _module_preset=&#8221;default&#8221; global_colors_info=&#8221;{}&#8221;][et_pb_text _builder_version=&#8221;4.27.0&#8243; _module_preset=&#8221;default&#8221; custom_margin=&#8221;61px|||||&#8221; global_colors_info=&#8221;{}&#8221;]<p>En partenariat avec le Sinfonietta de Lausanne<\/p>[\/et_pb_text][\/et_pb_column][et_pb_column type=&#8221;1_2&#8243; _builder_version=&#8221;4.27.0&#8243; _module_preset=&#8221;default&#8221; global_colors_info=&#8221;{}&#8221;][et_pb_image src=&#8221;https:\/\/tulalu.ch\/wp-content\/uploads\/2024\/07\/Logo_Sinfonietta_2_pos.png&#8221; title_text=&#8221;Logo_Sinfonietta_2_pos&#8221; _builder_version=&#8221;4.27.0&#8243; _module_preset=&#8221;default&#8221; global_colors_info=&#8221;{}&#8221;][\/et_pb_image][\/et_pb_column][\/et_pb_row][\/et_pb_section][et_pb_section fb_built=&#8221;1&#8243; _builder_version=&#8221;4.27.3&#8243; _module_preset=&#8221;default&#8221; global_colors_info=&#8221;{}&#8221;][et_pb_row _builder_version=&#8221;4.27.3&#8243; _module_preset=&#8221;default&#8221; global_colors_info=&#8221;{}&#8221;][et_pb_column type=&#8221;4_4&#8243; _builder_version=&#8221;4.27.3&#8243; _module_preset=&#8221;default&#8221; global_colors_info=&#8221;{}&#8221;][et_pb_image src=&#8221;https:\/\/tulalu.ch\/wp-content\/uploads\/2024\/11\/Michele-Wehrli.jpg&#8221; _builder_version=&#8221;4.27.3&#8243; _module_preset=&#8221;default&#8221; title_text=&#8221;Mich\u00e8le Wehrli&#8221; show_in_lightbox=&#8221;on&#8221; hover_enabled=&#8221;0&#8243; sticky_enabled=&#8221;0&#8243;][\/et_pb_image][et_pb_text _builder_version=&#8221;4.27.3&#8243; _module_preset=&#8221;default&#8221; hover_enabled=&#8221;0&#8243; sticky_enabled=&#8221;0&#8243; custom_margin=&#8221;-22px|||||&#8221;]<p>Cette photo a \u00e9t\u00e9 prise par Mich\u00e8le Werhli, merci pour le partage !<\/p>[\/et_pb_text][et_pb_image src=&#8221;https:\/\/tulalu.ch\/wp-content\/uploads\/2024\/11\/PXL_20241104_180327652-scaled.jpg&#8221; title_text=&#8221;PXL_20241104_180327652&#8243; show_in_lightbox=&#8221;on&#8221; _builder_version=&#8221;4.27.3&#8243; _module_preset=&#8221;default&#8221; global_colors_info=&#8221;{}&#8221;][\/et_pb_image][\/et_pb_column][\/et_pb_row][et_pb_row column_structure=&#8221;1_3,1_3,1_3&#8243; _builder_version=&#8221;4.27.3&#8243; _module_preset=&#8221;default&#8221; global_colors_info=&#8221;{}&#8221;][et_pb_column type=&#8221;1_3&#8243; _builder_version=&#8221;4.27.3&#8243; _module_preset=&#8221;default&#8221; global_colors_info=&#8221;{}&#8221;][et_pb_image src=&#8221;https:\/\/tulalu.ch\/wp-content\/uploads\/2024\/11\/PXL_20241104_180247542-scaled.jpg&#8221; title_text=&#8221;PXL_20241104_180247542&#8243; show_in_lightbox=&#8221;on&#8221; _builder_version=&#8221;4.27.3&#8243; _module_preset=&#8221;default&#8221; global_colors_info=&#8221;{}&#8221;][\/et_pb_image][\/et_pb_column][et_pb_column type=&#8221;1_3&#8243; _builder_version=&#8221;4.27.3&#8243; _module_preset=&#8221;default&#8221; global_colors_info=&#8221;{}&#8221;][et_pb_image src=&#8221;https:\/\/tulalu.ch\/wp-content\/uploads\/2024\/11\/PXL_20241104_181747724-scaled.jpg&#8221; title_text=&#8221;PXL_20241104_181747724&#8243; show_in_lightbox=&#8221;on&#8221; _builder_version=&#8221;4.27.3&#8243; _module_preset=&#8221;default&#8221; global_colors_info=&#8221;{}&#8221;][\/et_pb_image][\/et_pb_column][et_pb_column type=&#8221;1_3&#8243; _builder_version=&#8221;4.27.3&#8243; _module_preset=&#8221;default&#8221; global_colors_info=&#8221;{}&#8221;][et_pb_image src=&#8221;https:\/\/tulalu.ch\/wp-content\/uploads\/2024\/11\/PXL_20241104_182108946-scaled.jpg&#8221; title_text=&#8221;PXL_20241104_182108946&#8243; show_in_lightbox=&#8221;on&#8221; _builder_version=&#8221;4.27.3&#8243; _module_preset=&#8221;default&#8221; global_colors_info=&#8221;{}&#8221;][\/et_pb_image][\/et_pb_column][\/et_pb_row][et_pb_row column_structure=&#8221;1_2,1_2&#8243; _builder_version=&#8221;4.27.3&#8243; _module_preset=&#8221;default&#8221; global_colors_info=&#8221;{}&#8221;][et_pb_column type=&#8221;1_2&#8243; _builder_version=&#8221;4.27.3&#8243; _module_preset=&#8221;default&#8221; global_colors_info=&#8221;{}&#8221;][et_pb_image src=&#8221;https:\/\/tulalu.ch\/wp-content\/uploads\/2024\/11\/DSC3639-scaled.jpg&#8221; title_text=&#8221;_DSC3639&#8243; show_in_lightbox=&#8221;on&#8221; _builder_version=&#8221;4.27.3&#8243; _module_preset=&#8221;default&#8221; global_colors_info=&#8221;{}&#8221;][\/et_pb_image][\/et_pb_column][et_pb_column type=&#8221;1_2&#8243; _builder_version=&#8221;4.27.3&#8243; _module_preset=&#8221;default&#8221; global_colors_info=&#8221;{}&#8221;][et_pb_image src=&#8221;https:\/\/tulalu.ch\/wp-content\/uploads\/2024\/11\/DSC3630-scaled.jpg&#8221; title_text=&#8221;_DSC3630&#8243; show_in_lightbox=&#8221;on&#8221; _builder_version=&#8221;4.27.3&#8243; _module_preset=&#8221;default&#8221; global_colors_info=&#8221;{}&#8221;][\/et_pb_image][\/et_pb_column][\/et_pb_row][et_pb_row column_structure=&#8221;1_4,1_4,1_4,1_4&#8243; _builder_version=&#8221;4.27.3&#8243; _module_preset=&#8221;default&#8221; global_colors_info=&#8221;{}&#8221;][et_pb_column type=&#8221;1_4&#8243; _builder_version=&#8221;4.27.3&#8243; _module_preset=&#8221;default&#8221; global_colors_info=&#8221;{}&#8221;][et_pb_image src=&#8221;https:\/\/tulalu.ch\/wp-content\/uploads\/2024\/11\/DSC3595-scaled.jpg&#8221; title_text=&#8221;_DSC3595&#8243; show_in_lightbox=&#8221;on&#8221; _builder_version=&#8221;4.27.3&#8243; _module_preset=&#8221;default&#8221; global_colors_info=&#8221;{}&#8221;][\/et_pb_image][\/et_pb_column][et_pb_column type=&#8221;1_4&#8243; _builder_version=&#8221;4.27.3&#8243; _module_preset=&#8221;default&#8221; global_colors_info=&#8221;{}&#8221;][et_pb_image src=&#8221;https:\/\/tulalu.ch\/wp-content\/uploads\/2024\/11\/DSC3605-scaled.jpg&#8221; title_text=&#8221;_DSC3605&#8243; show_in_lightbox=&#8221;on&#8221; _builder_version=&#8221;4.27.3&#8243; _module_preset=&#8221;default&#8221; global_colors_info=&#8221;{}&#8221;][\/et_pb_image][\/et_pb_column][et_pb_column type=&#8221;1_4&#8243; _builder_version=&#8221;4.27.3&#8243; _module_preset=&#8221;default&#8221; global_colors_info=&#8221;{}&#8221;][et_pb_image src=&#8221;https:\/\/tulalu.ch\/wp-content\/uploads\/2024\/11\/DSC3603-scaled.jpg&#8221; title_text=&#8221;_DSC3603&#8243; show_in_lightbox=&#8221;on&#8221; _builder_version=&#8221;4.27.3&#8243; _module_preset=&#8221;default&#8221; global_colors_info=&#8221;{}&#8221;][\/et_pb_image][\/et_pb_column][et_pb_column type=&#8221;1_4&#8243; _builder_version=&#8221;4.27.3&#8243; _module_preset=&#8221;default&#8221; global_colors_info=&#8221;{}&#8221;][et_pb_image src=&#8221;https:\/\/tulalu.ch\/wp-content\/uploads\/2024\/11\/DSC3606-scaled.jpg&#8221; title_text=&#8221;_DSC3606&#8243; show_in_lightbox=&#8221;on&#8221; _builder_version=&#8221;4.27.3&#8243; _module_preset=&#8221;default&#8221; global_colors_info=&#8221;{}&#8221;][\/et_pb_image][\/et_pb_column][\/et_pb_row][et_pb_row _builder_version=&#8221;4.27.3&#8243; _module_preset=&#8221;default&#8221; global_colors_info=&#8221;{}&#8221;][et_pb_column type=&#8221;4_4&#8243; _builder_version=&#8221;4.27.3&#8243; _module_preset=&#8221;default&#8221; global_colors_info=&#8221;{}&#8221;][et_pb_image src=&#8221;https:\/\/tulalu.ch\/wp-content\/uploads\/2024\/11\/DSC3600-scaled.jpg&#8221; title_text=&#8221;_DSC3600&#8243; show_in_lightbox=&#8221;on&#8221; _builder_version=&#8221;4.27.3&#8243; _module_preset=&#8221;default&#8221; global_colors_info=&#8221;{}&#8221;][\/et_pb_image][\/et_pb_column][\/et_pb_row][et_pb_row column_structure=&#8221;1_2,1_2&#8243; _builder_version=&#8221;4.27.3&#8243; _module_preset=&#8221;default&#8221; global_colors_info=&#8221;{}&#8221;][et_pb_column type=&#8221;1_2&#8243; _builder_version=&#8221;4.27.3&#8243; _module_preset=&#8221;default&#8221; global_colors_info=&#8221;{}&#8221;][et_pb_image src=&#8221;https:\/\/tulalu.ch\/wp-content\/uploads\/2024\/11\/PXL_20241104_185030795-scaled.jpg&#8221; title_text=&#8221;PXL_20241104_185030795&#8243; show_in_lightbox=&#8221;on&#8221; _builder_version=&#8221;4.27.3&#8243; _module_preset=&#8221;default&#8221; global_colors_info=&#8221;{}&#8221;][\/et_pb_image][\/et_pb_column][et_pb_column type=&#8221;1_2&#8243; _builder_version=&#8221;4.27.3&#8243; _module_preset=&#8221;default&#8221; global_colors_info=&#8221;{}&#8221;][et_pb_image src=&#8221;https:\/\/tulalu.ch\/wp-content\/uploads\/2024\/11\/PXL_20241104_191612387-scaled.jpg&#8221; title_text=&#8221;PXL_20241104_191612387&#8243; show_in_lightbox=&#8221;on&#8221; _builder_version=&#8221;4.27.3&#8243; _module_preset=&#8221;default&#8221; global_colors_info=&#8221;{}&#8221;][\/et_pb_image][\/et_pb_column][\/et_pb_row][et_pb_row column_structure=&#8221;1_2,1_2&#8243; _builder_version=&#8221;4.27.3&#8243; _module_preset=&#8221;default&#8221; global_colors_info=&#8221;{}&#8221;][et_pb_column type=&#8221;1_2&#8243; _builder_version=&#8221;4.27.3&#8243; _module_preset=&#8221;default&#8221; global_colors_info=&#8221;{}&#8221;][et_pb_image src=&#8221;https:\/\/tulalu.ch\/wp-content\/uploads\/2024\/11\/PXL_20241104_180254959-scaled.jpg&#8221; title_text=&#8221;PXL_20241104_180254959&#8243; show_in_lightbox=&#8221;on&#8221; _builder_version=&#8221;4.27.3&#8243; _module_preset=&#8221;default&#8221; global_colors_info=&#8221;{}&#8221;][\/et_pb_image][\/et_pb_column][et_pb_column type=&#8221;1_2&#8243; _builder_version=&#8221;4.27.3&#8243; _module_preset=&#8221;default&#8221; global_colors_info=&#8221;{}&#8221;][et_pb_image src=&#8221;https:\/\/tulalu.ch\/wp-content\/uploads\/2024\/11\/PXL_20241104_192651726-scaled.jpg&#8221; title_text=&#8221;PXL_20241104_192651726&#8243; show_in_lightbox=&#8221;on&#8221; _builder_version=&#8221;4.27.3&#8243; _module_preset=&#8221;default&#8221; global_colors_info=&#8221;{}&#8221;][\/et_pb_image][\/et_pb_column][\/et_pb_row][et_pb_row column_structure=&#8221;1_2,1_2&#8243; _builder_version=&#8221;4.27.3&#8243; _module_preset=&#8221;default&#8221; global_colors_info=&#8221;{}&#8221;][et_pb_column type=&#8221;1_2&#8243; _builder_version=&#8221;4.27.3&#8243; _module_preset=&#8221;default&#8221; global_colors_info=&#8221;{}&#8221;][et_pb_image src=&#8221;https:\/\/tulalu.ch\/wp-content\/uploads\/2024\/11\/DSC3654-scaled.jpg&#8221; title_text=&#8221;_DSC3654&#8243; show_in_lightbox=&#8221;on&#8221; _builder_version=&#8221;4.27.3&#8243; _module_preset=&#8221;default&#8221; global_colors_info=&#8221;{}&#8221;][\/et_pb_image][\/et_pb_column][et_pb_column type=&#8221;1_2&#8243; _builder_version=&#8221;4.27.3&#8243; _module_preset=&#8221;default&#8221; global_colors_info=&#8221;{}&#8221;][et_pb_image src=&#8221;https:\/\/tulalu.ch\/wp-content\/uploads\/2024\/11\/DSC3649-scaled.jpg&#8221; title_text=&#8221;_DSC3649&#8243; show_in_lightbox=&#8221;on&#8221; _builder_version=&#8221;4.27.3&#8243; _module_preset=&#8221;default&#8221; global_colors_info=&#8221;{}&#8221;][\/et_pb_image][\/et_pb_column][\/et_pb_row][\/et_pb_section]\n","protected":false},"excerpt":{"rendered":"<p>Lundi 4 novembre 2024, 19 h<br \/>\nAntonin Scherrer a racont\u00e9 la vie d\u2019Andr\u00e9 de Ribaupierre (&#8220;Andr\u00e9 de Ribaupierre, une famille au service de la musique&#8221;, Infolio, 2017). Associ\u00e9 \u00e0 l\u2019aventure, le Sinfonietta de Lausanne a jou\u00e9. Anne Laure Gannac a marqu\u00e9 le tempo.<\/p>\n","protected":false},"author":2,"featured_media":1731,"comment_status":"open","ping_status":"open","sticky":false,"template":"","format":"standard","meta":{"_et_pb_use_builder":"on","_et_pb_old_content":"","_et_gb_content_width":"","footnotes":""},"categories":[5],"tags":[],"class_list":["post-1745","post","type-post","status-publish","format-standard","has-post-thumbnail","hentry","category-rencontres-passees"],"_links":{"self":[{"href":"https:\/\/tulalu.ch\/index.php?rest_route=\/wp\/v2\/posts\/1745","targetHints":{"allow":["GET"]}}],"collection":[{"href":"https:\/\/tulalu.ch\/index.php?rest_route=\/wp\/v2\/posts"}],"about":[{"href":"https:\/\/tulalu.ch\/index.php?rest_route=\/wp\/v2\/types\/post"}],"author":[{"embeddable":true,"href":"https:\/\/tulalu.ch\/index.php?rest_route=\/wp\/v2\/users\/2"}],"replies":[{"embeddable":true,"href":"https:\/\/tulalu.ch\/index.php?rest_route=%2Fwp%2Fv2%2Fcomments&post=1745"}],"version-history":[{"count":16,"href":"https:\/\/tulalu.ch\/index.php?rest_route=\/wp\/v2\/posts\/1745\/revisions"}],"predecessor-version":[{"id":2174,"href":"https:\/\/tulalu.ch\/index.php?rest_route=\/wp\/v2\/posts\/1745\/revisions\/2174"}],"wp:featuredmedia":[{"embeddable":true,"href":"https:\/\/tulalu.ch\/index.php?rest_route=\/wp\/v2\/media\/1731"}],"wp:attachment":[{"href":"https:\/\/tulalu.ch\/index.php?rest_route=%2Fwp%2Fv2%2Fmedia&parent=1745"}],"wp:term":[{"taxonomy":"category","embeddable":true,"href":"https:\/\/tulalu.ch\/index.php?rest_route=%2Fwp%2Fv2%2Fcategories&post=1745"},{"taxonomy":"post_tag","embeddable":true,"href":"https:\/\/tulalu.ch\/index.php?rest_route=%2Fwp%2Fv2%2Ftags&post=1745"}],"curies":[{"name":"wp","href":"https:\/\/api.w.org\/{rel}","templated":true}]}}