{"id":1757,"date":"2024-08-17T12:58:29","date_gmt":"2024-08-17T12:58:29","guid":{"rendered":"https:\/\/tulalu.ch\/?p=1757"},"modified":"2025-08-22T16:51:47","modified_gmt":"2025-08-22T16:51:47","slug":"rencontre-avec-marie-perny","status":"publish","type":"post","link":"https:\/\/tulalu.ch\/?p=1757","title":{"rendered":"Rencontre avec Marie Perny"},"content":{"rendered":"\n[et_pb_section fb_built=&#8221;1&#8243; admin_label=&#8221;section&#8221; _builder_version=&#8221;4.16&#8243; global_colors_info=&#8221;{}&#8221;][et_pb_row admin_label=&#8221;row&#8221; _builder_version=&#8221;4.16&#8243; background_size=&#8221;initial&#8221; background_position=&#8221;top_left&#8221; background_repeat=&#8221;repeat&#8221; min_height=&#8221;399px&#8221; custom_margin=&#8221;|auto|-98px|auto||&#8221; custom_padding=&#8221;14px||0px|||&#8221; global_colors_info=&#8221;{}&#8221;][et_pb_column type=&#8221;4_4&#8243; _builder_version=&#8221;4.16&#8243; custom_padding=&#8221;|||&#8221; global_colors_info=&#8221;{}&#8221; custom_padding__hover=&#8221;|||&#8221;][et_pb_text admin_label=&#8221;Text&#8221; _builder_version=&#8221;4.27.0&#8243; background_size=&#8221;initial&#8221; background_position=&#8221;top_left&#8221; background_repeat=&#8221;repeat&#8221; min_height=&#8221;129px&#8221; custom_padding=&#8221;||0px|||&#8221; global_colors_info=&#8221;{}&#8221;]<h3><!-- divi:paragraph --><span style=\"color: #000080;\"><strong>Jeudi 12 d\u00e9cembre 2024, 18 h 30<\/strong><\/span><\/h3>\n<p><em>Mus\u00e9e cantonal des Beaux-Arts (MCBA), Pl. de la Gare 16, 1003 Lausanne\u00a0<\/em><em> (<a href=\"https:\/\/maps.app.goo.gl\/a3Y1nbBquPiRx11t7\" target=\"_blank\" rel=\"noopener\">voir sur Google Maps<\/a>)<\/em><\/p>\n<p><em style=\"font-size: 16px;\"><span style=\"font-size: medium;\">Il est recommand\u00e9 de s&#8217;inscrire aux \u00e9v\u00e9nements \u00e0 l&#8217;adresse mail suivante : <a href=\"mailto:info@tulalu.ch\">info@tulalu.ch<\/a> ! Les places peuvent \u00eatre limit\u00e9es.<\/span><\/em><\/p>\n<p>&nbsp;<\/p>\n<p>&nbsp;<\/p>\n<p><!-- \/divi:paragraph --><\/p>[\/et_pb_text][et_pb_text _builder_version=&#8221;4.27.3&#8243; _module_preset=&#8221;default&#8221; custom_margin=&#8221;8px||||false|false&#8221; hover_enabled=&#8221;0&#8243; global_colors_info=&#8221;{}&#8221; sticky_enabled=&#8221;0&#8243;]<p>Nous avons plong\u00e9 dans un \u00e9pisode trouble de l\u2019histoire des beaux-arts avec <strong>Marie Perny<\/strong> et son roman <em>Vie imaginaire de Cornelius G.<\/em> (L\u2019Aire, 2023). <strong>Florence Grivel<\/strong> a men\u00e9 l\u2019entretien. <strong>Heidi Kipfer<\/strong> a interpr\u00e9t\u00e9 des chansons de Bertolt Brecht &amp; Kurt Weill. <strong>Lea Gasser<\/strong> l\u2019a accompagn\u00e9 \u00e0 l\u2019accord\u00e9on.<\/p>\n<p>Un grand merci \u00e0 la ville de Lausanne pour le vin qui nous a permis d&#8217;offrir un vin chaud et \u00e0 Lia Martinelli pour l&#8217;organisation de la verr\u00e9e.<\/p>\n<p>&nbsp;<\/p>[\/et_pb_text][\/et_pb_column][\/et_pb_row][et_pb_row column_structure=&#8221;1_2,1_2&#8243; _builder_version=&#8221;4.22.1&#8243; _module_preset=&#8221;default&#8221; custom_padding=&#8221;||36px|||&#8221; global_colors_info=&#8221;{}&#8221;][et_pb_column type=&#8221;1_2&#8243; _builder_version=&#8221;4.22.1&#8243; _module_preset=&#8221;default&#8221; global_colors_info=&#8221;{}&#8221;][et_pb_image src=&#8221;https:\/\/tulalu.ch\/wp-content\/uploads\/2024\/11\/tiny-IMG_3014-scaled.jpg&#8221; title_text=&#8221;tiny IMG_3014&#8243; show_in_lightbox=&#8221;on&#8221; align=&#8221;center&#8221; force_fullwidth=&#8221;on&#8221; _builder_version=&#8221;4.27.3&#8243; _module_preset=&#8221;default&#8221; custom_margin=&#8221;||13px|||&#8221; global_colors_info=&#8221;{}&#8221;][\/et_pb_image][\/et_pb_column][et_pb_column type=&#8221;1_2&#8243; _builder_version=&#8221;4.22.1&#8243; _module_preset=&#8221;default&#8221; global_colors_info=&#8221;{}&#8221;][et_pb_image src=&#8221;https:\/\/tulalu.ch\/wp-content\/uploads\/2024\/08\/Tiny-Couverture-Vie-imaginaire-de-Cornelius-G.jpg&#8221; title_text=&#8221;Tiny Couverture Vie imaginaire de Corn\u00e9lius G&#8221; show_in_lightbox=&#8221;on&#8221; force_fullwidth=&#8221;on&#8221; _builder_version=&#8221;4.27.0&#8243; _module_preset=&#8221;default&#8221; global_colors_info=&#8221;{}&#8221;][\/et_pb_image][\/et_pb_column][\/et_pb_row][et_pb_row _builder_version=&#8221;4.27.3&#8243; _module_preset=&#8221;default&#8221;][et_pb_column _builder_version=&#8221;4.27.3&#8243; _module_preset=&#8221;default&#8221; type=&#8221;4_4&#8243;][et_pb_image src=&#8221;https:\/\/tulalu.ch\/wp-content\/uploads\/2024\/12\/DSC0234-scaled.jpg&#8221; _builder_version=&#8221;4.27.3&#8243; _module_preset=&#8221;default&#8221; title_text=&#8221;_DSC0234&#8243; show_in_lightbox=&#8221;on&#8221; hover_enabled=&#8221;0&#8243; sticky_enabled=&#8221;0&#8243;][\/et_pb_image][\/et_pb_column][\/et_pb_row][et_pb_row _builder_version=&#8221;4.19.4&#8243; _module_preset=&#8221;default&#8221; min_height=&#8221;371.2px&#8221; custom_margin=&#8221;|auto|-19px|auto||&#8221; custom_padding=&#8221;58px|||||&#8221; global_colors_info=&#8221;{}&#8221;][et_pb_column type=&#8221;4_4&#8243; _builder_version=&#8221;4.19.4&#8243; _module_preset=&#8221;default&#8221; global_colors_info=&#8221;{}&#8221;][et_pb_text _builder_version=&#8221;4.27.3&#8243; _module_preset=&#8221;default&#8221; custom_margin=&#8221;||-2px|||&#8221; global_colors_info=&#8221;{}&#8221;]<p>Cornelius G. a bien exist\u00e9. Alors pourquoi proposer \u00e0 la lecture la \u00ab vie imaginaire \u00bb d\u2019une personne r\u00e9elle maintenant d\u00e9c\u00e9d\u00e9e ? De quelle imagination s\u2019agit-il ? La sienne ? Non, il n\u2019a laiss\u00e9 aucun \u00e9crit qui donnerait acc\u00e8s \u00e0 sa vie int\u00e9rieure et n\u2019a donn\u00e9 qu\u2019une seule interview \u00e0 la fin de sa vie.<\/p>\n<p>L\u2019affaire G. \u00e9clate en 2013 et va faire la une des m\u00e9dias, notamment en Suisse al\u00e9manique. A cette \u00e9poque, l\u2019autrice, qui travaille dans un mus\u00e9e, apprend que l\u2019homme l\u00e8gue un important ensemble d\u2019\u0153uvres au Kunstmuseum de Berne. Elle d\u00e9couvre alors que la vie de cet homme a une ind\u00e9niable dimension romanesque.<\/p>\n<p>Cornelius G. vit seul. On le devine chez lui, assis dans sa cuisine, le dos au mur, veillant sur une collection d\u2019art exceptionnelle dont l\u2019histoire est tr\u00e8s compliqu\u00e9e. Il parle \u00e0 ses tableaux. Que leur dit-il ? Que lui disent-ils ?<\/p>\n<p>L\u2019autrice imagine ce dialogue avec ces \u0153uvres devenues malgr\u00e9 elles le reflet d\u2019une bien sombre \u00e9poque.<\/p>\n<p><strong>Marie Perny<\/strong> a d\u2019abord \u00e9t\u00e9 musicienne, chanteuse et com\u00e9dienne, en France o\u00f9 elle est n\u00e9e en 1958, puis en Suisse d\u00e8s les ann\u00e9es 1990 avec des comp\u00e8res devenus amis comme Heidi Kipfer, Daniel Perrin et Lee Maddeford. Apr\u00e8s, elle a travaill\u00e9 \u00e0 temps partiel au Mus\u00e9e Historique Lausanne tout en prenant le chemin de l\u2019\u00e9criture qui lui sembla durant de trop longues ann\u00e9es un horizon inaccessible. Par ailleurs, elle produit \u00e0 temps perdu des textes et motifs qu\u2019elle brode sur des draps anciens et qu\u2019elle expose parfois.<\/p>\n<p>&nbsp;<\/p>\n<p>Historienne de l\u2019art de formation, <strong>Florence Grivel<\/strong>, n\u00e9e en 1969, vit et travaille \u00e0 Lausanne. Enseignante \u00e0 l\u2019Ecole des Arts appliqu\u00e9s \u00e0 Vevey, elle devient responsable de l\u2019Unit\u00e9 de th\u00e9orie de l\u2019ECAL (Ecole Cantonale d\u2019Art, Lausanne) jusqu\u2019en 2004. Depuis 2001, elle travaille notamment comme sp\u00e9cialiste en arts visuels dans divers magazines culturels de la RTS (Vertigo, La Premi\u00e8re) et co-produit l\u2019\u00e9mission \u00ab\u00a0La vie \u00e0 peu pr\u00e8s\u00a0\u00bb sur Espace 2. En parall\u00e8le, elle est auteure de fictions et de textes autobiographiques, elle peint, \u00e9crit des textes et des entretiens d\u2019artistes, con\u00e7oit des expositions, des audio-guides pour des expositions de diverses institutions culturelles, r\u00e9alise des podcasts culturels, chante, performe et propose des lectures augment\u00e9es sur sc\u00e8ne et dans des mus\u00e9es.<\/p>\n<p>&nbsp;<\/p>\n<p><strong>Heidi Kipfer<\/strong> est com\u00e9dienne, chanteuse, metteure en sc\u00e8ne. Elle dirige la CIE Mezza-Luna \u00e0 Lausanne. Partageant depuis de nombreuses ann\u00e9es une complicit\u00e9 artistique et amicale avec Marie Perny, elle interpr\u00e9tera des airs de Bertolt Brecht &amp; Kurt Weill : \u00ab Youkali \u00bb, \u00ab Die Seer\u00e4uber-Jenny \u00bb et \u00ab Ballade vom F\u00f6rster und der Gr\u00e4fin \u00bb.<\/p>\n<p>&nbsp;<\/p>\n<p><strong>Lea Gasser<\/strong> est une accord\u00e9oniste et compositrice. Elle est attir\u00e9e par le Jazz et la musique improvis\u00e9e. Passionn\u00e9e par des styles de musique tr\u00e8s vari\u00e9s, elle fait partie de diverses formations. Lea est \u00e9galement professeure d&#8217;accord\u00e9on \u00e0 l&#8217;Ecole de musique d&#8217;Olten depuis 2018 et enseigne \u00e0 des \u00e9tudiant.es priv\u00e9.es.<\/p>[\/et_pb_text][\/et_pb_column][\/et_pb_row][et_pb_row _builder_version=&#8221;4.27.3&#8243; _module_preset=&#8221;default&#8221; column_structure=&#8221;1_3,1_3,1_3&#8243;][et_pb_column _builder_version=&#8221;4.27.3&#8243; _module_preset=&#8221;default&#8221; type=&#8221;1_3&#8243;][et_pb_image src=&#8221;https:\/\/tulalu.ch\/wp-content\/uploads\/2024\/12\/DSC0182-scaled.jpg&#8221; _builder_version=&#8221;4.27.3&#8243; _module_preset=&#8221;default&#8221; title_text=&#8221;_DSC0182&#8243; show_in_lightbox=&#8221;on&#8221; hover_enabled=&#8221;0&#8243; sticky_enabled=&#8221;0&#8243;][\/et_pb_image][\/et_pb_column][et_pb_column _builder_version=&#8221;4.27.3&#8243; _module_preset=&#8221;default&#8221; type=&#8221;1_3&#8243;][et_pb_image src=&#8221;https:\/\/tulalu.ch\/wp-content\/uploads\/2024\/12\/DSC0108-scaled.jpg&#8221; _builder_version=&#8221;4.27.3&#8243; _module_preset=&#8221;default&#8221; title_text=&#8221;_DSC0108&#8243; show_in_lightbox=&#8221;on&#8221; hover_enabled=&#8221;0&#8243; sticky_enabled=&#8221;0&#8243;][\/et_pb_image][\/et_pb_column][et_pb_column _builder_version=&#8221;4.27.3&#8243; _module_preset=&#8221;default&#8221; type=&#8221;1_3&#8243;][et_pb_image src=&#8221;https:\/\/tulalu.ch\/wp-content\/uploads\/2024\/12\/DSC0102-scaled.jpg&#8221; _builder_version=&#8221;4.27.3&#8243; _module_preset=&#8221;default&#8221; title_text=&#8221;_DSC0102&#8243; show_in_lightbox=&#8221;on&#8221; hover_enabled=&#8221;0&#8243; sticky_enabled=&#8221;0&#8243;][\/et_pb_image][\/et_pb_column][\/et_pb_row][et_pb_row _builder_version=&#8221;4.27.3&#8243; _module_preset=&#8221;default&#8221; column_structure=&#8221;1_2,1_2&#8243;][et_pb_column _builder_version=&#8221;4.27.3&#8243; _module_preset=&#8221;default&#8221; type=&#8221;1_2&#8243;][et_pb_image src=&#8221;https:\/\/tulalu.ch\/wp-content\/uploads\/2024\/12\/DSC0139-scaled.jpg&#8221; _builder_version=&#8221;4.27.3&#8243; _module_preset=&#8221;default&#8221; title_text=&#8221;_DSC0139&#8243; show_in_lightbox=&#8221;on&#8221; hover_enabled=&#8221;0&#8243; sticky_enabled=&#8221;0&#8243;][\/et_pb_image][\/et_pb_column][et_pb_column _builder_version=&#8221;4.27.3&#8243; _module_preset=&#8221;default&#8221; type=&#8221;1_2&#8243;][et_pb_image src=&#8221;https:\/\/tulalu.ch\/wp-content\/uploads\/2024\/12\/PXL_20241212_173603563-scaled.jpg&#8221; _builder_version=&#8221;4.27.3&#8243; _module_preset=&#8221;default&#8221; hover_enabled=&#8221;0&#8243; sticky_enabled=&#8221;0&#8243; title_text=&#8221;PXL_20241212_173603563&#8243; show_in_lightbox=&#8221;on&#8221;][\/et_pb_image][\/et_pb_column][\/et_pb_row][et_pb_row _builder_version=&#8221;4.27.3&#8243; _module_preset=&#8221;default&#8221; column_structure=&#8221;1_3,1_3,1_3&#8243;][et_pb_column _builder_version=&#8221;4.27.3&#8243; _module_preset=&#8221;default&#8221; type=&#8221;1_3&#8243;][et_pb_image src=&#8221;https:\/\/tulalu.ch\/wp-content\/uploads\/2024\/12\/PXL_20241212_173114741-scaled.jpg&#8221; _builder_version=&#8221;4.27.3&#8243; _module_preset=&#8221;default&#8221; title_text=&#8221;PXL_20241212_173114741&#8243; show_in_lightbox=&#8221;on&#8221; hover_enabled=&#8221;0&#8243; sticky_enabled=&#8221;0&#8243;][\/et_pb_image][\/et_pb_column][et_pb_column _builder_version=&#8221;4.27.3&#8243; _module_preset=&#8221;default&#8221; type=&#8221;1_3&#8243;][et_pb_image src=&#8221;https:\/\/tulalu.ch\/wp-content\/uploads\/2024\/12\/PXL_20241212_173135608-scaled.jpg&#8221; _builder_version=&#8221;4.27.3&#8243; _module_preset=&#8221;default&#8221; title_text=&#8221;PXL_20241212_173135608&#8243; show_in_lightbox=&#8221;on&#8221; hover_enabled=&#8221;0&#8243; sticky_enabled=&#8221;0&#8243;][\/et_pb_image][\/et_pb_column][et_pb_column _builder_version=&#8221;4.27.3&#8243; _module_preset=&#8221;default&#8221; type=&#8221;1_3&#8243;][et_pb_image src=&#8221;https:\/\/tulalu.ch\/wp-content\/uploads\/2024\/12\/PXL_20241212_173643696-scaled.jpg&#8221; _builder_version=&#8221;4.27.3&#8243; _module_preset=&#8221;default&#8221; title_text=&#8221;PXL_20241212_173643696&#8243; show_in_lightbox=&#8221;on&#8221; hover_enabled=&#8221;0&#8243; sticky_enabled=&#8221;0&#8243;][\/et_pb_image][\/et_pb_column][\/et_pb_row][et_pb_row _builder_version=&#8221;4.27.3&#8243; _module_preset=&#8221;default&#8221;][et_pb_column _builder_version=&#8221;4.27.3&#8243; _module_preset=&#8221;default&#8221; type=&#8221;4_4&#8243;][et_pb_image src=&#8221;https:\/\/tulalu.ch\/wp-content\/uploads\/2024\/12\/PXL_20241212_173603563-scaled.jpg&#8221; _builder_version=&#8221;4.27.3&#8243; _module_preset=&#8221;default&#8221; title_text=&#8221;PXL_20241212_173603563&#8243; hover_enabled=&#8221;0&#8243; sticky_enabled=&#8221;0&#8243;][\/et_pb_image][\/et_pb_column][\/et_pb_row][et_pb_row _builder_version=&#8221;4.27.3&#8243; _module_preset=&#8221;default&#8221; column_structure=&#8221;1_2,1_2&#8243;][et_pb_column _builder_version=&#8221;4.27.3&#8243; _module_preset=&#8221;default&#8221; type=&#8221;1_2&#8243;][et_pb_image src=&#8221;https:\/\/tulalu.ch\/wp-content\/uploads\/2024\/12\/DSC0203-scaled.jpg&#8221; _builder_version=&#8221;4.27.3&#8243; _module_preset=&#8221;default&#8221; title_text=&#8221;_DSC0203&#8243; show_in_lightbox=&#8221;on&#8221; hover_enabled=&#8221;0&#8243; sticky_enabled=&#8221;0&#8243;][\/et_pb_image][\/et_pb_column][et_pb_column _builder_version=&#8221;4.27.3&#8243; _module_preset=&#8221;default&#8221; type=&#8221;1_2&#8243;][et_pb_image src=&#8221;https:\/\/tulalu.ch\/wp-content\/uploads\/2024\/12\/DSC0200-scaled.jpg&#8221; _builder_version=&#8221;4.27.3&#8243; _module_preset=&#8221;default&#8221; title_text=&#8221;_DSC0200&#8243; show_in_lightbox=&#8221;on&#8221; hover_enabled=&#8221;0&#8243; sticky_enabled=&#8221;0&#8243;][\/et_pb_image][\/et_pb_column][\/et_pb_row][et_pb_row _builder_version=&#8221;4.27.3&#8243; _module_preset=&#8221;default&#8221;][et_pb_column _builder_version=&#8221;4.27.3&#8243; _module_preset=&#8221;default&#8221; type=&#8221;4_4&#8243;][et_pb_image src=&#8221;https:\/\/tulalu.ch\/wp-content\/uploads\/2024\/12\/PXL_20241212_181652024.PORTRAIT.ORIGINAL-scaled.jpg&#8221; _builder_version=&#8221;4.27.3&#8243; _module_preset=&#8221;default&#8221; title_text=&#8221;PXL_20241212_181652024.PORTRAIT.ORIGINAL&#8221; show_in_lightbox=&#8221;on&#8221; hover_enabled=&#8221;0&#8243; sticky_enabled=&#8221;0&#8243;][\/et_pb_image][\/et_pb_column][\/et_pb_row][\/et_pb_section]\n","protected":false},"excerpt":{"rendered":"<p>Jeudi 12 d\u00e9cembre 2024, 18 h 30<br \/>\nNous avons plong\u00e9 dans un \u00e9pisode trouble de l\u2019histoire des beaux-arts avec Marie Perny et son roman &#8220;Vie imaginaire de Cornelius G.&#8221; (L\u2019Aire, 2023). Florence Grivel a men\u00e9 l\u2019entretien. Heidi Kipfer a interpr\u00e9t\u00e9 des chansons de Bertolt Brecht &#038; Kurt Weill. Lea Gasser l\u2019a accompagn\u00e9e \u00e0 l\u2019accord\u00e9on.    <\/p>\n","protected":false},"author":2,"featured_media":1732,"comment_status":"open","ping_status":"open","sticky":false,"template":"","format":"standard","meta":{"_et_pb_use_builder":"on","_et_pb_old_content":"","_et_gb_content_width":"","footnotes":""},"categories":[5],"tags":[],"class_list":["post-1757","post","type-post","status-publish","format-standard","has-post-thumbnail","hentry","category-rencontres-passees"],"_links":{"self":[{"href":"https:\/\/tulalu.ch\/index.php?rest_route=\/wp\/v2\/posts\/1757","targetHints":{"allow":["GET"]}}],"collection":[{"href":"https:\/\/tulalu.ch\/index.php?rest_route=\/wp\/v2\/posts"}],"about":[{"href":"https:\/\/tulalu.ch\/index.php?rest_route=\/wp\/v2\/types\/post"}],"author":[{"embeddable":true,"href":"https:\/\/tulalu.ch\/index.php?rest_route=\/wp\/v2\/users\/2"}],"replies":[{"embeddable":true,"href":"https:\/\/tulalu.ch\/index.php?rest_route=%2Fwp%2Fv2%2Fcomments&post=1757"}],"version-history":[{"count":16,"href":"https:\/\/tulalu.ch\/index.php?rest_route=\/wp\/v2\/posts\/1757\/revisions"}],"predecessor-version":[{"id":2173,"href":"https:\/\/tulalu.ch\/index.php?rest_route=\/wp\/v2\/posts\/1757\/revisions\/2173"}],"wp:featuredmedia":[{"embeddable":true,"href":"https:\/\/tulalu.ch\/index.php?rest_route=\/wp\/v2\/media\/1732"}],"wp:attachment":[{"href":"https:\/\/tulalu.ch\/index.php?rest_route=%2Fwp%2Fv2%2Fmedia&parent=1757"}],"wp:term":[{"taxonomy":"category","embeddable":true,"href":"https:\/\/tulalu.ch\/index.php?rest_route=%2Fwp%2Fv2%2Fcategories&post=1757"},{"taxonomy":"post_tag","embeddable":true,"href":"https:\/\/tulalu.ch\/index.php?rest_route=%2Fwp%2Fv2%2Ftags&post=1757"}],"curies":[{"name":"wp","href":"https:\/\/api.w.org\/{rel}","templated":true}]}}