{"id":186,"date":"2021-11-15T08:16:00","date_gmt":"2021-11-15T08:16:00","guid":{"rendered":"https:\/\/tulalunew.rvpb.ch\/?p=186"},"modified":"2022-02-11T15:04:30","modified_gmt":"2022-02-11T15:04:30","slug":"rencontre-avec-marie-christine-horn","status":"publish","type":"post","link":"https:\/\/tulalu.ch\/?p=186","title":{"rendered":"Rencontre avec Marie-Christine Horn"},"content":{"rendered":"\n<p class=\"wp-block-paragraph\">Le lundi 15 novembre, nous avons d\u00e9couvert le roman <em>Dans l\u2019\u00e9tang de feu et de soufre <\/em>(BSN Press, 2021) de Marie-Christine Horn, tout fra\u00eechement sorti de presse.<\/p>\n\n\n\n<p class=\"wp-block-paragraph\">M\u00e9lanie Chappuis en a lu des extraits, Pierre Fankhauser a assur\u00e9 la mod\u00e9ration. C&#8217;est le Caf\u00e9 de Montelly qui nous a chaleureusement accueillis et qui nous a propos\u00e9 l&#8217;ap\u00e9ritif ainsi qu&#8217;une bonne soupe.<\/p>\n\n\n\n<p class=\"wp-block-paragraph\">Voici une pr\u00e9sentation de l&#8217;ouvrage:<\/p>\n\n\n\n<p class=\"wp-block-paragraph\">Le feu a d\u00e9vor\u00e9 Marcel de l\u2019int\u00e9rieur\u2026 Il ne reste de lui que les extr\u00e9mit\u00e9s \u2013 la t\u00eate, les bras et les pieds \u2013 au milieu de ses cendres\u2026 Et ce n\u2019est pas tout. Les policiers d\u00e9p\u00each\u00e9s sur les lieux du drame ne peuvent que constater l\u2019\u00e9paisseur du myst\u00e8re. De quelle mani\u00e8re l\u2019homme a-t-il pu se consumer presque enti\u00e8rement sans endommager le mobilier environnant&nbsp;?&nbsp;<\/p>\n\n\n\n<p class=\"wp-block-paragraph\">La narration initiale, naviguant entre les premiers \u00e9l\u00e9ments de l\u2019enqu\u00eate et les rumeurs insistantes du mythique bistrot du coin, dessine trois pistes plausibles&nbsp;: meurtre, accident ou ph\u00e9nom\u00e8ne de combustion spontan\u00e9e. Un faisceau d\u2019indices convergents fait pencher la balance du c\u00f4t\u00e9 de la premi\u00e8re hypoth\u00e8se, et d\u00e9signe le fils de la victime comme principal suspect. Voulant lui venir en aide, Val\u00e9rie, la fianc\u00e9e du pr\u00e9sum\u00e9 coupable, se r\u00e9sout \u00e0 appeler son p\u00e8re.&nbsp;<\/p>\n\n\n\n<p class=\"wp-block-paragraph\">Apr\u00e8s <em>La Piq\u00fbre <\/em>(Mic-Mac, 2008&nbsp;; r\u00e9\u00e9dition L\u2019\u00c2ge d\u2019Homme, 2017) et <em>Tout ce qui est rouge <\/em>(L\u2019\u00c2ge d\u2019Homme, 2015), l\u2019inspecteur lausannois Charles Rouzier reprend du service loin de sa zone de confort&nbsp;; une nouvelle affaire o\u00f9 le projette son d\u00e9sir de r\u00e9demption envers une femme, sa propre fille qu\u2019il avait jusque-l\u00e0 n\u00e9glig\u00e9e. Mais, dans sa recherche de la v\u00e9rit\u00e9 en terre fribourgeoise, Charles Rouzier devra faire face aux guerres de juridictions, aux secrets de famille, \u00e0 l\u2019omerta villageoise et \u00e0 ses propres d\u00e9mons.<em>Dans l\u2019\u00e9tang de feu et de soufre,<\/em> Marie-Christine Horn confirme la veine engag\u00e9e, transversale et noire, de sa d\u00e9marche litt\u00e9raire&nbsp;: le tragique de l\u2019enqu\u00eate polici\u00e8re disputant le premier r\u00f4le \u00e0 l\u2019humour mordant de l\u2019enqu\u00eate ethnographique.<\/p>\n","protected":false},"excerpt":{"rendered":"<p>Le lundi 15 novembre, nous avons d\u00e9couvert le roman Dans l\u2019\u00e9tang de feu et de soufre (BSN Press, 2021) de Marie-Christine Horn, tout fra\u00eechement sorti de presse. M\u00e9lanie Chappuis en a lu des extraits, Pierre Fankhauser a assur\u00e9 la mod\u00e9ration. C&#8217;est le Caf\u00e9 de Montelly qui nous a chaleureusement accueillis et qui nous a propos\u00e9 [&hellip;]<\/p>\n","protected":false},"author":2,"featured_media":405,"comment_status":"closed","ping_status":"closed","sticky":false,"template":"","format":"standard","meta":{"_et_pb_use_builder":"off","_et_pb_old_content":"","_et_gb_content_width":"1080","footnotes":""},"categories":[5],"tags":[],"class_list":["post-186","post","type-post","status-publish","format-standard","has-post-thumbnail","hentry","category-rencontres-passees"],"_links":{"self":[{"href":"https:\/\/tulalu.ch\/index.php?rest_route=\/wp\/v2\/posts\/186","targetHints":{"allow":["GET"]}}],"collection":[{"href":"https:\/\/tulalu.ch\/index.php?rest_route=\/wp\/v2\/posts"}],"about":[{"href":"https:\/\/tulalu.ch\/index.php?rest_route=\/wp\/v2\/types\/post"}],"author":[{"embeddable":true,"href":"https:\/\/tulalu.ch\/index.php?rest_route=\/wp\/v2\/users\/2"}],"replies":[{"embeddable":true,"href":"https:\/\/tulalu.ch\/index.php?rest_route=%2Fwp%2Fv2%2Fcomments&post=186"}],"version-history":[{"count":2,"href":"https:\/\/tulalu.ch\/index.php?rest_route=\/wp\/v2\/posts\/186\/revisions"}],"predecessor-version":[{"id":398,"href":"https:\/\/tulalu.ch\/index.php?rest_route=\/wp\/v2\/posts\/186\/revisions\/398"}],"wp:featuredmedia":[{"embeddable":true,"href":"https:\/\/tulalu.ch\/index.php?rest_route=\/wp\/v2\/media\/405"}],"wp:attachment":[{"href":"https:\/\/tulalu.ch\/index.php?rest_route=%2Fwp%2Fv2%2Fmedia&parent=186"}],"wp:term":[{"taxonomy":"category","embeddable":true,"href":"https:\/\/tulalu.ch\/index.php?rest_route=%2Fwp%2Fv2%2Fcategories&post=186"},{"taxonomy":"post_tag","embeddable":true,"href":"https:\/\/tulalu.ch\/index.php?rest_route=%2Fwp%2Fv2%2Ftags&post=186"}],"curies":[{"name":"wp","href":"https:\/\/api.w.org\/{rel}","templated":true}]}}