{"id":188,"date":"2021-10-12T08:20:00","date_gmt":"2021-10-12T08:20:00","guid":{"rendered":"https:\/\/tulalunew.rvpb.ch\/?p=188"},"modified":"2022-02-25T07:54:07","modified_gmt":"2022-02-25T07:54:07","slug":"rencontre-avec-julie-guinand","status":"publish","type":"post","link":"https:\/\/tulalu.ch\/?p=188","title":{"rendered":"Rencontre avec Julie Guinand"},"content":{"rendered":"\n<p class=\"wp-block-paragraph\">Lundi 11 octobre, \u00e0 19 h au Gymnase du Bugnon, 2\u00e8me \u00e9tage, rue du Bugnon 5, \u00e0 Lausanne a eu lieu la rencontre autour de <em>Survivante<\/em> (d\u2019autre part, 2019) de Julie Guinand. <\/p>\n\n\n\n<p class=\"wp-block-paragraph\">L\u2019auteure \u00e9tait accompagn\u00e9e de deux autres membres du collectif AJAR. Aude Seigne a assur\u00e9 la mod\u00e9ration et Nicolas Lambert l\u2019accompagnement musical. <\/p>\n\n\n\n<figure class=\"wp-block-gallery has-nested-images columns-default is-cropped wp-block-gallery-1 is-layout-flex wp-block-gallery-is-layout-flex\">\n<figure class=\"wp-block-image size-large\"><img fetchpriority=\"high\" fetchpriority=\"high\" decoding=\"async\" width=\"1024\" height=\"578\" data-id=\"422\" src=\"https:\/\/tulalunew.rvpb.ch\/wp-content\/uploads\/2022\/02\/Capture-de\u0301cran-2022-02-24-a\u0300-10.14.47-1024x578.png\" alt=\"\" class=\"wp-image-422\" srcset=\"https:\/\/tulalu.ch\/wp-content\/uploads\/2022\/02\/Capture-de\u0301cran-2022-02-24-a\u0300-10.14.47-1024x578.png 1024w, https:\/\/tulalu.ch\/wp-content\/uploads\/2022\/02\/Capture-de\u0301cran-2022-02-24-a\u0300-10.14.47-300x169.png 300w, https:\/\/tulalu.ch\/wp-content\/uploads\/2022\/02\/Capture-de\u0301cran-2022-02-24-a\u0300-10.14.47-768x433.png 768w, https:\/\/tulalu.ch\/wp-content\/uploads\/2022\/02\/Capture-de\u0301cran-2022-02-24-a\u0300-10.14.47.png 1992w\" sizes=\"(max-width: 1024px) 100vw, 1024px\" \/><\/figure>\n\n\n\n<figure class=\"wp-block-image size-large\"><img decoding=\"async\" width=\"1024\" height=\"574\" data-id=\"423\" src=\"https:\/\/tulalunew.rvpb.ch\/wp-content\/uploads\/2022\/02\/Capture-de\u0301cran-2022-02-24-a\u0300-10.15.33-1024x574.png\" alt=\"\" class=\"wp-image-423\" srcset=\"https:\/\/tulalu.ch\/wp-content\/uploads\/2022\/02\/Capture-de\u0301cran-2022-02-24-a\u0300-10.15.33-1024x574.png 1024w, https:\/\/tulalu.ch\/wp-content\/uploads\/2022\/02\/Capture-de\u0301cran-2022-02-24-a\u0300-10.15.33-300x168.png 300w, https:\/\/tulalu.ch\/wp-content\/uploads\/2022\/02\/Capture-de\u0301cran-2022-02-24-a\u0300-10.15.33-768x431.png 768w, https:\/\/tulalu.ch\/wp-content\/uploads\/2022\/02\/Capture-de\u0301cran-2022-02-24-a\u0300-10.15.33.png 1986w\" sizes=\"(max-width: 1024px) 100vw, 1024px\" \/><\/figure>\n\n\n\n<figure class=\"wp-block-image size-large\"><img decoding=\"async\" width=\"1024\" height=\"564\" data-id=\"424\" src=\"https:\/\/tulalunew.rvpb.ch\/wp-content\/uploads\/2022\/02\/Capture-de\u0301cran-2022-02-24-a\u0300-10.14.23-1024x564.png\" alt=\"\" class=\"wp-image-424\" srcset=\"https:\/\/tulalu.ch\/wp-content\/uploads\/2022\/02\/Capture-de\u0301cran-2022-02-24-a\u0300-10.14.23-1024x564.png 1024w, https:\/\/tulalu.ch\/wp-content\/uploads\/2022\/02\/Capture-de\u0301cran-2022-02-24-a\u0300-10.14.23-300x165.png 300w, https:\/\/tulalu.ch\/wp-content\/uploads\/2022\/02\/Capture-de\u0301cran-2022-02-24-a\u0300-10.14.23-768x423.png 768w, https:\/\/tulalu.ch\/wp-content\/uploads\/2022\/02\/Capture-de\u0301cran-2022-02-24-a\u0300-10.14.23.png 1996w\" sizes=\"(max-width: 1024px) 100vw, 1024px\" \/><\/figure>\n\n\n\n<figure class=\"wp-block-image size-large\"><img loading=\"lazy\" loading=\"lazy\" decoding=\"async\" width=\"1024\" height=\"575\" data-id=\"420\" src=\"https:\/\/tulalunew.rvpb.ch\/wp-content\/uploads\/2022\/02\/Capture-de\u0301cran-2022-02-24-a\u0300-10.13.44-1024x575.png\" alt=\"\" class=\"wp-image-420\" srcset=\"https:\/\/tulalu.ch\/wp-content\/uploads\/2022\/02\/Capture-de\u0301cran-2022-02-24-a\u0300-10.13.44-1024x575.png 1024w, https:\/\/tulalu.ch\/wp-content\/uploads\/2022\/02\/Capture-de\u0301cran-2022-02-24-a\u0300-10.13.44-300x168.png 300w, https:\/\/tulalu.ch\/wp-content\/uploads\/2022\/02\/Capture-de\u0301cran-2022-02-24-a\u0300-10.13.44-768x431.png 768w, https:\/\/tulalu.ch\/wp-content\/uploads\/2022\/02\/Capture-de\u0301cran-2022-02-24-a\u0300-10.13.44.png 1974w\" sizes=\"(max-width: 1024px) 100vw, 1024px\" \/><\/figure>\n\n\n\n<figure class=\"wp-block-image size-large\"><img loading=\"lazy\" loading=\"lazy\" decoding=\"async\" width=\"1024\" height=\"566\" data-id=\"421\" src=\"https:\/\/tulalunew.rvpb.ch\/wp-content\/uploads\/2022\/02\/Capture-de\u0301cran-2022-02-24-a\u0300-10.13.58-1024x566.png\" alt=\"\" class=\"wp-image-421\" srcset=\"https:\/\/tulalu.ch\/wp-content\/uploads\/2022\/02\/Capture-de\u0301cran-2022-02-24-a\u0300-10.13.58-1024x566.png 1024w, https:\/\/tulalu.ch\/wp-content\/uploads\/2022\/02\/Capture-de\u0301cran-2022-02-24-a\u0300-10.13.58-300x166.png 300w, https:\/\/tulalu.ch\/wp-content\/uploads\/2022\/02\/Capture-de\u0301cran-2022-02-24-a\u0300-10.13.58-768x425.png 768w, https:\/\/tulalu.ch\/wp-content\/uploads\/2022\/02\/Capture-de\u0301cran-2022-02-24-a\u0300-10.13.58.png 1964w\" sizes=\"(max-width: 1024px) 100vw, 1024px\" \/><\/figure>\n<figcaption class=\"blocks-gallery-caption\">Photos: Miguel De Moura<\/figcaption><\/figure>\n\n\n\n<p class=\"wp-block-paragraph\">Voici une pr\u00e9sentation de l&#8217;ouvrage, par Anne-Claire Loup Falourd, enseignante au Gymnase du Bugnon:<\/p>\n\n\n\n<p class=\"wp-block-paragraph\">\u00ab&nbsp;Si chaque fin du monde est diff\u00e9rente, \u00e0 quoi ressemble la tienne?&nbsp;\u00bb, interroge Julie Guinand dans son roman <em>Survivante,<\/em> paru en d\u00e9cembre 2019. Apocalypse hollywoodienne? Lente d\u00e9confiture de l\u2019esp\u00e8ce humaine? R\u00e9sistance survivaliste?<\/p>\n\n\n\n<p class=\"wp-block-paragraph\">Chez elle, la fin du monde survient sans crier gare un matin de printemps: la lumi\u00e8re s\u2019\u00e9teint d\u2019un coup, les oiseaux cessent de chanter. Le bruissement d\u2019un univers familier est r\u00e9duit au silence et le froid s\u2019installe dans la maison des bords du Doubs. L\u2019absence aussi, celle qui creuse le manque et attise les souvenirs. Isol\u00e9e dans un hameau d\u00e9sert, une jeune trentenaire r\u00e9organise son quotidien en dressant l\u2019inventaire de ses r\u00e9serves et celui de ses <em>a priori<\/em> sur la fin du monde.<\/p>\n\n\n\n<p class=\"wp-block-paragraph\"><em>Survivante <\/em>tient \u00e0 la fois d\u2019un journal de fin du monde et d\u2019un r\u00e9cit de rupture: dans tous les cas, il faut apprendre \u00e0 vivre autrement \u2013 \u00ab&nbsp;Il y a un <em>avant <\/em>et un <em>apr\u00e8s.<\/em> Voil\u00e0 ce que je suis en train de comprendre&nbsp;\u00bb. Bien avant la mode du journal de confinement, l\u2019\u00e9crivaine neuch\u00e2teloise donne \u00e0 lire la perte des rep\u00e8res, le temps qui se dilate.<\/p>\n\n\n\n<p class=\"wp-block-paragraph\">Bien s\u00fbr, tout cela pourrait devenir franchement d\u00e9primant. Mais dans cette histoire, rien de d\u00e9sesp\u00e9rant: l\u2019acharnement cocasse \u00e0 survivre, les coups de col\u00e8res ou les fugaces \u00e9merveillements de la jeune protagoniste dissipent les relents d\u2019apocalypse.<\/p>\n\n\n\n<p class=\"wp-block-paragraph\">Surtout, la fin du monde \u00e9veille chez elle une imp\u00e9rieuse \u00ab&nbsp;pulsion d\u2019\u00e9criture&nbsp;\u00bb qui autorise \u00e0 penser que les effondrements peuvent rendre les imaginaires f\u00e9conds.<\/p>\n\n\n\n<p class=\"wp-block-paragraph\"><em>Parall\u00e8lement \u00e0 la soir\u00e9e organis\u00e9e au Gymnase du Bugnon le 11 octobre par Tulalu&nbsp;!?, deux classes ont lu Survivante. Le 15 lundi novembre, l\u2019une d\u2019entre elles a rencontr\u00e9 Julie Guinand dans une for\u00eat toute proche de la Chaux-de-Fonds. Les \u00e9l\u00e8ves nous racontent cette intense journ\u00e9e. &nbsp;<\/em><\/p>\n\n\n\n<p class=\"wp-block-paragraph\"><strong>Fin du monde \u00e0 La Chaux-de-Fonds<\/strong><strong><\/strong><\/p>\n\n\n\n<p class=\"wp-block-paragraph\">Ce lundi matin, l\u2019avenue L\u00e9opold-Robert est balay\u00e9e par le vent de novembre. Les maisons aux hautes fen\u00eatres sont toujours debout, pas de Fiat bleue, de sh\u00e9rif ou de femme \u00e0 v\u00e9lo pour nous accueillir \u00e0 la sortie de la gare. Les sc\u00e9narios de fin du monde imagin\u00e9s par Julie Guinand dans son roman<em> Survivante <\/em>n\u2019appartiennent qu\u2019\u00e0 la fiction.<\/p>\n\n\n\n<p class=\"wp-block-paragraph\">En compagnie de l\u2019autrice neuch\u00e2teloise, nous traversons la ville pour nous enfoncer dans la for\u00eat toute proche, tra\u00e7ant ainsi la trajectoire inverse de l\u2019h\u00e9ro\u00efne de ce \u00ab&nbsp;journal de fin du monde&nbsp;\u00bb paru en 2019 aux \u00e9ditions d\u2019autre part. En chemin, nous imaginons de nouvelles issues \u00e0 ce r\u00e9cit: retrouvailles romanesques avec l\u2019Absent ou faille spatio-temporelle, comment rena\u00eetre quand on a travers\u00e9 la fin du monde?<\/p>\n\n\n\n<p class=\"wp-block-paragraph\">Les occasions sont rares de rencontrer des auteurs. Des auteurs bien vivants. Ce moment avec Julie Guinand au c\u0153ur de la for\u00eat nous permet de prendre conscience des r\u00e9alit\u00e9s du m\u00e9tier d\u2019\u00e9crivain, qui plus est en Suisse romande, et de r\u00e9fl\u00e9chir aux \u00e9tapes de la cr\u00e9ation d\u2019un roman.<\/p>\n\n\n\n<p class=\"wp-block-paragraph\">Le froid s\u2019insinue dans notre campement: nous allumons un feu et, comme la protagoniste de <em>Survivante<\/em>, nous imaginons des lettres \u00e0 nos ogresses que nous br\u00fblons illico. Nous encha\u00eenons avec des cadavres exquis en guise de journal intime et dressons la liste de nos envies, souvent loufoques, \u00e0 satisfaire avant une hypoth\u00e9tique fin du monde. Gr\u00e2ce \u00e0 ces exercices, nous r\u00e9alisons au passage que l\u2019\u00e9criture peut aussi \u00eatre un processus collectif et collaboratif, comme il l\u2019est pour les membres de l\u2019AJAR dont Julie Guinand est l\u2019une des membres.<\/p>\n\n\n\n<p class=\"wp-block-paragraph\">Encore deux ou trois b\u00fbches dans les braises, quelques marshmallows grill\u00e9s et nous retrouvons l\u2019or\u00e9e du bois. Cette \u00e9chapp\u00e9e belle loin de notre gymnase lausannois nous aura ouvert une nouvelle fen\u00eatre sur la lecture de <em>Survivante<\/em> et offert une chance: celle de voir nos visages en entier pour la premi\u00e8re fois depuis deux ans\u2026<\/p>\n\n\n\n<p class=\"wp-block-paragraph\">En classe, nos carnets d\u2019\u00e9criture garderont longtemps l\u2019odeur tenace du feu de bois.<\/p>\n\n\n\n<figure class=\"wp-block-gallery has-nested-images columns-default is-cropped wp-block-gallery-2 is-layout-flex wp-block-gallery-is-layout-flex\">\n<figure class=\"wp-block-image size-large\"><img loading=\"lazy\" loading=\"lazy\" decoding=\"async\" width=\"300\" height=\"455\" data-id=\"426\" src=\"https:\/\/tulalunew.rvpb.ch\/wp-content\/uploads\/2022\/02\/Survivante-1R.jpg\" alt=\"\" class=\"wp-image-426\" srcset=\"https:\/\/tulalu.ch\/wp-content\/uploads\/2022\/02\/Survivante-1R.jpg 300w, https:\/\/tulalu.ch\/wp-content\/uploads\/2022\/02\/Survivante-1R-198x300.jpg 198w\" sizes=\"(max-width: 300px) 100vw, 300px\" \/><\/figure>\n\n\n\n<figure class=\"wp-block-image size-large\"><img loading=\"lazy\" loading=\"lazy\" decoding=\"async\" width=\"300\" height=\"274\" data-id=\"427\" src=\"https:\/\/tulalunew.rvpb.ch\/wp-content\/uploads\/2022\/02\/Survivante-2R.jpg\" alt=\"\" class=\"wp-image-427\"\/><\/figure>\n<\/figure>\n\n\n\n<p class=\"wp-block-paragraph\">Les \u00e9l\u00e8ves de la classe 2M8 du Gymnase du Bugnon<\/p>\n","protected":false},"excerpt":{"rendered":"<p>Lundi 11 octobre, \u00e0 19 h au Gymnase du Bugnon, 2\u00e8me \u00e9tage, rue du Bugnon 5, \u00e0 Lausanne a eu lieu la rencontre autour de Survivante (d\u2019autre part, 2019) de Julie Guinand. L\u2019auteure \u00e9tait accompagn\u00e9e de deux autres membres du collectif AJAR. Aude Seigne a assur\u00e9 la mod\u00e9ration et Nicolas Lambert l\u2019accompagnement musical. Voici une [&hellip;]<\/p>\n","protected":false},"author":2,"featured_media":406,"comment_status":"closed","ping_status":"closed","sticky":false,"template":"","format":"standard","meta":{"_et_pb_use_builder":"off","_et_pb_old_content":"","_et_gb_content_width":"1080","footnotes":""},"categories":[5],"tags":[],"class_list":["post-188","post","type-post","status-publish","format-standard","has-post-thumbnail","hentry","category-rencontres-passees"],"_links":{"self":[{"href":"https:\/\/tulalu.ch\/index.php?rest_route=\/wp\/v2\/posts\/188","targetHints":{"allow":["GET"]}}],"collection":[{"href":"https:\/\/tulalu.ch\/index.php?rest_route=\/wp\/v2\/posts"}],"about":[{"href":"https:\/\/tulalu.ch\/index.php?rest_route=\/wp\/v2\/types\/post"}],"author":[{"embeddable":true,"href":"https:\/\/tulalu.ch\/index.php?rest_route=\/wp\/v2\/users\/2"}],"replies":[{"embeddable":true,"href":"https:\/\/tulalu.ch\/index.php?rest_route=%2Fwp%2Fv2%2Fcomments&post=188"}],"version-history":[{"count":6,"href":"https:\/\/tulalu.ch\/index.php?rest_route=\/wp\/v2\/posts\/188\/revisions"}],"predecessor-version":[{"id":430,"href":"https:\/\/tulalu.ch\/index.php?rest_route=\/wp\/v2\/posts\/188\/revisions\/430"}],"wp:featuredmedia":[{"embeddable":true,"href":"https:\/\/tulalu.ch\/index.php?rest_route=\/wp\/v2\/media\/406"}],"wp:attachment":[{"href":"https:\/\/tulalu.ch\/index.php?rest_route=%2Fwp%2Fv2%2Fmedia&parent=188"}],"wp:term":[{"taxonomy":"category","embeddable":true,"href":"https:\/\/tulalu.ch\/index.php?rest_route=%2Fwp%2Fv2%2Fcategories&post=188"},{"taxonomy":"post_tag","embeddable":true,"href":"https:\/\/tulalu.ch\/index.php?rest_route=%2Fwp%2Fv2%2Ftags&post=188"}],"curies":[{"name":"wp","href":"https:\/\/api.w.org\/{rel}","templated":true}]}}