{"id":1952,"date":"2025-01-20T12:05:00","date_gmt":"2025-01-20T12:05:00","guid":{"rendered":"https:\/\/tulalu.ch\/?p=1952"},"modified":"2025-08-22T16:50:48","modified_gmt":"2025-08-22T16:50:48","slug":"rencontre-avec-roland-buti","status":"publish","type":"post","link":"https:\/\/tulalu.ch\/?p=1952","title":{"rendered":"Rencontre avec Roland Buti"},"content":{"rendered":"\n[et_pb_section fb_built=&#8221;1&#8243; admin_label=&#8221;section&#8221; _builder_version=&#8221;4.16&#8243; global_colors_info=&#8221;{}&#8221;][et_pb_row admin_label=&#8221;row&#8221; _builder_version=&#8221;4.16&#8243; background_size=&#8221;initial&#8221; background_position=&#8221;top_left&#8221; background_repeat=&#8221;repeat&#8221; min_height=&#8221;399px&#8221; custom_margin=&#8221;|auto|-98px|auto||&#8221; custom_padding=&#8221;14px||0px|||&#8221; global_colors_info=&#8221;{}&#8221;][et_pb_column type=&#8221;4_4&#8243; _builder_version=&#8221;4.16&#8243; custom_padding=&#8221;|||&#8221; global_colors_info=&#8221;{}&#8221; custom_padding__hover=&#8221;|||&#8221;][et_pb_text admin_label=&#8221;Text&#8221; _builder_version=&#8221;4.27.4&#8243; background_size=&#8221;initial&#8221; background_position=&#8221;top_left&#8221; background_repeat=&#8221;repeat&#8221; min_height=&#8221;129px&#8221; custom_padding=&#8221;||0px|||&#8221; global_colors_info=&#8221;{}&#8221;]<h3><!-- divi:paragraph --><span style=\"color: #000080;\"><strong>Lundi 16 juin, 19 h<\/strong><\/span><\/h3>\n<p><em>Bibliomedia, Rue Dr C\u00e9sar-Roux 34, 1005 Lausanne (<a href=\"https:\/\/maps.app.goo.gl\/fspeDtQhJNnUbxiv8\" target=\"_blank\" rel=\"noopener\">voir sur Google Maps<\/a>)<\/em><\/p>\n<p><em style=\"font-size: 16px;\"><span style=\"font-size: medium;\">Il est recommand\u00e9 de s&#8217;inscrire aux \u00e9v\u00e9nements \u00e0 l&#8217;adresse mail suivante : <a href=\"mailto:info@tulalu.ch\">info@tulalu.ch<\/a> ! Les places peuvent \u00eatre limit\u00e9es.<\/span><\/em><\/p>\n<p>&nbsp;<\/p>\n<p>&nbsp;<\/p>\n<p><!-- \/divi:paragraph --><\/p>[\/et_pb_text][et_pb_text _builder_version=&#8221;4.27.4&#8243; _module_preset=&#8221;default&#8221; custom_margin=&#8221;8px||36px||false|false&#8221; hover_enabled=&#8221;0&#8243; global_colors_info=&#8221;{}&#8221; sticky_enabled=&#8221;0&#8243;]<p>\u00c0 l\u2019occasion des 50 ans de Zo\u00e9, <strong>Roland Buti<\/strong> est revenu sur les points forts de son compagnonnage avec la maison d\u2019\u00e9dition. <strong>Bruno Pellegrino<\/strong>, \u00e9diteur, a anim\u00e9 la discussion. Au fil de la rencontre, la com\u00e9dienne <strong>Olivia Seigne<\/strong> a lu des extraits de trois \u0153uvres de l\u2019auteur : <em>Les \u00e2mes lest\u00e9es<\/em> (Zo\u00e9, 1990), <em>Le milieu de l\u2019horizon<\/em> (Zo\u00e9, 2013) et <em>Les petites musiques<\/em> (Zo\u00e9, 2025).<\/p>[\/et_pb_text][et_pb_image src=&#8221;https:\/\/tulalu.ch\/wp-content\/uploads\/2025\/01\/buti-2019_\u00a9-sebastien-agnetti-\u2013-ville-de-lausanne-1-scaled.jpeg&#8221; title_text=&#8221;buti 2019_\u00a9 se\u0301bastien agnetti \u2013 ville de lausanne&#8221; show_in_lightbox=&#8221;on&#8221; align=&#8221;center&#8221; force_fullwidth=&#8221;on&#8221; _builder_version=&#8221;4.27.4&#8243; _module_preset=&#8221;default&#8221; custom_margin=&#8221;||13px|||&#8221; global_colors_info=&#8221;{}&#8221;][\/et_pb_image][\/et_pb_column][\/et_pb_row][et_pb_row _builder_version=&#8221;4.27.4&#8243; _module_preset=&#8221;default&#8221; custom_padding=&#8221;||36px|||&#8221; global_colors_info=&#8221;{}&#8221;][et_pb_column type=&#8221;4_4&#8243; _builder_version=&#8221;4.22.1&#8243; _module_preset=&#8221;default&#8221; global_colors_info=&#8221;{}&#8221;][et_pb_text _builder_version=&#8221;4.27.4&#8243; _module_preset=&#8221;default&#8221; global_colors_info=&#8221;{}&#8221;]<p style=\"text-align: center;\">\u00a9 S\u00e9bastien Agnetti<\/p>[\/et_pb_text][\/et_pb_column][\/et_pb_row][et_pb_row column_structure=&#8221;1_3,1_3,1_3&#8243; _builder_version=&#8221;4.27.4&#8243; _module_preset=&#8221;default&#8221; global_colors_info=&#8221;{}&#8221;][et_pb_column type=&#8221;1_3&#8243; _builder_version=&#8221;4.27.4&#8243; _module_preset=&#8221;default&#8221; global_colors_info=&#8221;{}&#8221;][et_pb_image src=&#8221;https:\/\/tulalu.ch\/wp-content\/uploads\/2025\/01\/buti_ames-lestees-couv.jpg&#8221; title_text=&#8221;buti_a\u0302mes leste\u0301es-couv&#8221; show_in_lightbox=&#8221;on&#8221; force_fullwidth=&#8221;on&#8221; _builder_version=&#8221;4.27.4&#8243; _module_preset=&#8221;default&#8221; global_colors_info=&#8221;{}&#8221;][\/et_pb_image][\/et_pb_column][et_pb_column type=&#8221;1_3&#8243; _builder_version=&#8221;4.27.4&#8243; _module_preset=&#8221;default&#8221; global_colors_info=&#8221;{}&#8221;][et_pb_image src=&#8221;https:\/\/tulalu.ch\/wp-content\/uploads\/2025\/01\/zoe_lemilieudelhorizon-cover-prod.jpg&#8221; title_text=&#8221;zoe_lemilieudelhorizon-cover-prod&#8221; show_in_lightbox=&#8221;on&#8221; _builder_version=&#8221;4.27.4&#8243; _module_preset=&#8221;default&#8221; global_colors_info=&#8221;{}&#8221;][\/et_pb_image][\/et_pb_column][et_pb_column type=&#8221;1_3&#8243; _builder_version=&#8221;4.27.4&#8243; _module_preset=&#8221;default&#8221; global_colors_info=&#8221;{}&#8221;][et_pb_image src=&#8221;https:\/\/tulalu.ch\/wp-content\/uploads\/2025\/01\/Zoe_LesPetitesMusiques.jpg&#8221; title_text=&#8221;Zoe_LesPetitesMusiques&#8221; show_in_lightbox=&#8221;on&#8221; _builder_version=&#8221;4.27.4&#8243; _module_preset=&#8221;default&#8221; global_colors_info=&#8221;{}&#8221;][\/et_pb_image][\/et_pb_column][\/et_pb_row][et_pb_row _builder_version=&#8221;4.27.4&#8243; _module_preset=&#8221;default&#8221; column_structure=&#8221;1_3,1_3,1_3&#8243;][et_pb_column _builder_version=&#8221;4.27.4&#8243; _module_preset=&#8221;default&#8221; type=&#8221;1_3&#8243;][et_pb_image src=&#8221;https:\/\/tulalu.ch\/wp-content\/uploads\/2025\/07\/PXL_20250616_172021850-scaled.jpg&#8221; _builder_version=&#8221;4.27.4&#8243; _module_preset=&#8221;default&#8221; title_text=&#8221;PXL_20250616_172021850&#8243; show_in_lightbox=&#8221;on&#8221; hover_enabled=&#8221;0&#8243; sticky_enabled=&#8221;0&#8243;][\/et_pb_image][\/et_pb_column][et_pb_column _builder_version=&#8221;4.27.4&#8243; _module_preset=&#8221;default&#8221; type=&#8221;1_3&#8243;][et_pb_image src=&#8221;https:\/\/tulalu.ch\/wp-content\/uploads\/2025\/07\/PXL_20250616_171814272-scaled.jpg&#8221; _builder_version=&#8221;4.27.4&#8243; _module_preset=&#8221;default&#8221; title_text=&#8221;PXL_20250616_171814272&#8243; show_in_lightbox=&#8221;on&#8221; hover_enabled=&#8221;0&#8243; sticky_enabled=&#8221;0&#8243;][\/et_pb_image][\/et_pb_column][et_pb_column _builder_version=&#8221;4.27.4&#8243; _module_preset=&#8221;default&#8221; type=&#8221;1_3&#8243;][et_pb_image src=&#8221;https:\/\/tulalu.ch\/wp-content\/uploads\/2025\/07\/PXL_20250616_173242073-scaled.jpg&#8221; _builder_version=&#8221;4.27.4&#8243; _module_preset=&#8221;default&#8221; title_text=&#8221;PXL_20250616_173242073&#8243; show_in_lightbox=&#8221;on&#8221; hover_enabled=&#8221;0&#8243; sticky_enabled=&#8221;0&#8243;][\/et_pb_image][\/et_pb_column][\/et_pb_row][et_pb_row _builder_version=&#8221;4.27.4&#8243; _module_preset=&#8221;default&#8221;][et_pb_column _builder_version=&#8221;4.27.4&#8243; _module_preset=&#8221;default&#8221; type=&#8221;4_4&#8243;][et_pb_image src=&#8221;https:\/\/tulalu.ch\/wp-content\/uploads\/2025\/07\/PXL_20250616_172130705-scaled.jpg&#8221; _builder_version=&#8221;4.27.4&#8243; _module_preset=&#8221;default&#8221; title_text=&#8221;PXL_20250616_172130705&#8243; show_in_lightbox=&#8221;on&#8221; hover_enabled=&#8221;0&#8243; sticky_enabled=&#8221;0&#8243;][\/et_pb_image][\/et_pb_column][\/et_pb_row][et_pb_row _builder_version=&#8221;4.27.4&#8243; _module_preset=&#8221;default&#8221; column_structure=&#8221;1_2,1_2&#8243;][et_pb_column _builder_version=&#8221;4.27.4&#8243; _module_preset=&#8221;default&#8221; type=&#8221;1_2&#8243;][et_pb_image src=&#8221;https:\/\/tulalu.ch\/wp-content\/uploads\/2025\/07\/DSC0368-scaled.jpg&#8221; _builder_version=&#8221;4.27.4&#8243; _module_preset=&#8221;default&#8221; title_text=&#8221;_DSC0368&#8243; show_in_lightbox=&#8221;on&#8221; hover_enabled=&#8221;0&#8243; sticky_enabled=&#8221;0&#8243;][\/et_pb_image][\/et_pb_column][et_pb_column _builder_version=&#8221;4.27.4&#8243; _module_preset=&#8221;default&#8221; type=&#8221;1_2&#8243;][et_pb_image src=&#8221;https:\/\/tulalu.ch\/wp-content\/uploads\/2025\/07\/DSC0346-scaled.jpg&#8221; _builder_version=&#8221;4.27.4&#8243; _module_preset=&#8221;default&#8221; title_text=&#8221;_DSC0346&#8243; show_in_lightbox=&#8221;on&#8221; hover_enabled=&#8221;0&#8243; sticky_enabled=&#8221;0&#8243;][\/et_pb_image][\/et_pb_column][\/et_pb_row][et_pb_row _builder_version=&#8221;4.27.4&#8243; _module_preset=&#8221;default&#8221;][et_pb_column _builder_version=&#8221;4.27.4&#8243; _module_preset=&#8221;default&#8221; type=&#8221;4_4&#8243;][et_pb_image src=&#8221;https:\/\/tulalu.ch\/wp-content\/uploads\/2025\/07\/DSC0363-scaled.jpg&#8221; _builder_version=&#8221;4.27.4&#8243; _module_preset=&#8221;default&#8221; title_text=&#8221;_DSC0363&#8243; show_in_lightbox=&#8221;on&#8221; hover_enabled=&#8221;0&#8243; sticky_enabled=&#8221;0&#8243;][\/et_pb_image][\/et_pb_column][\/et_pb_row][et_pb_row _builder_version=&#8221;4.27.4&#8243; _module_preset=&#8221;default&#8221; column_structure=&#8221;1_3,1_3,1_3&#8243;][et_pb_column _builder_version=&#8221;4.27.4&#8243; _module_preset=&#8221;default&#8221; type=&#8221;1_3&#8243;][et_pb_image src=&#8221;https:\/\/tulalu.ch\/wp-content\/uploads\/2025\/07\/\u00a9Tulalu-16.06.25-R.Buti-23-scaled.jpg&#8221; _builder_version=&#8221;4.27.4&#8243; _module_preset=&#8221;default&#8221; title_text=&#8221;\u00a9Tulalu 16.06.25 R.Buti (23)&#8221; show_in_lightbox=&#8221;on&#8221; hover_enabled=&#8221;0&#8243; sticky_enabled=&#8221;0&#8243;][\/et_pb_image][\/et_pb_column][et_pb_column _builder_version=&#8221;4.27.4&#8243; _module_preset=&#8221;default&#8221; type=&#8221;1_3&#8243;][et_pb_image src=&#8221;https:\/\/tulalu.ch\/wp-content\/uploads\/2025\/07\/\u00a9Tulalu-16.06.25-R.Buti-22-scaled.jpg&#8221; _builder_version=&#8221;4.27.4&#8243; _module_preset=&#8221;default&#8221; title_text=&#8221;\u00a9Tulalu 16.06.25 R.Buti (22)&#8221; show_in_lightbox=&#8221;on&#8221; hover_enabled=&#8221;0&#8243; sticky_enabled=&#8221;0&#8243;][\/et_pb_image][\/et_pb_column][et_pb_column _builder_version=&#8221;4.27.4&#8243; _module_preset=&#8221;default&#8221; type=&#8221;1_3&#8243;][et_pb_image src=&#8221;https:\/\/tulalu.ch\/wp-content\/uploads\/2025\/07\/\u00a9Tulalu-16.06.25-R.Buti-20-scaled.jpg&#8221; _builder_version=&#8221;4.27.4&#8243; _module_preset=&#8221;default&#8221; title_text=&#8221;\u00a9Tulalu 16.06.25 R.Buti (20)&#8221; show_in_lightbox=&#8221;on&#8221; hover_enabled=&#8221;0&#8243; sticky_enabled=&#8221;0&#8243;][\/et_pb_image][\/et_pb_column][\/et_pb_row][et_pb_row _builder_version=&#8221;4.27.4&#8243; _module_preset=&#8221;default&#8221; column_structure=&#8221;1_3,2_3&#8243; hover_enabled=&#8221;0&#8243; sticky_enabled=&#8221;0&#8243;][et_pb_column _builder_version=&#8221;4.27.4&#8243; _module_preset=&#8221;default&#8221; type=&#8221;1_3&#8243;][et_pb_image src=&#8221;https:\/\/tulalu.ch\/wp-content\/uploads\/2025\/07\/PXL_20250616_171814272-scaled.jpg&#8221; _builder_version=&#8221;4.27.4&#8243; _module_preset=&#8221;default&#8221; title_text=&#8221;PXL_20250616_171814272&#8243; show_in_lightbox=&#8221;on&#8221; hover_enabled=&#8221;0&#8243; sticky_enabled=&#8221;0&#8243;][\/et_pb_image][\/et_pb_column][et_pb_column _builder_version=&#8221;4.27.4&#8243; _module_preset=&#8221;default&#8221; type=&#8221;2_3&#8243;][et_pb_image src=&#8221;https:\/\/tulalu.ch\/wp-content\/uploads\/2025\/07\/PXL_20250616_171745732-scaled.jpg&#8221; _builder_version=&#8221;4.27.4&#8243; _module_preset=&#8221;default&#8221; title_text=&#8221;PXL_20250616_171745732&#8243; show_in_lightbox=&#8221;on&#8221; hover_enabled=&#8221;0&#8243; sticky_enabled=&#8221;0&#8243; custom_padding=&#8221;|0px||||&#8221;][\/et_pb_image][\/et_pb_column][\/et_pb_row][et_pb_row _builder_version=&#8221;4.27.4&#8243; _module_preset=&#8221;default&#8221; column_structure=&#8221;1_2,1_2&#8243;][et_pb_column _builder_version=&#8221;4.27.4&#8243; _module_preset=&#8221;default&#8221; type=&#8221;1_2&#8243;][et_pb_image src=&#8221;https:\/\/tulalu.ch\/wp-content\/uploads\/2025\/07\/\u00a9Tulalu-16.06.25-R.Buti-21-scaled.jpg&#8221; _builder_version=&#8221;4.27.4&#8243; _module_preset=&#8221;default&#8221; title_text=&#8221;\u00a9Tulalu 16.06.25 R.Buti (21)&#8221; show_in_lightbox=&#8221;on&#8221; hover_enabled=&#8221;0&#8243; sticky_enabled=&#8221;0&#8243;][\/et_pb_image][\/et_pb_column][et_pb_column _builder_version=&#8221;4.27.4&#8243; _module_preset=&#8221;default&#8221; type=&#8221;1_2&#8243;][et_pb_image src=&#8221;https:\/\/tulalu.ch\/wp-content\/uploads\/2025\/07\/DSC0315-scaled.jpg&#8221; _builder_version=&#8221;4.27.4&#8243; _module_preset=&#8221;default&#8221; title_text=&#8221;_DSC0315&#8243; show_in_lightbox=&#8221;on&#8221; hover_enabled=&#8221;0&#8243; sticky_enabled=&#8221;0&#8243;][\/et_pb_image][\/et_pb_column][\/et_pb_row][et_pb_row _builder_version=&#8221;4.19.4&#8243; _module_preset=&#8221;default&#8221; min_height=&#8221;371.2px&#8221; custom_margin=&#8221;|auto|-19px|auto||&#8221; custom_padding=&#8221;58px|||||&#8221; global_colors_info=&#8221;{}&#8221;][et_pb_column type=&#8221;4_4&#8243; _builder_version=&#8221;4.19.4&#8243; _module_preset=&#8221;default&#8221; global_colors_info=&#8221;{}&#8221;][et_pb_text _builder_version=&#8221;4.27.4&#8243; _module_preset=&#8221;default&#8221; custom_margin=&#8221;||-2px|||&#8221; global_colors_info=&#8221;{}&#8221;]<p><em>Les petites musiques <\/em><\/p>\n<p>Enfant, Jana n\u2019en fait qu\u2019\u00e0 sa t\u00eate. Elle est libre et bagarreuse, pour la plus grande joie d\u2019Ivo, son demi-fr\u00e8re, et le d\u00e9sespoir de ses parents. Mais \u00e0 l\u2019adolescence, son attitude devient intol\u00e9rable aux yeux de la petite ville suisse o\u00f9 vit la famille. Et, alors que Mai 68 bat son plein ailleurs en Europe, l\u2019administration condamne Jana \u00e0 l\u2019internement. Ivo est le t\u00e9moin impuissant de ce qui arrive \u00e0 sa s\u0153ur, mais aussi \u00e0 toute la r\u00e9gion, quand l\u2019industrie de cam\u00e9ras et de bo\u00eetes \u00e0 musique qui en a fait la fortune commence \u00e0 d\u00e9cliner. Froid, brouillard, c\u2019est presque toujours l\u2019hiver dans cette histoire, ou un printemps pluvieux. Mais gr\u00e2ce \u00e0 son \u00e9criture g\u00e9n\u00e9reuse et sensuelle, son attention \u00e0 la nature et aux sensations physiques, Roland Buti parvient \u00e0 illuminer une page sombre et m\u00e9connue de l\u2019histoire.<\/p>\n<p>&nbsp;<\/p>\n<p><span style=\"color: #000080;\"><strong>Les intervenant.e.s<\/strong><\/span><\/p>\n<p><strong>Roland Buti<\/strong> est n\u00e9 en 1964 \u00e0 Lausanne, o\u00f9 il vit toujours. Traduit en sept langues et adapt\u00e9 au cin\u00e9ma par Delphine Lehericey, avec Laetitia Casta dans le r\u00f4le principal, <em>Le milieu de l\u2019horizon<\/em> (2013), son cinqui\u00e8me livre, est couronn\u00e9 entre autres par le Prix suisse de litt\u00e9rature et le prix du public RTS. Son roman suivant, <em>Grand National<\/em> (2019), obtient le prix Lettres fronti\u00e8re.<\/p>\n<p>N\u00e9 en 1988, <strong>Bruno Pellegrino<\/strong> vit \u00e0 Lausanne. Il a publi\u00e9 quatre livres aux \u00c9ditions Zo\u00e9: <em>Comme Atlas <\/em>(2015), <em>L\u00e0-bas, ao\u00fbt est un mois d\u2019automne<\/em> (2018, qui remporte notamment le prix des Libraires Payot et le prix \u00c9critures &amp; Spiritualit\u00e9s), <em>Dans la ville provisoire<\/em> (2021, prix Michel-Dentan et prix Paysages \u00e9crits) et <em>Tortues<\/em> (2023). Toujours chez Zo\u00e9, il co-\u00e9crit avec Aude Seigne et Daniel Vuataz les deux saisons de la s\u00e9rie litt\u00e9raire <em>Stand-by<\/em> (2018 et 2019) ainsi qu\u2019un \u00abroman de gare\u00bb, <em>Terre-des-Fins<\/em> (2022). Bruno Pellegrino a \u00e9t\u00e9 actif pendant dix ans au sein du collectif AJAR. Depuis septembre 2022, il est \u00e9diteur aux \u00e9ditions Zo\u00e9.<\/p>\n<p><strong>Olivia Seigne<\/strong> est une com\u00e9dienne et metteuse en sc\u00e8ne valaisanne. Elle \u00e9tudie le th\u00e9\u00e2tre \u00e0 Paris, au Cours Florent puis au Th\u00e9\u00e2tre \u00c9cole du Passage. Elle est \u00e9galement titulaire d\u2019un Master en langue, litt\u00e9rature et civilisation russes de l\u2019Universit\u00e9 de Gen\u00e8ve. Elle co-dirige, aux c\u00f4t\u00e9s d\u2019Alexandre Vogel, le collectif StoGramm, avec lequel elle \u00e9crit et monte divers projets tels que Comme toi-m\u00eame (2015), Les falaises, journal de bord (2023) ou encore La grande neige (2024). Elle a mis en sc\u00e8ne et jou\u00e9 dans notamment dans <em>Les Conqu\u00eates de Norman<\/em>, une trilogie de Sir Alan Ayckbourn. Elle collabore depuis 2016 avec l\u2019Association Ouverture-Op\u00e9ra pour laquelle elle a mis en sc\u00e8ne quatre op\u00e9ras : L\u2019Orfeo (Monteverdi), La Belle H\u00e9l\u00e8ne (Jacques Offenbach), La Fl\u00fbte enchant\u00e9e (Mozart) et Didon et En\u00e9e (Henry Purcell). Olivia Seigne a re\u00e7u le prix culturel d\u2019encouragement de l\u2019\u00c9tat du Valais en 2008.<\/p>\n<p>&nbsp;<\/p>\n<p><strong>Les \u00e9ditions Zo\u00e9 ont 50 ans !<\/strong><\/p>\n<p>N\u00e9es dans l\u2019incroyable bouillonnement de l\u2019apr\u00e8s 68, les \u00e9ditions Zo\u00e9 ont publi\u00e9 pr\u00e8s de 400 auteurs, de Nicolas Bouvier \u00e0 Elisa Shua Dusapin. En 50 ans, Zo\u00e9 aura marqu\u00e9 le paysage litt\u00e9raire suisse et francophone en g\u00e9n\u00e9ral. Aujourd\u2019hui, Zo\u00e9 \u00e9dite des auteurs suisses contemporains et patrimoniaux, mais aussi des \u00e9crivains du monde entier. Le catalogue compte plus de mille titres diffus\u00e9s en France, en Belgique et au Canada. \u00c0 l\u2019occasion de cet anniversaire, la maison genevoise a confi\u00e9 \u00e0 Chahut M\u00e9dia le soin de retracer son \u00e9pop\u00e9e litt\u00e9raire et humaine. En a r\u00e9sult\u00e9 une s\u00e9rie documentaire podcast en 4 volets qui invite \u00e0 bord auteur\u00b7ices (pass\u00e9-pr\u00e9sent), figures historiques de Zo\u00e9, professionnel\u00b7les du <em>livre et archives rares.<\/em><\/p>[\/et_pb_text][et_pb_image src=&#8221;https:\/\/tulalu.ch\/wp-content\/uploads\/2025\/01\/Zoe-50-ans.png&#8221; title_text=&#8221;Zoe 50 ans&#8221; align=&#8221;center&#8221; _builder_version=&#8221;4.27.4&#8243; _module_preset=&#8221;default&#8221; width=&#8221;51%&#8221; global_colors_info=&#8221;{}&#8221;][\/et_pb_image][\/et_pb_column][\/et_pb_row][\/et_pb_section]\n","protected":false},"excerpt":{"rendered":"<p>Lundi 16 juin 2025, 19 h<br \/>\n\u00c0 l\u2019occasion des 50 ans de Zo\u00e9, Roland Buti est revenu sur les points forts de son compagnonnage avec la maison d\u2019\u00e9dition. Bruno Pellegrino, \u00e9diteur, a anim\u00e9 la discussion. Au fil de la rencontre, la com\u00e9dienne Olivia Seigne a lu des extraits de trois \u0153uvres de l\u2019auteur : &#8220;Les \u00e2mes lest\u00e9es&#8221; (Zo\u00e9, 1990), &#8220;Le milieu de l\u2019horizon&#8221; (Zo\u00e9, 2013) et &#8220;Les petites musiques&#8221; (Zo\u00e9, 2025). <\/p>\n","protected":false},"author":2,"featured_media":1902,"comment_status":"open","ping_status":"open","sticky":false,"template":"","format":"standard","meta":{"_et_pb_use_builder":"on","_et_pb_old_content":"","_et_gb_content_width":"","footnotes":""},"categories":[5],"tags":[],"class_list":["post-1952","post","type-post","status-publish","format-standard","has-post-thumbnail","hentry","category-rencontres-passees"],"_links":{"self":[{"href":"https:\/\/tulalu.ch\/index.php?rest_route=\/wp\/v2\/posts\/1952","targetHints":{"allow":["GET"]}}],"collection":[{"href":"https:\/\/tulalu.ch\/index.php?rest_route=\/wp\/v2\/posts"}],"about":[{"href":"https:\/\/tulalu.ch\/index.php?rest_route=\/wp\/v2\/types\/post"}],"author":[{"embeddable":true,"href":"https:\/\/tulalu.ch\/index.php?rest_route=\/wp\/v2\/users\/2"}],"replies":[{"embeddable":true,"href":"https:\/\/tulalu.ch\/index.php?rest_route=%2Fwp%2Fv2%2Fcomments&post=1952"}],"version-history":[{"count":7,"href":"https:\/\/tulalu.ch\/index.php?rest_route=\/wp\/v2\/posts\/1952\/revisions"}],"predecessor-version":[{"id":2169,"href":"https:\/\/tulalu.ch\/index.php?rest_route=\/wp\/v2\/posts\/1952\/revisions\/2169"}],"wp:featuredmedia":[{"embeddable":true,"href":"https:\/\/tulalu.ch\/index.php?rest_route=\/wp\/v2\/media\/1902"}],"wp:attachment":[{"href":"https:\/\/tulalu.ch\/index.php?rest_route=%2Fwp%2Fv2%2Fmedia&parent=1952"}],"wp:term":[{"taxonomy":"category","embeddable":true,"href":"https:\/\/tulalu.ch\/index.php?rest_route=%2Fwp%2Fv2%2Fcategories&post=1952"},{"taxonomy":"post_tag","embeddable":true,"href":"https:\/\/tulalu.ch\/index.php?rest_route=%2Fwp%2Fv2%2Ftags&post=1952"}],"curies":[{"name":"wp","href":"https:\/\/api.w.org\/{rel}","templated":true}]}}