{"id":2148,"date":"2025-08-22T16:50:32","date_gmt":"2025-08-22T16:50:32","guid":{"rendered":"https:\/\/tulalu.ch\/?p=2148"},"modified":"2025-11-28T12:02:05","modified_gmt":"2025-11-28T12:02:05","slug":"rencontre-avec-fanny-desarzens","status":"publish","type":"post","link":"https:\/\/tulalu.ch\/?p=2148","title":{"rendered":"Rencontre avec Fanny Desarzens"},"content":{"rendered":"\n[et_pb_section fb_built=&#8221;1&#8243; admin_label=&#8221;section&#8221; _builder_version=&#8221;4.16&#8243; global_colors_info=&#8221;{}&#8221;][et_pb_row admin_label=&#8221;row&#8221; _builder_version=&#8221;4.16&#8243; background_size=&#8221;initial&#8221; background_position=&#8221;top_left&#8221; background_repeat=&#8221;repeat&#8221; min_height=&#8221;399px&#8221; custom_margin=&#8221;|auto|-98px|auto||&#8221; custom_padding=&#8221;14px||0px|||&#8221; global_colors_info=&#8221;{}&#8221;][et_pb_column type=&#8221;4_4&#8243; _builder_version=&#8221;4.16&#8243; custom_padding=&#8221;|||&#8221; global_colors_info=&#8221;{}&#8221; custom_padding__hover=&#8221;|||&#8221;][et_pb_text admin_label=&#8221;Text&#8221; _builder_version=&#8221;4.27.4&#8243; background_size=&#8221;initial&#8221; background_position=&#8221;top_left&#8221; background_repeat=&#8221;repeat&#8221; min_height=&#8221;129px&#8221; custom_padding=&#8221;||0px|||&#8221; global_colors_info=&#8221;{}&#8221;]<h3><span style=\"color: #000080;\"><strong>Jeudi 27 novembre, 18 h 30<\/strong><\/span><\/h3>\n<p><em>Cercle Litt\u00e9raire de Lausanne, Pl. Saint-Fran\u00e7ois 7, 1003 Lausanne\u00a0<\/em><em> (<a href=\"https:\/\/maps.app.goo.gl\/Gyd7K5pUnCWDoZQF8\" target=\"_blank\" rel=\"noopener\">voir sur Google Maps<\/a>)<\/em><\/p>\n<p><em style=\"font-size: 16px;\"><span style=\"font-size: medium;\">Il est recommand\u00e9 de s&#8217;inscrire aux \u00e9v\u00e9nements \u00e0 l&#8217;adresse mail suivante : <a href=\"mailto:info@tulalu.ch\">info@tulalu.ch<\/a> ! Les places peuvent \u00eatre limit\u00e9es.<\/span><\/em><\/p>\n<p>&nbsp;<\/p>\n<p>&nbsp;<\/p>\n<p><!-- \/divi:paragraph --><\/p>[\/et_pb_text][et_pb_text _builder_version=&#8221;4.27.4&#8243; _module_preset=&#8221;default&#8221; custom_margin=&#8221;8px||36px||false|false&#8221; hover_enabled=&#8221;0&#8243; global_colors_info=&#8221;{}&#8221; sticky_enabled=&#8221;0&#8243;]<p>Nous avons d\u00e9couvert <em>Ce qu\u2019il reste de tout \u00e7a<\/em> (Slatkine, 2024) de <strong>Fanny Desarzens<\/strong>. <strong>Ellen Ichters<\/strong> a mod\u00e9r\u00e9 l\u2019entretien et <strong>Delia Meshlir<\/strong> a propos\u00e9 l\u2019accompagnement musical.<\/p>[\/et_pb_text][et_pb_image src=&#8221;https:\/\/tulalu.ch\/wp-content\/uploads\/2025\/08\/Fanny-Desarzens-\u00a9Sophie-Kandaouroff-couleur-scaled.jpeg&#8221; title_text=&#8221;Fanny Desarzens \u00a9Sophie Kandaouroff couleur&#8221; show_in_lightbox=&#8221;on&#8221; align=&#8221;center&#8221; force_fullwidth=&#8221;on&#8221; _builder_version=&#8221;4.27.4&#8243; _module_preset=&#8221;default&#8221; custom_margin=&#8221;|52px|13px|||&#8221; custom_padding=&#8221;|102px||102px||&#8221; global_colors_info=&#8221;{}&#8221;][\/et_pb_image][\/et_pb_column][\/et_pb_row][et_pb_row _builder_version=&#8221;4.27.4&#8243; _module_preset=&#8221;default&#8221; custom_padding=&#8221;||36px|||&#8221; global_colors_info=&#8221;{}&#8221;][et_pb_column type=&#8221;4_4&#8243; _builder_version=&#8221;4.22.1&#8243; _module_preset=&#8221;default&#8221; global_colors_info=&#8221;{}&#8221;][et_pb_text _builder_version=&#8221;4.27.4&#8243; _module_preset=&#8221;default&#8221; global_colors_info=&#8221;{}&#8221;]<p style=\"text-align: center;\">\u00a9 Sophie Kandaouroff<\/p>[\/et_pb_text][\/et_pb_column][\/et_pb_row][et_pb_row column_structure=&#8221;1_2,1_2&#8243; _builder_version=&#8221;4.27.4&#8243; _module_preset=&#8221;default&#8221; global_colors_info=&#8221;{}&#8221;][et_pb_column type=&#8221;1_2&#8243; _builder_version=&#8221;4.27.4&#8243; _module_preset=&#8221;default&#8221; global_colors_info=&#8221;{}&#8221;][et_pb_image src=&#8221;https:\/\/tulalu.ch\/wp-content\/uploads\/2025\/08\/Ce-quil-reste-de-tout-ca-couv.jpg&#8221; title_text=&#8221;Ce qu&#8217;il reste de tout \u00e7a couv&#8221; show_in_lightbox=&#8221;on&#8221; force_fullwidth=&#8221;on&#8221; _builder_version=&#8221;4.27.4&#8243; _module_preset=&#8221;default&#8221; global_colors_info=&#8221;{}&#8221;][\/et_pb_image][\/et_pb_column][et_pb_column type=&#8221;1_2&#8243; _builder_version=&#8221;4.27.4&#8243; _module_preset=&#8221;default&#8221; global_colors_info=&#8221;{}&#8221;][et_pb_image src=&#8221;https:\/\/tulalu.ch\/wp-content\/uploads\/2025\/08\/Ce-quil-reste-de-tout-ca-4e.jpg&#8221; title_text=&#8221;Ce qu&#8217;il reste de tout \u00e7a 4e&#8221; show_in_lightbox=&#8221;on&#8221; _builder_version=&#8221;4.27.4&#8243; _module_preset=&#8221;default&#8221; global_colors_info=&#8221;{}&#8221;][\/et_pb_image][\/et_pb_column][\/et_pb_row][et_pb_row column_structure=&#8221;1_3,1_3,1_3&#8243; _builder_version=&#8221;4.27.4&#8243; _module_preset=&#8221;default&#8221; global_colors_info=&#8221;{}&#8221;][et_pb_column type=&#8221;1_3&#8243; _builder_version=&#8221;4.27.4&#8243; _module_preset=&#8221;default&#8221; global_colors_info=&#8221;{}&#8221;][\/et_pb_column][et_pb_column type=&#8221;1_3&#8243; _builder_version=&#8221;4.27.4&#8243; _module_preset=&#8221;default&#8221; global_colors_info=&#8221;{}&#8221;][et_pb_image src=&#8221;https:\/\/tulalu.ch\/wp-content\/uploads\/2025\/08\/CLL_logo_Black.png&#8221; title_text=&#8221;CLL_logo_Black&#8221; _builder_version=&#8221;4.27.4&#8243; _module_preset=&#8221;default&#8221; global_colors_info=&#8221;{}&#8221;][\/et_pb_image][\/et_pb_column][et_pb_column type=&#8221;1_3&#8243; _builder_version=&#8221;4.27.4&#8243; _module_preset=&#8221;default&#8221; global_colors_info=&#8221;{}&#8221;][\/et_pb_column][\/et_pb_row][et_pb_row _builder_version=&#8221;4.27.4&#8243; _module_preset=&#8221;default&#8221; column_structure=&#8221;1_3,1_3,1_3&#8243;][et_pb_column _builder_version=&#8221;4.27.4&#8243; _module_preset=&#8221;default&#8221; type=&#8221;1_3&#8243;][et_pb_image src=&#8221;https:\/\/tulalu.ch\/wp-content\/uploads\/2025\/11\/DSC0168-scaled.jpg&#8221; _builder_version=&#8221;4.27.4&#8243; _module_preset=&#8221;default&#8221; hover_enabled=&#8221;0&#8243; sticky_enabled=&#8221;0&#8243; title_text=&#8221;_DSC0168&#8243; show_in_lightbox=&#8221;on&#8221;][\/et_pb_image][\/et_pb_column][et_pb_column _builder_version=&#8221;4.27.4&#8243; _module_preset=&#8221;default&#8221; type=&#8221;1_3&#8243;][et_pb_image src=&#8221;https:\/\/tulalu.ch\/wp-content\/uploads\/2025\/11\/DSC0190-scaled.jpg&#8221; _builder_version=&#8221;4.27.4&#8243; _module_preset=&#8221;default&#8221; title_text=&#8221;_DSC0190&#8243; show_in_lightbox=&#8221;on&#8221; hover_enabled=&#8221;0&#8243; sticky_enabled=&#8221;0&#8243;][\/et_pb_image][\/et_pb_column][et_pb_column _builder_version=&#8221;4.27.4&#8243; _module_preset=&#8221;default&#8221; type=&#8221;1_3&#8243;][et_pb_image src=&#8221;https:\/\/tulalu.ch\/wp-content\/uploads\/2025\/11\/DSC0136-scaled.jpg&#8221; _builder_version=&#8221;4.27.4&#8243; _module_preset=&#8221;default&#8221; title_text=&#8221;_DSC0136&#8243; show_in_lightbox=&#8221;on&#8221; hover_enabled=&#8221;0&#8243; sticky_enabled=&#8221;0&#8243;][\/et_pb_image][\/et_pb_column][\/et_pb_row][et_pb_row _builder_version=&#8221;4.27.4&#8243; _module_preset=&#8221;default&#8221; column_structure=&#8221;1_3,1_3,1_3&#8243;][et_pb_column _builder_version=&#8221;4.27.4&#8243; _module_preset=&#8221;default&#8221; type=&#8221;1_3&#8243;][et_pb_image src=&#8221;https:\/\/tulalu.ch\/wp-content\/uploads\/2025\/11\/DSC0147-scaled.jpg&#8221; _builder_version=&#8221;4.27.4&#8243; _module_preset=&#8221;default&#8221; title_text=&#8221;_DSC0147&#8243; show_in_lightbox=&#8221;on&#8221; hover_enabled=&#8221;0&#8243; sticky_enabled=&#8221;0&#8243;][\/et_pb_image][\/et_pb_column][et_pb_column _builder_version=&#8221;4.27.4&#8243; _module_preset=&#8221;default&#8221; type=&#8221;1_3&#8243;][et_pb_image src=&#8221;https:\/\/tulalu.ch\/wp-content\/uploads\/2025\/11\/DSC0194-scaled.jpg&#8221; _builder_version=&#8221;4.27.4&#8243; _module_preset=&#8221;default&#8221; title_text=&#8221;_DSC0194&#8243; show_in_lightbox=&#8221;on&#8221; hover_enabled=&#8221;0&#8243; sticky_enabled=&#8221;0&#8243;][\/et_pb_image][\/et_pb_column][et_pb_column _builder_version=&#8221;4.27.4&#8243; _module_preset=&#8221;default&#8221; type=&#8221;1_3&#8243;][et_pb_image src=&#8221;https:\/\/tulalu.ch\/wp-content\/uploads\/2025\/11\/PXL_20251127_173902247-scaled.jpg&#8221; _builder_version=&#8221;4.27.4&#8243; _module_preset=&#8221;default&#8221; title_text=&#8221;PXL_20251127_173902247&#8243; show_in_lightbox=&#8221;on&#8221; hover_enabled=&#8221;0&#8243; sticky_enabled=&#8221;0&#8243;][\/et_pb_image][\/et_pb_column][\/et_pb_row][et_pb_row _builder_version=&#8221;4.27.4&#8243; _module_preset=&#8221;default&#8221;][et_pb_column _builder_version=&#8221;4.27.4&#8243; _module_preset=&#8221;default&#8221; type=&#8221;4_4&#8243;][et_pb_image src=&#8221;https:\/\/tulalu.ch\/wp-content\/uploads\/2025\/11\/PXL_20251127_173750647-scaled.jpg&#8221; _builder_version=&#8221;4.27.4&#8243; _module_preset=&#8221;default&#8221; title_text=&#8221;PXL_20251127_173750647&#8243; show_in_lightbox=&#8221;on&#8221; hover_enabled=&#8221;0&#8243; sticky_enabled=&#8221;0&#8243;][\/et_pb_image][\/et_pb_column][\/et_pb_row][et_pb_row _builder_version=&#8221;4.27.4&#8243; _module_preset=&#8221;default&#8221; column_structure=&#8221;1_3,1_3,1_3&#8243;][et_pb_column _builder_version=&#8221;4.27.4&#8243; _module_preset=&#8221;default&#8221; type=&#8221;1_3&#8243;][et_pb_image src=&#8221;https:\/\/tulalu.ch\/wp-content\/uploads\/2025\/11\/PXL_20251127_173820345-scaled.jpg&#8221; _builder_version=&#8221;4.27.4&#8243; _module_preset=&#8221;default&#8221; title_text=&#8221;PXL_20251127_173820345&#8243; show_in_lightbox=&#8221;on&#8221; hover_enabled=&#8221;0&#8243; sticky_enabled=&#8221;0&#8243;][\/et_pb_image][\/et_pb_column][et_pb_column _builder_version=&#8221;4.27.4&#8243; _module_preset=&#8221;default&#8221; type=&#8221;1_3&#8243;][et_pb_image src=&#8221;https:\/\/tulalu.ch\/wp-content\/uploads\/2025\/11\/PXL_20251127_184224481-scaled.jpg&#8221; _builder_version=&#8221;4.27.4&#8243; _module_preset=&#8221;default&#8221; title_text=&#8221;PXL_20251127_184224481&#8243; show_in_lightbox=&#8221;on&#8221; hover_enabled=&#8221;0&#8243; sticky_enabled=&#8221;0&#8243;][\/et_pb_image][\/et_pb_column][et_pb_column _builder_version=&#8221;4.27.4&#8243; _module_preset=&#8221;default&#8221; type=&#8221;1_3&#8243;][et_pb_image src=&#8221;https:\/\/tulalu.ch\/wp-content\/uploads\/2025\/11\/PXL_20251127_184310413-scaled.jpg&#8221; _builder_version=&#8221;4.27.4&#8243; _module_preset=&#8221;default&#8221; title_text=&#8221;PXL_20251127_184310413&#8243; show_in_lightbox=&#8221;on&#8221; hover_enabled=&#8221;0&#8243; sticky_enabled=&#8221;0&#8243;][\/et_pb_image][\/et_pb_column][\/et_pb_row][et_pb_row _builder_version=&#8221;4.27.4&#8243; _module_preset=&#8221;default&#8221; column_structure=&#8221;1_2,1_2&#8243;][et_pb_column _builder_version=&#8221;4.27.4&#8243; _module_preset=&#8221;default&#8221; type=&#8221;1_2&#8243;][et_pb_image src=&#8221;https:\/\/tulalu.ch\/wp-content\/uploads\/2025\/11\/DSC0247-scaled.jpg&#8221; _builder_version=&#8221;4.27.4&#8243; _module_preset=&#8221;default&#8221; title_text=&#8221;_DSC0247&#8243; show_in_lightbox=&#8221;on&#8221; hover_enabled=&#8221;0&#8243; sticky_enabled=&#8221;0&#8243;][\/et_pb_image][\/et_pb_column][et_pb_column _builder_version=&#8221;4.27.4&#8243; _module_preset=&#8221;default&#8221; type=&#8221;1_2&#8243;][et_pb_image src=&#8221;https:\/\/tulalu.ch\/wp-content\/uploads\/2025\/11\/DSC0264-scaled.jpg&#8221; _builder_version=&#8221;4.27.4&#8243; _module_preset=&#8221;default&#8221; title_text=&#8221;_DSC0264&#8243; show_in_lightbox=&#8221;on&#8221; hover_enabled=&#8221;0&#8243; sticky_enabled=&#8221;0&#8243;][\/et_pb_image][\/et_pb_column][\/et_pb_row][et_pb_row _builder_version=&#8221;4.19.4&#8243; _module_preset=&#8221;default&#8221; min_height=&#8221;371.2px&#8221; custom_margin=&#8221;|auto|-19px|auto||&#8221; custom_padding=&#8221;58px|||||&#8221; global_colors_info=&#8221;{}&#8221;][et_pb_column type=&#8221;4_4&#8243; _builder_version=&#8221;4.19.4&#8243; _module_preset=&#8221;default&#8221; global_colors_info=&#8221;{}&#8221;][et_pb_text _builder_version=&#8221;4.27.4&#8243; _module_preset=&#8221;default&#8221; custom_margin=&#8221;||-2px|||&#8221; global_colors_info=&#8221;{}&#8221;]<p>&nbsp;<\/p>\n<p><span style=\"color: #000080;\"><strong>Les intervenant.e.s<\/strong><\/span><\/p>\n<p><strong>Fanny Desarzens<\/strong> est n\u00e9e lors d\u2019un mois d\u2019ao\u00fbt caniculaire, un vendredi 13 de l\u2019ann\u00e9e 1993. Elle vit \u00e0 Lausanne depuis plus de 10 ans, mais a grandi dans la campagne vaudoise. Elle a pass\u00e9 la plupart de ses vacances d\u2019\u00e9t\u00e9 en montagne, lorsqu\u2019elle \u00e9tait enfant. Fanny obtient son Bachelor d\u2019arts visuels \u00e0 la HEAD-Gen\u00e8ve en 2018. Apr\u00e8s cette exp\u00e9rience, elle s\u2019\u00e9lance dans son travail litt\u00e9raire. <em>Galel<\/em>, son premier roman, obtient un Prix Suisse de Litt\u00e9rature en 2023, ainsi que le prix Terra Nova de la Fondation Schiller. <em>Chesa Seraina<\/em>, son deuxi\u00e8me livre, obtient le prix \u00c8ve de l\u2019Acad\u00e9mie romande. Son dernier roman, <em>Ce qu\u2019il reste de tout \u00e7a<\/em>, est sorti en ao\u00fbt 2024.<\/p>\n<p>&nbsp;<\/p>\n<p><em>Ce qu\u2019il reste de tout \u00e7a<\/em> (\u00e9ditions Slatkine, 2024), c\u2019est l\u2019histoire d\u2019un endroit qui n\u2019a jamais vraiment exist\u00e9. \u00c0 sa mort, Francis laisse derri\u00e8re lui un peu d\u2019argent, qu\u2019il a sagement mis de c\u00f4t\u00e9 ann\u00e9e apr\u00e8s ann\u00e9e. C\u2019est sa fille Marianne qui en h\u00e9rite. Avec ces sous, elle d\u00e9cide un jour de s\u2019offrir une petite maison dans les hauteurs.\u00a0 <em>Ce qu\u2019il reste de tout \u00e7a<\/em> raconte ce qui se transmet d\u2019une g\u00e9n\u00e9ration \u00e0 l\u2019autre. \u00c7a peut \u00eatre un regard ou une fa\u00e7on de bouger, un caract\u00e8re, des meubles ou un compte en banque. Et parfois, c\u2019est un petit r\u00eave.<\/p>\n<p>&nbsp;<\/p>\n<p><strong>Delia Meshlir<\/strong> est une musicienne suisse ayant grandi \u00e0 Lausanne. Apr\u00e8s de nombreux projets allant du blues-rock \u00e0 la musique exp\u00e9rimentale, elle sort en 2015 un premier album solo \u00ab Stories From Vacuity \u00bb, dans une veine folk. La r\u00e9alisatrice Emmanuelle Antille propose alors d\u2019en faire figurer deux titres dans son film biographique sur Karen Dalton \u00ab \u00ab A Bright Light- Karen and the Process \u00bb. S\u2019en suivra une tourn\u00e9e en compagnie de Laure Betris (Kassette, Pier) et Melissa Kassab. \u00c9galement artiste visuelle dipl\u00f4m\u00e9e, Delia Meshlir habille sa musique de clips et de visuels qu\u2019elle fa\u00e7onne elle-m\u00eame.<\/p>\n<p>&nbsp;<\/p>\n<p><strong>Ellen Ichters<\/strong> est animatrice et productrice de radio \u00e0 la RTS. Longtemps aux micros de Couleur 3, elle travaille aujourd&#8217;hui surtout sur La Premi\u00e8re (\u00ab Quartier Livre \u00bb, \u00ab Playlist \u00bb).<\/p>\n<p>&nbsp;<\/p>\n<p><strong>Le Cercle Litt\u00e9raire de Lausanne<\/strong> a \u00e9t\u00e9 fond\u00e9 en 1819. Son b\u00e2timent, situ\u00e9 place Saint-Fran\u00e7ois depuis 1821, abrite une biblioth\u00e8que importante. Le Cercle litt\u00e9raire propose diverses activit\u00e9s centr\u00e9es sur la litt\u00e9rature et la culture. Ces activit\u00e9s incluent des rencontres avec des auteurs, des ateliers de po\u00e9sie, des soir\u00e9es \u00e0 th\u00e8me, et des remises de prix litt\u00e9raires. Le Cercle organise \u00e9galement des \u00e9v\u00e9nements culturels vari\u00e9s, tels que des visites guid\u00e9es ax\u00e9es sur l&#8217;histoire et la litt\u00e9rature de Lausanne, ainsi que des clubs de lecture. <a href=\"https:\/\/www.cerclelitteraire.ch\/\">https:\/\/www.cerclelitteraire.ch\/<\/a><\/p>\n<p>&nbsp;<\/p>[\/et_pb_text][\/et_pb_column][\/et_pb_row][\/et_pb_section]\n","protected":false},"excerpt":{"rendered":"<p>Jeudi 27 novembre 2025, 18 h 30<br \/>\nNous avons d\u00e9couvert &#8220;Ce qu\u2019il reste de tout \u00e7a&#8221; (Slatkine, 2024) de Fanny Desarzens. Ellen Ichters a mod\u00e9r\u00e9 l\u2019entretien et Delia Meshlir a propos\u00e9 l\u2019accompagnement musical. <\/p>\n","protected":false},"author":2,"featured_media":2149,"comment_status":"open","ping_status":"open","sticky":false,"template":"","format":"standard","meta":{"_et_pb_use_builder":"on","_et_pb_old_content":"","_et_gb_content_width":"","footnotes":""},"categories":[5],"tags":[],"class_list":["post-2148","post","type-post","status-publish","format-standard","has-post-thumbnail","hentry","category-rencontres-passees"],"_links":{"self":[{"href":"https:\/\/tulalu.ch\/index.php?rest_route=\/wp\/v2\/posts\/2148","targetHints":{"allow":["GET"]}}],"collection":[{"href":"https:\/\/tulalu.ch\/index.php?rest_route=\/wp\/v2\/posts"}],"about":[{"href":"https:\/\/tulalu.ch\/index.php?rest_route=\/wp\/v2\/types\/post"}],"author":[{"embeddable":true,"href":"https:\/\/tulalu.ch\/index.php?rest_route=\/wp\/v2\/users\/2"}],"replies":[{"embeddable":true,"href":"https:\/\/tulalu.ch\/index.php?rest_route=%2Fwp%2Fv2%2Fcomments&post=2148"}],"version-history":[{"count":7,"href":"https:\/\/tulalu.ch\/index.php?rest_route=\/wp\/v2\/posts\/2148\/revisions"}],"predecessor-version":[{"id":2244,"href":"https:\/\/tulalu.ch\/index.php?rest_route=\/wp\/v2\/posts\/2148\/revisions\/2244"}],"wp:featuredmedia":[{"embeddable":true,"href":"https:\/\/tulalu.ch\/index.php?rest_route=\/wp\/v2\/media\/2149"}],"wp:attachment":[{"href":"https:\/\/tulalu.ch\/index.php?rest_route=%2Fwp%2Fv2%2Fmedia&parent=2148"}],"wp:term":[{"taxonomy":"category","embeddable":true,"href":"https:\/\/tulalu.ch\/index.php?rest_route=%2Fwp%2Fv2%2Fcategories&post=2148"},{"taxonomy":"post_tag","embeddable":true,"href":"https:\/\/tulalu.ch\/index.php?rest_route=%2Fwp%2Fv2%2Ftags&post=2148"}],"curies":[{"name":"wp","href":"https:\/\/api.w.org\/{rel}","templated":true}]}}