{"id":2161,"date":"2025-08-22T16:39:56","date_gmt":"2025-08-22T16:39:56","guid":{"rendered":"https:\/\/tulalu.ch\/?p=2161"},"modified":"2025-09-29T07:22:48","modified_gmt":"2025-09-29T07:22:48","slug":"rencontre-avec-jeanne-perrin","status":"publish","type":"post","link":"https:\/\/tulalu.ch\/?p=2161","title":{"rendered":"!Report\u00e9 en 2026! &#8211; Rencontre avec Jeanne Perrin"},"content":{"rendered":"\n[et_pb_section fb_built=&#8221;1&#8243; admin_label=&#8221;section&#8221; _builder_version=&#8221;4.16&#8243; global_colors_info=&#8221;{}&#8221;][et_pb_row admin_label=&#8221;row&#8221; _builder_version=&#8221;4.16&#8243; background_size=&#8221;initial&#8221; background_position=&#8221;top_left&#8221; background_repeat=&#8221;repeat&#8221; min_height=&#8221;399px&#8221; custom_margin=&#8221;|auto|-98px|auto||&#8221; custom_padding=&#8221;14px||0px|||&#8221; global_colors_info=&#8221;{}&#8221;][et_pb_column type=&#8221;4_4&#8243; _builder_version=&#8221;4.16&#8243; custom_padding=&#8221;|||&#8221; global_colors_info=&#8221;{}&#8221; custom_padding__hover=&#8221;|||&#8221;][et_pb_text admin_label=&#8221;Text&#8221; _builder_version=&#8221;4.27.4&#8243; background_size=&#8221;initial&#8221; background_position=&#8221;top_left&#8221; background_repeat=&#8221;repeat&#8221; min_height=&#8221;129px&#8221; custom_padding=&#8221;||0px|||&#8221; hover_enabled=&#8221;0&#8243; global_colors_info=&#8221;{}&#8221; sticky_enabled=&#8221;0&#8243;]<h3><span style=\"color: #000080;\"><strong>Rencontre report\u00e9e<\/strong><\/span><\/h3>\n<h4>Ce rendez-vous aurait eu pour cadre Arcana, le Festival suisse de l&#8217;Imaginaire et du Fantastique. Or, la manifestation a d\u00fb \u00eatre report\u00e9e en derni\u00e8re minute pour des raisons logistiques et financi\u00e8res.<\/h4>\n<h4>Parce que la collaboration avec Arcana reste pour nous une priorit\u00e9, nous avons d\u00e9cid\u00e9 d\u2019aligner notre calendrier sur celui de la manifestation. Ainsi, la rencontre qui devait accueillir Jeanne Perrin, Catherine Fattebert et Rachel Kolly aura lieu lors de la cinqui\u00e8me \u00e9dition du Festival Arcana, en 2026. Et avec un peu de chance, la saga de la Noire essence se sera entre-temps enrichie d\u2019un volume suppl\u00e9mentaire.<\/h4>\n<p>&nbsp;<\/p>\n<p>&nbsp;<\/p>\n<p>&nbsp;<\/p>\n<h3><span style=\"color: #000080;\"><strong>Vendredi 19 septembre, 17 h 30<\/strong><\/span><\/h3>\n<p><em>Festival Arcana, Palais de Beaulieu, Salle Emeraude, Av. Bergi\u00e8res 10, 1004 Lausanne (<a href=\"https:\/\/maps.app.goo.gl\/C7AVMARxUqvXxAwA9\" target=\"_blank\" rel=\"noopener\">voir sur Google Maps<\/a>)<\/em><\/p>\n<p><em style=\"font-size: 16px;\"><span style=\"font-size: medium;\">Il est recommand\u00e9 de s&#8217;inscrire aux \u00e9v\u00e9nements \u00e0 l&#8217;adresse mail suivante : <a href=\"mailto:info@tulalu.ch\">info@tulalu.ch<\/a> ! Les places peuvent \u00eatre limit\u00e9es.<\/span><\/em><\/p>\n<p>&nbsp;<\/p>\n<p>&nbsp;<\/p>\n<p>&nbsp;<\/p>\n<!-- \/divi:paragraph -->[\/et_pb_text][et_pb_text _builder_version=&#8221;4.27.4&#8243; _module_preset=&#8221;default&#8221; custom_margin=&#8221;8px||36px||false|false&#8221; global_colors_info=&#8221;{}&#8221;]<p>Incursion dans le monde de la fantasy avec <strong>Jeanne Perrin<\/strong> et son recueil de nouvelles <em>Toujours la m\u00eame bataille <\/em>(PVH \u00e9ditions, 2025). <strong>Catherine Fattebert<\/strong> pose les questions et <strong>Rachel Kolly<\/strong> manie l\u2019archet.\u00a0<\/p>[\/et_pb_text][et_pb_image src=&#8221;https:\/\/tulalu.ch\/wp-content\/uploads\/2025\/08\/JP-Copyright-Mario-Del-Curto-Couleur.jpg&#8221; title_text=&#8221;JP Copyright Mario Del Curto Couleur&#8221; show_in_lightbox=&#8221;on&#8221; align=&#8221;center&#8221; force_fullwidth=&#8221;on&#8221; _builder_version=&#8221;4.27.4&#8243; _module_preset=&#8221;default&#8221; custom_margin=&#8221;|52px|13px|||&#8221; custom_padding=&#8221;|102px||102px||&#8221; global_colors_info=&#8221;{}&#8221;][\/et_pb_image][\/et_pb_column][\/et_pb_row][et_pb_row _builder_version=&#8221;4.27.4&#8243; _module_preset=&#8221;default&#8221; custom_padding=&#8221;||36px|||&#8221; global_colors_info=&#8221;{}&#8221;][et_pb_column type=&#8221;4_4&#8243; _builder_version=&#8221;4.22.1&#8243; _module_preset=&#8221;default&#8221; global_colors_info=&#8221;{}&#8221;][et_pb_text _builder_version=&#8221;4.27.4&#8243; _module_preset=&#8221;default&#8221; global_colors_info=&#8221;{}&#8221;]<p style=\"text-align: center;\">\u00a9 Mario Del Curto<\/p>[\/et_pb_text][\/et_pb_column][\/et_pb_row][et_pb_row _builder_version=&#8221;4.27.4&#8243; _module_preset=&#8221;default&#8221; global_colors_info=&#8221;{}&#8221;][et_pb_column type=&#8221;4_4&#8243; _builder_version=&#8221;4.27.4&#8243; _module_preset=&#8221;default&#8221; global_colors_info=&#8221;{}&#8221;][et_pb_image src=&#8221;https:\/\/tulalu.ch\/wp-content\/uploads\/2025\/08\/LM28_Perrin_Cover_250714-scaled.jpg&#8221; title_text=&#8221;LM28_Perrin_Cover_250714&#8243; show_in_lightbox=&#8221;on&#8221; force_fullwidth=&#8221;on&#8221; _builder_version=&#8221;4.27.4&#8243; _module_preset=&#8221;default&#8221; global_colors_info=&#8221;{}&#8221;][\/et_pb_image][\/et_pb_column][\/et_pb_row][et_pb_row _builder_version=&#8221;4.19.4&#8243; _module_preset=&#8221;default&#8221; min_height=&#8221;371.2px&#8221; custom_margin=&#8221;|auto|-19px|auto||&#8221; custom_padding=&#8221;58px|||||&#8221; global_colors_info=&#8221;{}&#8221;][et_pb_column type=&#8221;4_4&#8243; _builder_version=&#8221;4.19.4&#8243; _module_preset=&#8221;default&#8221; global_colors_info=&#8221;{}&#8221;][et_pb_text _builder_version=&#8221;4.27.4&#8243; _module_preset=&#8221;default&#8221; custom_margin=&#8221;||-2px|||&#8221; global_colors_info=&#8221;{}&#8221;]<p>&nbsp;<\/p>\n<p><span style=\"color: #000080;\"><strong>Les intervenant.e.s<\/strong><\/span><\/p>\n<p>L\u2019auteure lausannoise <strong>Jeanne Perrin<\/strong> travaille dans la culture depuis plus d\u2019un quart de si\u00e8cle. De son exp\u00e9rience professionnelle sont n\u00e9es des anecdotes sur la vie dans les coulisses des arts de la sc\u00e8ne, publi\u00e9es dans des recueils intitul\u00e9s <em>Chroniques d\u2019outre-sc\u00e8ne<\/em> (en 2009, 2011, 2017 et 2021). Jeanne Perrin revient aujourd\u2019hui \u00e0 l\u2019\u00e9criture avec la Noire essence, saga \u00e0 travers laquelle elle donne vie \u00e0 un monde imaginaire. Port\u00e9 sur deux axes, des recueils de nouvelles intitul\u00e9s Interludes et des romans intitul\u00e9s Nombres, le monde de la Noire essence se d\u00e9ploie sur papier apr\u00e8s avoir exist\u00e9 en tant que jeu de r\u00f4le. Son univers a \u00e9t\u00e9 cr\u00e9\u00e9 et d\u00e9velopp\u00e9 par l\u2019association jurassienne Jeu Est Un Autre et le vaudois d\u2019origine jurassienne Antoine Boegli.<\/p>\n<p>Deuxi\u00e8me recueil de nouvelles, <em>Toujours la m\u00eame bataille<\/em> met en sc\u00e8ne diff\u00e9rents personnages. Qui sont-ils ? Qu\u2019est-ce qui peut les relier ? Chacun m\u00e8ne sa propre bataille personnelle, celle de la vie ou de la m\u00e9moire, et toutes ces batailles finissent par se rejoindre dans une m\u00eame guerre. Les nouvelles qui figurent dans le recueil s\u2019intitulent : Pluie et vent \u00e0 l\u2019horizon \/ Pitrerie, verbiage et heptam\u00e8tres \/ Des patates, du veau et des haricots \/ La Pahalie vue d\u2019en-haut \/ Les pr\u00e9s de Vaxelia en hiver \/ La m\u00e9taphore<\/p>\n<p>Les ouvrages de la Noire essence sont publi\u00e9s chez PVH \u00e9ditions, une maison d\u2019\u00e9dition franco-suisse sp\u00e9cialis\u00e9e dans les litt\u00e9ratures de l\u2019imaginaire. <a href=\"https:\/\/pvh-editions.com\/\">https:\/\/pvh-editions.com\/<\/a><\/p>\n<p>&nbsp;<\/p>\n<p>N\u00e9e \u00e0 Montreux, <strong>Catherine Fattebert<\/strong> a fait des \u00e9tudes de lettres \u00e0 Lausanne en histoire esth\u00e9tique du cin\u00e9ma. Elle est journaliste \u00e0 la RTS et notamment productrice de l\u2019\u00e9mission Travelling.<\/p>\n<p>&nbsp;<\/p>\n<p><strong>Rachel Kolly<\/strong> est une violoniste soliste suisse. Enfant prodige \u00e0 l&#8217;\u00e2ge de cinq ans, elle se produit avec orchestre pour la premi\u00e8re fois \u00e0 l\u2019\u00e2ge de 12 ans. Elle obtient un premier master \u00e0 l\u2019\u00e2ge de 15 ans. Elle joue depuis 2011 un violon \u00ab Stradivarius \u00bb de 1732.<\/p>\n<p>&nbsp;<\/p>\n<p><strong>Le festival Arcana<\/strong> est le festival suisse de l&#8217;Imaginaire et du Fantastique. En 2025, il a lieu \u00e0 Beaulieu, Lausanne, du 19 au 22 septembre. Pendant quatre jours, Beaulieu devient le th\u00e9\u00e2tre vivant des mondes imaginaires. Il y aura plus de 600 stands, m\u00ealant artisanat, objets, costumes, jeux, livres et curiosit\u00e9s, des animations, des concerts, des conf\u00e9rences, des spectacles, des initiations au jeu de r\u00f4le et des lectures. <a href=\"https:\/\/www.arcanafestival.ch\/\">https:\/\/www.arcanafestival.ch\/<\/a><\/p>\n<p><em>Le lien de l&#8217;\u00e9v\u00e9nement :<\/em> <a href=\"https:\/\/www.arcanafestival.ch\/program\/tulalu\">https:\/\/www.arcanafestival.ch\/program\/tulalu<\/a><\/p>\n<p>&nbsp;<\/p>[\/et_pb_text][\/et_pb_column][\/et_pb_row][\/et_pb_section]\n","protected":false},"excerpt":{"rendered":"<p>!Report\u00e9 en 2026! Vendredi 19 septembre 2025, 17 h 30<br \/>\nIncursion dans le monde de la fantasy avec Jeanne Perrin et son recueil de nouvelles &#8220;Toujours la m\u00eame bataille&#8221; (PVH \u00e9ditions, 2025). Catherine Fattebert pose les questions et Rachel Kolly manie l\u2019archet.  <\/p>\n","protected":false},"author":2,"featured_media":2119,"comment_status":"open","ping_status":"open","sticky":false,"template":"","format":"standard","meta":{"_et_pb_use_builder":"on","_et_pb_old_content":"","_et_gb_content_width":"","footnotes":""},"categories":[5],"tags":[],"class_list":["post-2161","post","type-post","status-publish","format-standard","has-post-thumbnail","hentry","category-rencontres-passees"],"_links":{"self":[{"href":"https:\/\/tulalu.ch\/index.php?rest_route=\/wp\/v2\/posts\/2161","targetHints":{"allow":["GET"]}}],"collection":[{"href":"https:\/\/tulalu.ch\/index.php?rest_route=\/wp\/v2\/posts"}],"about":[{"href":"https:\/\/tulalu.ch\/index.php?rest_route=\/wp\/v2\/types\/post"}],"author":[{"embeddable":true,"href":"https:\/\/tulalu.ch\/index.php?rest_route=\/wp\/v2\/users\/2"}],"replies":[{"embeddable":true,"href":"https:\/\/tulalu.ch\/index.php?rest_route=%2Fwp%2Fv2%2Fcomments&post=2161"}],"version-history":[{"count":9,"href":"https:\/\/tulalu.ch\/index.php?rest_route=\/wp\/v2\/posts\/2161\/revisions"}],"predecessor-version":[{"id":2191,"href":"https:\/\/tulalu.ch\/index.php?rest_route=\/wp\/v2\/posts\/2161\/revisions\/2191"}],"wp:featuredmedia":[{"embeddable":true,"href":"https:\/\/tulalu.ch\/index.php?rest_route=\/wp\/v2\/media\/2119"}],"wp:attachment":[{"href":"https:\/\/tulalu.ch\/index.php?rest_route=%2Fwp%2Fv2%2Fmedia&parent=2161"}],"wp:term":[{"taxonomy":"category","embeddable":true,"href":"https:\/\/tulalu.ch\/index.php?rest_route=%2Fwp%2Fv2%2Fcategories&post=2161"},{"taxonomy":"post_tag","embeddable":true,"href":"https:\/\/tulalu.ch\/index.php?rest_route=%2Fwp%2Fv2%2Ftags&post=2161"}],"curies":[{"name":"wp","href":"https:\/\/api.w.org\/{rel}","templated":true}]}}