{"id":2523,"date":"2026-08-19T08:57:57","date_gmt":"2026-08-19T08:57:57","guid":{"rendered":"https:\/\/tulalu.ch\/?p=2523"},"modified":"2026-08-19T09:41:04","modified_gmt":"2026-08-19T09:41:04","slug":"rencontre-avec-camille-leyvraz-et-bertrand-schmid","status":"publish","type":"post","link":"https:\/\/tulalu.ch\/?p=2523","title":{"rendered":"Rencontre avec Camille Leyvraz et Bertrand Schmid"},"content":{"rendered":"<p>[et_pb_section fb_built=&#8221;1&#8243; admin_label=&#8221;section&#8221; _builder_version=&#8221;4.16&#8243; global_colors_info=&#8221;{}&#8221;][et_pb_row admin_label=&#8221;row&#8221; _builder_version=&#8221;4.27.6&#8243; background_size=&#8221;initial&#8221; background_position=&#8221;top_left&#8221; background_repeat=&#8221;repeat&#8221; min_height=&#8221;225px&#8221; custom_margin=&#8221;|auto|-4px|auto|false|false&#8221; custom_padding=&#8221;14px||0px|||&#8221; global_colors_info=&#8221;{}&#8221;][et_pb_column type=&#8221;4_4&#8243; _builder_version=&#8221;4.16&#8243; custom_padding=&#8221;|||&#8221; global_colors_info=&#8221;{}&#8221; custom_padding__hover=&#8221;|||&#8221;][et_pb_text admin_label=&#8221;Text&#8221; _builder_version=&#8221;4.27.6&#8243; background_size=&#8221;initial&#8221; background_position=&#8221;top_left&#8221; background_repeat=&#8221;repeat&#8221; min_height=&#8221;129px&#8221; custom_padding=&#8221;||0px|||&#8221; global_colors_info=&#8221;{}&#8221;]<\/p>\n<h3><span style=\"color: #000080;\"><strong>Jeudi 10 d\u00e9cembre 2026, 18 h 30<\/strong><\/span><\/h3>\n<p><em>La Muette \u2013 espaces litt\u00e9raires, Chem. Davel 2, 1009 Pully <\/em><em>(<a href=\"https:\/\/maps.app.goo.gl\/eqPecWU8Rq1rp4He6\" target=\"_blank\" rel=\"noopener\">voir sur Google Maps<\/a>)<\/em><\/p>\n<p><!-- \/divi:paragraph --><\/p>\n<p>[\/et_pb_text][et_pb_text _builder_version=&#8221;4.27.6&#8243; _module_preset=&#8221;default&#8221; custom_margin=&#8221;8px||16px||false|false&#8221; custom_padding=&#8221;||0px|||&#8221; global_colors_info=&#8221;{}&#8221;]<\/p>\n<p>Nous nous arr\u00eatons chez C.F. Ramuz pour d\u00e9couvrir <em>Rouille<\/em> de <strong>Camille Leyvraz<\/strong> (La Veilleuse, 2025) et <em>Sillons<\/em> de <strong>Bertrand Schmid<\/strong> (La Baconni\u00e8re, 2026). Salom\u00e9 Kiner assure l\u2019animation. <\/p>\n<p>&nbsp;<\/p>\n<p>[\/et_pb_text][et_pb_image src=&#8221;https:\/\/tulalu.ch\/wp-content\/uploads\/2026\/07\/La-Muette-\u2013-espaces-litteraires-logo-pour-support-hors-affiche-JPG.png&#8221; _builder_version=&#8221;4.27.6&#8243; _module_preset=&#8221;default&#8221; title_text=&#8221;La Muette \u2013 espaces litt\u00e9raires (logo pour support hors affiche) JPG&#8221; height=&#8221;120px&#8221; align=&#8221;center&#8221; hover_enabled=&#8221;0&#8243; sticky_enabled=&#8221;0&#8243;][\/et_pb_image][\/et_pb_column][\/et_pb_row][et_pb_row column_structure=&#8221;1_2,1_2&#8243; _builder_version=&#8221;4.27.5&#8243; _module_preset=&#8221;default&#8221; global_colors_info=&#8221;{}&#8221;][et_pb_column type=&#8221;1_2&#8243; _builder_version=&#8221;4.27.4&#8243; _module_preset=&#8221;default&#8221; global_colors_info=&#8221;{}&#8221;][et_pb_image src=&#8221;https:\/\/tulalu.ch\/wp-content\/uploads\/2026\/08\/Camille-Leyvraz-04029deb-c8c7-4db1-b3b7-8527321bc0bf-scaled.jpg&#8221; title_text=&#8221;Camille Leyvraz 04029deb-c8c7-4db1-b3b7-8527321bc0bf&#8221; show_in_lightbox=&#8221;on&#8221; force_fullwidth=&#8221;on&#8221; _builder_version=&#8221;4.27.6&#8243; _module_preset=&#8221;default&#8221; global_colors_info=&#8221;{}&#8221;][\/et_pb_image][et_pb_text _builder_version=&#8221;4.27.6&#8243; _module_preset=&#8221;default&#8221; global_colors_info=&#8221;{}&#8221;]<\/p>\n<p style=\"text-align: center;\">\u00a9\u00a0<\/p>\n<p>[\/et_pb_text][\/et_pb_column][et_pb_column type=&#8221;1_2&#8243; _builder_version=&#8221;4.27.4&#8243; _module_preset=&#8221;default&#8221; global_colors_info=&#8221;{}&#8221;][et_pb_image src=&#8221;https:\/\/tulalu.ch\/wp-content\/uploads\/2026\/08\/Bertrand_Schmid_\u00a9-Anne-Bichsel-2016_1-1-scaled.jpg&#8221; title_text=&#8221;Bertrand_Schmid_\u00a9 Anne Bichsel, 2016_1&#8243; show_in_lightbox=&#8221;on&#8221; _builder_version=&#8221;4.27.6&#8243; _module_preset=&#8221;default&#8221; width=&#8221;100%&#8221; custom_padding=&#8221;120px||||false|false&#8221; global_colors_info=&#8221;{}&#8221;][\/et_pb_image][et_pb_text _builder_version=&#8221;4.27.6&#8243; _module_preset=&#8221;default&#8221; global_colors_info=&#8221;{}&#8221;]<\/p>\n<p style=\"text-align: center;\">\u00a9 Anne Bichsel<\/p>\n<p>[\/et_pb_text][\/et_pb_column][\/et_pb_row][et_pb_row column_structure=&#8221;1_3,1_3,1_3&#8243; _builder_version=&#8221;4.27.5&#8243; _module_preset=&#8221;default&#8221; global_colors_info=&#8221;{}&#8221;][et_pb_column type=&#8221;1_3&#8243; _builder_version=&#8221;4.27.4&#8243; _module_preset=&#8221;default&#8221; global_colors_info=&#8221;{}&#8221;][et_pb_image src=&#8221;https:\/\/tulalu.ch\/wp-content\/uploads\/2026\/08\/Camille-Leyvraz-Rouille-5946a7a1-e222-4b33-8217-abe2d0f3b1b6.jpg&#8221; title_text=&#8221;Camille Leyvraz Rouille 5946a7a1-e222-4b33-8217-abe2d0f3b1b6&#8243; show_in_lightbox=&#8221;on&#8221; force_fullwidth=&#8221;on&#8221; _builder_version=&#8221;4.27.6&#8243; _module_preset=&#8221;default&#8221; global_colors_info=&#8221;{}&#8221;][\/et_pb_image][\/et_pb_column][et_pb_column type=&#8221;1_3&#8243; _builder_version=&#8221;4.27.4&#8243; _module_preset=&#8221;default&#8221; global_colors_info=&#8221;{}&#8221;][et_pb_image src=&#8221;https:\/\/tulalu.ch\/wp-content\/uploads\/2026\/08\/Camille-Leyvraz-Rouille-2-5946a7a1-e222-4b33-8217-abe2d0f3b1b6.jpg&#8221; title_text=&#8221;Camille Leyvraz Rouille 2 5946a7a1-e222-4b33-8217-abe2d0f3b1b6&#8243; show_in_lightbox=&#8221;on&#8221; _builder_version=&#8221;4.27.6&#8243; _module_preset=&#8221;default&#8221; global_colors_info=&#8221;{}&#8221;][\/et_pb_image][\/et_pb_column][et_pb_column type=&#8221;1_3&#8243; _builder_version=&#8221;4.27.4&#8243; _module_preset=&#8221;default&#8221; global_colors_info=&#8221;{}&#8221;][et_pb_image src=&#8221;https:\/\/tulalu.ch\/wp-content\/uploads\/2026\/08\/Sillons-B-Schmid-694119962aaa2.jpg&#8221; title_text=&#8221;Sillons B Schmid 694119962aaa2&#8243; show_in_lightbox=&#8221;on&#8221; _builder_version=&#8221;4.27.6&#8243; _module_preset=&#8221;default&#8221; global_colors_info=&#8221;{}&#8221;][\/et_pb_image][\/et_pb_column][\/et_pb_row][et_pb_row _builder_version=&#8221;4.19.4&#8243; _module_preset=&#8221;default&#8221; min_height=&#8221;371.2px&#8221; custom_margin=&#8221;|auto|-19px|auto||&#8221; custom_padding=&#8221;58px|||||&#8221; global_colors_info=&#8221;{}&#8221;][et_pb_column type=&#8221;4_4&#8243; _builder_version=&#8221;4.19.4&#8243; _module_preset=&#8221;default&#8221; global_colors_info=&#8221;{}&#8221;][et_pb_text _builder_version=&#8221;4.27.6&#8243; _module_preset=&#8221;default&#8221; custom_margin=&#8221;||-2px|||&#8221; global_colors_info=&#8221;{}&#8221;]<\/p>\n<p><strong>Camille Leyvraz<\/strong>, n\u00e9e en 1996, a grandi dans la \u00adcampagne genevoise. Elle r\u00e9side actuellement \u00e0 Bienne. Dipl\u00f4m\u00e9e de l\u2019Institut litt\u00e9raire Suisse, elle travaille en tant que libraire et imprimeuse. Elle se consacre d\u2019abord \u00e0 la po\u00e9sie et y explore une langue brute dont elle recherche l\u2019intensit\u00e9. Passionn\u00e9e par les lettres de plomb et la typographie, elle passe une grande partie de son temps aux rouages de vieilles presses \u00e0 imprimer. En 2020, elle a co-fond\u00e9 Raubazine, une micro maison d\u2019\u00e9dition ax\u00e9e po\u00e9sie bas\u00e9e \u00e0 Bienne.<\/p>\n<p>&nbsp;<\/p>\n<p><span style=\"color: #000080;\"><strong>Rouille<\/strong><\/span><\/p>\n<p>Dans une langue brute et sensorielle, Camille Leyvraz nous plonge dans un huis clos rural d\u2019une beaut\u00e9 sombre o\u00f9 la nature, omnipr\u00e9sente, refl\u00e8te la violence des \u00e2mes et le poids des silences. <em>Rouille<\/em> (La Veilleuse, 2025) est un roman o\u00f9 le corps devient un champ de bataille, un lieu de lutte et de survie\u2009: une jeune femme porte un enfant contre son gr\u00e9, n\u00e9 d\u2019un viol dont l\u2019auteur s\u2019est volatilis\u00e9. Entre rage et r\u00e9silience, elle se d\u00e9bat contre les non-dits, la fatalit\u00e9 et le regard d\u2019un village qui juge, oppresse et condamne. Son fr\u00e8re, figure \u00e0 la fois protectrice et \u00e9nigmatique, l\u2019accompagne dans ce quotidien \u00adoppressant qui, avec la force des liens familiaux, s\u2019\u00e9claircit peu \u00e0 peu jusqu\u2019\u00e0 une forme d\u2019apaisement.<\/p>\n<p>&nbsp;<\/p>\n<p>N\u00e9 en 1975, <strong>Bertrand Schmid<\/strong> est \u00e9crivain et enseignant. Il vit sur les rives du L\u00e9man et enseigne le fran\u00e7ais, la philosophie et l\u2019histoire. Il a suivi des \u00e9tudes de grec ancien et de th\u00e9ologie. \u00c0 l\u2019\u00e2ge de dix ans Il a offert son premier livre (reli\u00e9 plein carton et ficelle) \u00e0 sa ma\u00eetresse d\u2019\u00e9cole. En 2011, il a publi\u00e9 son premier ouvrage, <em>Ailleurs<\/em> (d\u2019autre part). Aimant explorer les genres litt\u00e9raires et les diff\u00e9rentes approches narratives, il est \u00e9galement traducteur et a \u00e9crit de la po\u00e9sie et des nouvelles. Son roman <em>L\u2019Aiguilleur <\/em>(Inculte) est paru en 2021, alors que <em>Sillons<\/em> (La Baconni\u00e8re) est sorti de presse d\u00e9but 2026.<\/p>\n<p>&nbsp;<\/p>\n<p><span style=\"color: #000080;\"><strong>Sillons<\/strong><\/span><\/p>\n<p>Adolf, qui pr\u00e9f\u00e8re qu\u2019on l\u2019appelle Adi, grandit dans les ann\u00e9es 1940 au nord de la France. Son p\u00e8re, employ\u00e9 agricole, tra\u00eene derri\u00e8re lui de ferme en ferme une famille nombreuse et avare en affection. Sombre tableau. Alors, quand Adi est envoy\u00e9 en Suisse al\u00e9manique pour travailler dans un h\u00f4tel, la s\u00e9paration sonne comme une promesse pour le jeune homme avide de revanche sociale et tourment\u00e9 par une ambition douloureuse. Adi r\u00eave d\u2019autre chose, mais il a du mal \u00e0 concilier les \u00e9chapp\u00e9es que la vie lui offre avec ce qu\u2019on lui a inculqu\u00e9 pour \u00ab \u00eatre un homme \u00bb. Ce roman de la col\u00e8re sonde les chemins trac\u00e9s en qu\u00eate du d\u00e9passement de ce qui nous construit. Par sa forme litt\u00e9raire \u00ab cam\u00e9ra \u00e0 l\u2019\u00e9paule \u00bb, \u00e9crit \u00e0 la deuxi\u00e8me personne et empruntant \u00e0 l\u2019argot et aux parlers r\u00e9gionaux, il nous encourage \u00e0 une vision empathique du personnage.<\/p>\n<p>&nbsp;<\/p>\n<p>&nbsp;<\/p>\n<p><strong>Salom\u00e9 Kiner<\/strong><\/p>\n<p>Salom\u00e9 Kiner est journaliste et romanci\u00e8re. Elle a travaill\u00e9 pour arte.tv et Radio France avant de s\u2019installer en Suisse o\u00f9 elle collabore avec le quotidien Le Temps, la Radio T\u00e9l\u00e9vision Suisse (QWERTZ, Vertigo) et la revue Mouvement. Elle intervient dans de nombreux festivals et \u00e9v\u00e8nements litt\u00e9raires pour animer des rencontres.<\/p>\n<p>Elle est l\u2019autrice de <em>Grande couronne<\/em> (Christian Bourgois, 2021 ; Le Livre de poche, 2023), s\u00e9lectionn\u00e9 pour le prix Inter, et co-autrice du roman collectif <em>Le Retour du Roi Djibril<\/em> (Ed. Iconoclaste, 2025).<\/p>\n<p>[\/et_pb_text][\/et_pb_column][\/et_pb_row][\/et_pb_section]<\/p>\n","protected":false},"excerpt":{"rendered":"<p>Jeudi 10 d\u00e9cembre 2026, 18 h 30<br \/>\nNous nous arr\u00eatons chez C.F. Ramuz pour d\u00e9couvrir &#8220;Rouille&#8221; de Camille Leyvraz (La Veilleuse, 2025) et &#8220;Sillons&#8221; de Bertrand Schmid (La Baconni\u00e8re, 2026). Salom\u00e9 Kiner assure l\u2019animation. <\/p>\n","protected":false},"author":2,"featured_media":2524,"comment_status":"open","ping_status":"open","sticky":false,"template":"","format":"standard","meta":{"_et_pb_use_builder":"on","_et_pb_old_content":"","_et_gb_content_width":"","footnotes":""},"categories":[4],"tags":[],"class_list":["post-2523","post","type-post","status-publish","format-standard","has-post-thumbnail","hentry","category-a-venir"],"_links":{"self":[{"href":"https:\/\/tulalu.ch\/index.php?rest_route=\/wp\/v2\/posts\/2523","targetHints":{"allow":["GET"]}}],"collection":[{"href":"https:\/\/tulalu.ch\/index.php?rest_route=\/wp\/v2\/posts"}],"about":[{"href":"https:\/\/tulalu.ch\/index.php?rest_route=\/wp\/v2\/types\/post"}],"author":[{"embeddable":true,"href":"https:\/\/tulalu.ch\/index.php?rest_route=\/wp\/v2\/users\/2"}],"replies":[{"embeddable":true,"href":"https:\/\/tulalu.ch\/index.php?rest_route=%2Fwp%2Fv2%2Fcomments&post=2523"}],"version-history":[{"count":4,"href":"https:\/\/tulalu.ch\/index.php?rest_route=\/wp\/v2\/posts\/2523\/revisions"}],"predecessor-version":[{"id":2547,"href":"https:\/\/tulalu.ch\/index.php?rest_route=\/wp\/v2\/posts\/2523\/revisions\/2547"}],"wp:featuredmedia":[{"embeddable":true,"href":"https:\/\/tulalu.ch\/index.php?rest_route=\/wp\/v2\/media\/2524"}],"wp:attachment":[{"href":"https:\/\/tulalu.ch\/index.php?rest_route=%2Fwp%2Fv2%2Fmedia&parent=2523"}],"wp:term":[{"taxonomy":"category","embeddable":true,"href":"https:\/\/tulalu.ch\/index.php?rest_route=%2Fwp%2Fv2%2Fcategories&post=2523"},{"taxonomy":"post_tag","embeddable":true,"href":"https:\/\/tulalu.ch\/index.php?rest_route=%2Fwp%2Fv2%2Ftags&post=2523"}],"curies":[{"name":"wp","href":"https:\/\/api.w.org\/{rel}","templated":true}]}}