{"id":2537,"date":"2026-08-19T09:39:44","date_gmt":"2026-08-19T09:39:44","guid":{"rendered":"https:\/\/tulalu.ch\/?p=2537"},"modified":"2026-08-19T09:59:55","modified_gmt":"2026-08-19T09:59:55","slug":"rencontre-avec-francesco-micieli-et-christian-viredaz","status":"publish","type":"post","link":"https:\/\/tulalu.ch\/?p=2537","title":{"rendered":"Rencontre avec Francesco Micieli et Christian Viredaz"},"content":{"rendered":"\n[et_pb_section fb_built=&#8221;1&#8243; admin_label=&#8221;section&#8221; _builder_version=&#8221;4.16&#8243; global_colors_info=&#8221;{}&#8221; theme_builder_area=&#8221;post_content&#8221;][et_pb_row admin_label=&#8221;row&#8221; _builder_version=&#8221;4.27.6&#8243; background_size=&#8221;initial&#8221; background_position=&#8221;top_left&#8221; background_repeat=&#8221;repeat&#8221; min_height=&#8221;225px&#8221; custom_margin=&#8221;|auto|-4px|auto|false|false&#8221; custom_padding=&#8221;14px||0px|||&#8221; global_colors_info=&#8221;{}&#8221; theme_builder_area=&#8221;post_content&#8221;][et_pb_column type=&#8221;4_4&#8243; _builder_version=&#8221;4.16&#8243; custom_padding=&#8221;|||&#8221; global_colors_info=&#8221;{}&#8221; custom_padding__hover=&#8221;|||&#8221; theme_builder_area=&#8221;post_content&#8221;][et_pb_text admin_label=&#8221;Text&#8221; _builder_version=&#8221;4.27.6&#8243; background_size=&#8221;initial&#8221; background_position=&#8221;top_left&#8221; background_repeat=&#8221;repeat&#8221; min_height=&#8221;129px&#8221; custom_padding=&#8221;||0px|||&#8221; hover_enabled=&#8221;0&#8243; global_colors_info=&#8221;{}&#8221; theme_builder_area=&#8221;post_content&#8221; sticky_enabled=&#8221;0&#8243;]<h3><span style=\"color: #000080;\"><strong>Lundi 16 novembre 2026, 18 h 30<\/strong><\/span><\/h3>\n<p>Cercle litt\u00e9raire de Lausanne, Pl. Saint-Fran\u00e7ois 7, 1003 Lausanne<em> <\/em><em>(<a href=\"https:\/\/maps.app.goo.gl\/nfJeZLAXzum3TV9W8\" target=\"_blank\" rel=\"noopener\">voir sur Google Maps<\/a>)<\/em><\/p>\n<p><!-- \/divi:paragraph --><\/p>[\/et_pb_text][et_pb_text _builder_version=&#8221;4.27.6&#8243; _module_preset=&#8221;default&#8221; custom_margin=&#8221;8px||16px||false|false&#8221; custom_padding=&#8221;||0px|||&#8221; hover_enabled=&#8221;0&#8243; global_colors_info=&#8221;{}&#8221; theme_builder_area=&#8221;post_content&#8221; sticky_enabled=&#8221;0&#8243;]<p>En partenariat avec le Centre de traduction litt\u00e9raire de Lausanne, nous recevons l\u2019\u00e9crivain et po\u00e8te <strong>Francesco Micieli<\/strong> et son traducteur <strong>Christian Viredaz<\/strong>. Lucie Tardin \u00e9voque avec eux plusieurs \u0153uvres qui les r\u00e9unissent.\u00a0<\/p>\n<p>&nbsp;<\/p>[\/et_pb_text][et_pb_image src=&#8221;https:\/\/tulalu.ch\/wp-content\/uploads\/2026\/07\/Unil-CTL.png&#8221; _builder_version=&#8221;4.27.6&#8243; _module_preset=&#8221;default&#8221; theme_builder_area=&#8221;post_content&#8221; title_text=&#8221;Unil CTL&#8221; align=&#8221;center&#8221; height=&#8221;125px&#8221; hover_enabled=&#8221;0&#8243; sticky_enabled=&#8221;0&#8243;][\/et_pb_image][\/et_pb_column][\/et_pb_row][et_pb_row column_structure=&#8221;1_2,1_2&#8243; _builder_version=&#8221;4.27.5&#8243; _module_preset=&#8221;default&#8221; global_colors_info=&#8221;{}&#8221; theme_builder_area=&#8221;post_content&#8221;][et_pb_column type=&#8221;1_2&#8243; _builder_version=&#8221;4.27.4&#8243; _module_preset=&#8221;default&#8221; global_colors_info=&#8221;{}&#8221; theme_builder_area=&#8221;post_content&#8221;][et_pb_image src=&#8221;https:\/\/tulalu.ch\/wp-content\/uploads\/2026\/08\/Francesco-Micieli-P1100029-redim-scaled.jpg&#8221; title_text=&#8221;Francesco Micieli P1100029 redim&#8221; show_in_lightbox=&#8221;on&#8221; force_fullwidth=&#8221;on&#8221; _builder_version=&#8221;4.27.6&#8243; _module_preset=&#8221;default&#8221; hover_enabled=&#8221;0&#8243; global_colors_info=&#8221;{}&#8221; theme_builder_area=&#8221;post_content&#8221; custom_padding=&#8221;120px||||false|false&#8221; sticky_enabled=&#8221;0&#8243;][\/et_pb_image][et_pb_text _builder_version=&#8221;4.27.6&#8243; _module_preset=&#8221;default&#8221; hover_enabled=&#8221;0&#8243; global_colors_info=&#8221;{}&#8221; theme_builder_area=&#8221;post_content&#8221; sticky_enabled=&#8221;0&#8243;]<p style=\"text-align: center;\">\u00a9 Keystone<\/p>[\/et_pb_text][\/et_pb_column][et_pb_column type=&#8221;1_2&#8243; _builder_version=&#8221;4.27.4&#8243; _module_preset=&#8221;default&#8221; global_colors_info=&#8221;{}&#8221; theme_builder_area=&#8221;post_content&#8221;][et_pb_image src=&#8221;https:\/\/tulalu.ch\/wp-content\/uploads\/2026\/08\/Au-Marche-de-la-poesie-place-Saint-Sulpice-2026-06-07-Pascal-Cottin-redim-scaled.jpg&#8221; title_text=&#8221;Au March\u00e9 de la po\u00e9sie, place Saint-Sulpice, 2026-06-07 Pascal Cottin redim&#8221; show_in_lightbox=&#8221;on&#8221; _builder_version=&#8221;4.27.6&#8243; _module_preset=&#8221;default&#8221; width=&#8221;100%&#8221; custom_padding=&#8221;0px||||false|false&#8221; hover_enabled=&#8221;0&#8243; global_colors_info=&#8221;{}&#8221; theme_builder_area=&#8221;post_content&#8221; sticky_enabled=&#8221;0&#8243;][\/et_pb_image][et_pb_text _builder_version=&#8221;4.27.6&#8243; _module_preset=&#8221;default&#8221; hover_enabled=&#8221;0&#8243; global_colors_info=&#8221;{}&#8221; theme_builder_area=&#8221;post_content&#8221; sticky_enabled=&#8221;0&#8243;]<p style=\"text-align: center;\">\u00a9 Pascal Cottin<\/p>[\/et_pb_text][\/et_pb_column][\/et_pb_row][et_pb_row column_structure=&#8221;1_2,1_2&#8243; _builder_version=&#8221;4.27.5&#8243; _module_preset=&#8221;default&#8221; global_colors_info=&#8221;{}&#8221; theme_builder_area=&#8221;post_content&#8221;][et_pb_column type=&#8221;1_2&#8243; _builder_version=&#8221;4.27.4&#8243; _module_preset=&#8221;default&#8221; global_colors_info=&#8221;{}&#8221; theme_builder_area=&#8221;post_content&#8221;][et_pb_image src=&#8221;https:\/\/tulalu.ch\/wp-content\/uploads\/2026\/08\/Couvertures-Micieli-1-scaled.jpeg&#8221; title_text=&#8221;Couvertures Micieli&#8221; show_in_lightbox=&#8221;on&#8221; force_fullwidth=&#8221;on&#8221; _builder_version=&#8221;4.27.6&#8243; _module_preset=&#8221;default&#8221; hover_enabled=&#8221;0&#8243; global_colors_info=&#8221;{}&#8221; theme_builder_area=&#8221;post_content&#8221; sticky_enabled=&#8221;0&#8243;][\/et_pb_image][\/et_pb_column][et_pb_column type=&#8221;1_2&#8243; _builder_version=&#8221;4.27.4&#8243; _module_preset=&#8221;default&#8221; global_colors_info=&#8221;{}&#8221; theme_builder_area=&#8221;post_content&#8221;][et_pb_image src=&#8221;https:\/\/tulalu.ch\/wp-content\/uploads\/2026\/08\/Dos-de-couverture-Micieli-1-scaled.jpeg&#8221; title_text=&#8221;Dos de couverture Micieli&#8221; show_in_lightbox=&#8221;on&#8221; _builder_version=&#8221;4.27.6&#8243; _module_preset=&#8221;default&#8221; hover_enabled=&#8221;0&#8243; global_colors_info=&#8221;{}&#8221; theme_builder_area=&#8221;post_content&#8221; sticky_enabled=&#8221;0&#8243;][\/et_pb_image][\/et_pb_column][\/et_pb_row][et_pb_row _builder_version=&#8221;4.19.4&#8243; _module_preset=&#8221;default&#8221; min_height=&#8221;371.2px&#8221; custom_margin=&#8221;|auto|-19px|auto||&#8221; custom_padding=&#8221;58px|||||&#8221; global_colors_info=&#8221;{}&#8221; theme_builder_area=&#8221;post_content&#8221;][et_pb_column type=&#8221;4_4&#8243; _builder_version=&#8221;4.19.4&#8243; _module_preset=&#8221;default&#8221; global_colors_info=&#8221;{}&#8221; theme_builder_area=&#8221;post_content&#8221;][et_pb_text _builder_version=&#8221;4.27.6&#8243; _module_preset=&#8221;default&#8221; custom_margin=&#8221;||-2px|||&#8221; hover_enabled=&#8221;0&#8243; global_colors_info=&#8221;{}&#8221; theme_builder_area=&#8221;post_content&#8221; sticky_enabled=&#8221;0&#8243;]<p>N\u00e9 en 1956 \u00e0 Santa Sofia d\u2019Epiro (Italie), arriv\u00e9 en Suisse en 1965, <strong>Francesco Micieli <\/strong>a \u00e9tudi\u00e9 les lettres romanes et allemandes \u00e0 Berne, Florence et Cosenza, et travaill\u00e9 comme metteur en sc\u00e8ne, acteur et directeur de th\u00e9\u00e2tre. Il poursuit aujourd\u2019hui son \u0153uvre d\u2019\u00e9crivain apr\u00e8s avoir enseign\u00e9 \u00e0 la Haute \u00e9cole des arts de Berne et \u00e0 l\u2019\u00c9cole d\u2019arts visuels Berne et Bienne. Ses livres lui ont valu de nombreuses distinctions et ont \u00e9t\u00e9 traduits en diverses langues.<\/p>\n<p>Ont paru \u00e0 ce jour en fran\u00e7ais <em>Je sais juste que mon p\u00e8re a de grosses mains<\/em> (\u00e9d. bilingue, En bas, 2011), la trilogie regroupant ce premier livre, <em>Le rire des moutons<\/em> et <em>Mon voyage en Italie<\/em> (En bas, 2013), <em>La mission<\/em> (\u00c0 c\u00f4t\u00e9 de cela, 2023), <em>Enfantines<\/em> (\u00e9d. bilingue, <em>Trocy-en-Multien, <\/em>Conf\u00e9rence, 2024), <em>Si les for\u00eats nous quittent<\/em> (H\u00e9lice H\u00e9las, 2024) et <em>Schwazzenbach. Nuits blanches \u00e0 L\u00fctzelfl\u00fch<\/em> (En bas, 2025). <em>Marcher sur l\u2019herbe<\/em> (H\u00e9lice H\u00e9las) para\u00eetra en 2027.<\/p>\n<p>&nbsp;<\/p>\n<p>N\u00e9 \u00e0 Oron-le-Ch\u00e2tel en 1955, <strong>Christian Viredaz<\/strong> est traducteur, po\u00e8te et \u00e9crivain. \u00a0Il a suivi des \u00e9tudes latin-grec \u00e0 Lausanne, puis des \u00e9tudes de lettres \u00e0 l\u2019Universit\u00e9 de Lausanne, o\u00f9 il a aussi \u00e9t\u00e9 assistant \u00e0 l\u2019Institut Benjamin Constant. Il a travaill\u00e9 comme traducteur, \u00e0 la Croix-Rouge suisse puis \u00e0 l\u2019Office f\u00e9d\u00e9ral des assurances sociale. Son activit\u00e9 de traducteur litt\u00e9raire lui a valu en 2026 le Prix suisse de litt\u00e9rature \/ Prix sp\u00e9cial de la traduction d\u00e9cern\u00e9 par l\u2019Office F\u00e9d\u00e9ral de la Culture. Il \u0153uvre \u00e9galement comme mentor pour de jeunes traducteurs et traductrices litt\u00e9raires.<\/p>\n<p>Il a publi\u00e9 six recueils de po\u00e8mes entre 1976 (<em>Calandres<\/em>, saint-germain-des-pr\u00e9s, Paris) et 1996 (<em>Vers l\u2019autre rive<\/em>, Eliane Vernay), Gen\u00e8ve, dont <em>Cendre vive<\/em> et <em>Tout le silence \u00e0 na\u00eetre<\/em> (L\u2019Aire, 1986 et 1990). En 2027, aux Ed. \u00c0 c\u00f4t\u00e9 de cela, sortira <em>Sur le fil de l\u2019oubli<\/em>.<\/p>\n<p>Depuis 1981, il a traduit de l\u2019italien et de l\u2019allemand une cinquantaine de livres, surtout d\u2019auteurs suisses, notamment Alberto Nessi, Giorgio et Giovanni Orelli et Franz Hohler. <em>Bureau des projections lumineuses<\/em> de Matteo Terzaghi vient d\u2019\u00eatre \u00e9dit\u00e9 chez art&amp;fiction et, cet automne, vont para\u00eetre <em>Poetry is not a part-time job<\/em> de Franco Beltrametti (H\u00e9ros-Limite) et <em>Ctrl+Alt+Deleuze<\/em> de Mercure Martini (\u00c0 c\u00f4t\u00e9 de cela).<\/p>\n<p>&nbsp;<\/p>\n<p><span style=\"color: #000080;\"><b>Christian Viredaz traduit Francesco Micieli<\/b><\/span><\/p>\n<p><strong>L<\/strong>e premier livre de Francesco Micieli traduit en fran\u00e7ais, <em>Je sais juste que mon p\u00e8re a de grosses mains <\/em>(En bas, 2011), est sous-titr\u00e9 Journal d\u2019un enfant. Mais il ne s\u2019agit pas d\u2019un vrai journal : ces brefs morceaux, entre prose et po\u00e9sie, rendent le regard na\u00eff que le protagoniste porte sur un monde qu\u2019il ne comprend pas encore.<\/p>\n<p>L\u2019ouvrage <em>Marcher sur l\u2019herbe<\/em> qui para\u00eetra au printemps 2027 chez H\u00e9lice H\u00e9las refait le voyage de l\u2019enfant qui, du fin fond de l\u2019Italie o\u00f9 il a \u00e9t\u00e9 \u00e9lev\u00e9 par ses grands-parents, rejoint ses parents \u00e9migr\u00e9s en Suisse al\u00e9manique.<\/p>\n<p><em>Si les for\u00eats nous quittent<\/em> (H\u00e9lice H\u00e9las, 2024), raconte l\u2019histoire d\u2019un groupe de jeunes qui, par un \u00e9t\u00e9 de canicule et d\u2019incendies, d\u00e9cident de faire ce qu\u2019ils peuvent pour sauver la plan\u00e8te, guid\u00e9s par une figure myst\u00e9rieuse appel\u00e9e Ginkgo, qui dispara\u00eet presque aussit\u00f4t les avoir rejoints.<\/p>\n<p>Quant \u00e0 <em>Schwazzenbach. Nuits blanches \u00e0 L\u00fctzelfl\u00fch<\/em> (En bas, 2025), c\u2019est le r\u00e9cit du retour d\u2019Angelo dans le village o\u00f9 il a v\u00e9cu sa scolarit\u00e9 et son adolescence \u00e0 l\u2019\u00e9poque du flower power mais aussi des initiatives x\u00e9nophobes de James Schwarzenbach. Trente ans apr\u00e8s, l\u2019enfant des premiers livres est invit\u00e9 dans le fief du grand classique al\u00e9manique Jeremias Gotthelf pour prononcer une conf\u00e9rence sur \u00ab Gotthelf et les \u00e9trangers \u00bb.<\/p>[\/et_pb_text][\/et_pb_column][\/et_pb_row][\/et_pb_section]\n","protected":false},"excerpt":{"rendered":"<p>Lundi 16 novembre 2026, 18 h 30<br \/>\nEn partenariat avec le Centre de traduction litt\u00e9raire de Lausanne, nous recevons l\u2019\u00e9crivain et po\u00e8te Francesco Micieli et son traducteur Christian Viredaz. Lucie Tardin \u00e9voque avec eux plusieurs \u0153uvres qui les r\u00e9unissent.  <\/p>\n","protected":false},"author":2,"featured_media":2557,"comment_status":"open","ping_status":"open","sticky":false,"template":"","format":"standard","meta":{"_et_pb_use_builder":"on","_et_pb_old_content":"","_et_gb_content_width":"","footnotes":""},"categories":[4],"tags":[],"class_list":["post-2537","post","type-post","status-publish","format-standard","has-post-thumbnail","hentry","category-a-venir"],"_links":{"self":[{"href":"https:\/\/tulalu.ch\/index.php?rest_route=\/wp\/v2\/posts\/2537","targetHints":{"allow":["GET"]}}],"collection":[{"href":"https:\/\/tulalu.ch\/index.php?rest_route=\/wp\/v2\/posts"}],"about":[{"href":"https:\/\/tulalu.ch\/index.php?rest_route=\/wp\/v2\/types\/post"}],"author":[{"embeddable":true,"href":"https:\/\/tulalu.ch\/index.php?rest_route=\/wp\/v2\/users\/2"}],"replies":[{"embeddable":true,"href":"https:\/\/tulalu.ch\/index.php?rest_route=%2Fwp%2Fv2%2Fcomments&post=2537"}],"version-history":[{"count":3,"href":"https:\/\/tulalu.ch\/index.php?rest_route=\/wp\/v2\/posts\/2537\/revisions"}],"predecessor-version":[{"id":2558,"href":"https:\/\/tulalu.ch\/index.php?rest_route=\/wp\/v2\/posts\/2537\/revisions\/2558"}],"wp:featuredmedia":[{"embeddable":true,"href":"https:\/\/tulalu.ch\/index.php?rest_route=\/wp\/v2\/media\/2557"}],"wp:attachment":[{"href":"https:\/\/tulalu.ch\/index.php?rest_route=%2Fwp%2Fv2%2Fmedia&parent=2537"}],"wp:term":[{"taxonomy":"category","embeddable":true,"href":"https:\/\/tulalu.ch\/index.php?rest_route=%2Fwp%2Fv2%2Fcategories&post=2537"},{"taxonomy":"post_tag","embeddable":true,"href":"https:\/\/tulalu.ch\/index.php?rest_route=%2Fwp%2Fv2%2Ftags&post=2537"}],"curies":[{"name":"wp","href":"https:\/\/api.w.org\/{rel}","templated":true}]}}