{"id":2548,"date":"2026-08-19T09:47:49","date_gmt":"2026-08-19T09:47:49","guid":{"rendered":"https:\/\/tulalu.ch\/?p=2548"},"modified":"2026-08-19T10:02:03","modified_gmt":"2026-08-19T10:02:03","slug":"rencontre-avec-lolve-tillmanns","status":"publish","type":"post","link":"https:\/\/tulalu.ch\/?p=2548","title":{"rendered":"Rencontre avec Lolv\u00e9 Tillmanns"},"content":{"rendered":"\n[et_pb_section fb_built=&#8221;1&#8243; admin_label=&#8221;section&#8221; _builder_version=&#8221;4.16&#8243; global_colors_info=&#8221;{}&#8221; theme_builder_area=&#8221;post_content&#8221;][et_pb_row admin_label=&#8221;row&#8221; _builder_version=&#8221;4.27.6&#8243; background_size=&#8221;initial&#8221; background_position=&#8221;top_left&#8221; background_repeat=&#8221;repeat&#8221; min_height=&#8221;225px&#8221; custom_margin=&#8221;|auto|-4px|auto|false|false&#8221; custom_padding=&#8221;14px||0px|||&#8221; global_colors_info=&#8221;{}&#8221; theme_builder_area=&#8221;post_content&#8221;][et_pb_column type=&#8221;4_4&#8243; _builder_version=&#8221;4.16&#8243; custom_padding=&#8221;|||&#8221; global_colors_info=&#8221;{}&#8221; custom_padding__hover=&#8221;|||&#8221; theme_builder_area=&#8221;post_content&#8221;][et_pb_text admin_label=&#8221;Text&#8221; _builder_version=&#8221;4.27.6&#8243; background_size=&#8221;initial&#8221; background_position=&#8221;top_left&#8221; background_repeat=&#8221;repeat&#8221; min_height=&#8221;129px&#8221; custom_padding=&#8221;||0px|||&#8221; hover_enabled=&#8221;0&#8243; global_colors_info=&#8221;{}&#8221; theme_builder_area=&#8221;post_content&#8221; sticky_enabled=&#8221;0&#8243;]<h3><span style=\"color: #000080;\"><strong>Lundi 26 octobre 2026, 19 h<\/strong><\/span><\/h3>\n<p><em>Bibliomedia, Rue Dr C\u00e9sar-Roux 34, 1005 Lausanne <\/em><em>(<a href=\"https:\/\/maps.app.goo.gl\/jwdit9xJTjiXK7Br9\" target=\"_blank\" rel=\"noopener\">voir sur Google Maps<\/a>)<\/em><\/p>\n<p><!-- \/divi:paragraph --><\/p>[\/et_pb_text][et_pb_text _builder_version=&#8221;4.27.6&#8243; _module_preset=&#8221;default&#8221; custom_margin=&#8221;8px||16px||false|false&#8221; custom_padding=&#8221;||0px|||&#8221; global_colors_info=&#8221;{}&#8221; theme_builder_area=&#8221;post_content&#8221;]<p>Nous partons en Afrique du Nord avec <strong>Lolv\u00e9 Tillmanns<\/strong> et son roman <em>Colon ne s\u2019\u00e9crit pas au f\u00e9minin<\/em> (Cousu mouche, 2026). L\u2019artiste visuelle C\u00e9line Burnand expose des images faisant \u00e9cho au texte. Cyril D\u00e9praz, journaliste et auteur du podcast \u00ab\u00a0Nos esclaves\u00a0\u00bb, encadre la rencontre. \u00a0<\/p>\n<p>&nbsp;<\/p>[\/et_pb_text][et_pb_image src=&#8221;https:\/\/tulalu.ch\/wp-content\/uploads\/2026\/07\/bibliomedia_logo_2_lignes_RGB_300dpi_1795_FR-scaled.jpg&#8221; title_text=&#8221;bibliomedia_logo_2_lignes_RGB_300dpi_1795_FR&#8221; align=&#8221;center&#8221; _builder_version=&#8221;4.27.6&#8243; _module_preset=&#8221;default&#8221; height=&#8221;100px&#8221; hover_enabled=&#8221;0&#8243; global_colors_info=&#8221;{}&#8221; theme_builder_area=&#8221;post_content&#8221; sticky_enabled=&#8221;0&#8243;][\/et_pb_image][\/et_pb_column][\/et_pb_row][et_pb_row _builder_version=&#8221;4.27.5&#8243; _module_preset=&#8221;default&#8221; global_colors_info=&#8221;{}&#8221; theme_builder_area=&#8221;post_content&#8221;][et_pb_column type=&#8221;4_4&#8243; _builder_version=&#8221;4.27.4&#8243; _module_preset=&#8221;default&#8221; global_colors_info=&#8221;{}&#8221; theme_builder_area=&#8221;post_content&#8221;][et_pb_image src=&#8221;https:\/\/tulalu.ch\/wp-content\/uploads\/2026\/08\/Lolve-Tillmanns-\u00a9-Jay-Louvion-DSCF0024-scaled-1-1.jpg&#8221; title_text=&#8221;Lolv\u00e9 Tillmanns \u00a9 Jay Louvion DSCF0024-scaled (1)&#8221; show_in_lightbox=&#8221;on&#8221; _builder_version=&#8221;4.27.6&#8243; _module_preset=&#8221;default&#8221; global_colors_info=&#8221;{}&#8221; theme_builder_area=&#8221;post_content&#8221; align=&#8221;center&#8221; width=&#8221;50%&#8221;][\/et_pb_image][et_pb_text _builder_version=&#8221;4.27.6&#8243; _module_preset=&#8221;default&#8221; hover_enabled=&#8221;0&#8243; global_colors_info=&#8221;{}&#8221; theme_builder_area=&#8221;post_content&#8221; sticky_enabled=&#8221;0&#8243;]<p style=\"text-align: center;\">\u00a9 Jay Louvion<\/p>[\/et_pb_text][\/et_pb_column][\/et_pb_row][et_pb_row _builder_version=&#8221;4.27.5&#8243; _module_preset=&#8221;default&#8221; global_colors_info=&#8221;{}&#8221; theme_builder_area=&#8221;post_content&#8221;][et_pb_column type=&#8221;4_4&#8243; _builder_version=&#8221;4.27.4&#8243; _module_preset=&#8221;default&#8221; global_colors_info=&#8221;{}&#8221; theme_builder_area=&#8221;post_content&#8221;][et_pb_image src=&#8221;https:\/\/tulalu.ch\/wp-content\/uploads\/2026\/08\/Colons-ne-secrit-pas-au-feminin-couverture-redim.png&#8221; title_text=&#8221;Colons ne s&#8217;\u00e9crit pas au f\u00e9minin couverture redim&#8221; show_in_lightbox=&#8221;on&#8221; _builder_version=&#8221;4.27.6&#8243; _module_preset=&#8221;default&#8221; hover_enabled=&#8221;0&#8243; global_colors_info=&#8221;{}&#8221; theme_builder_area=&#8221;post_content&#8221; max_height=&#8221;402px&#8221; align=&#8221;center&#8221; sticky_enabled=&#8221;0&#8243;][\/et_pb_image][\/et_pb_column][\/et_pb_row][et_pb_row _builder_version=&#8221;4.19.4&#8243; _module_preset=&#8221;default&#8221; min_height=&#8221;371.2px&#8221; custom_margin=&#8221;|auto|-19px|auto||&#8221; custom_padding=&#8221;58px|||||&#8221; global_colors_info=&#8221;{}&#8221; theme_builder_area=&#8221;post_content&#8221;][et_pb_column type=&#8221;4_4&#8243; _builder_version=&#8221;4.19.4&#8243; _module_preset=&#8221;default&#8221; global_colors_info=&#8221;{}&#8221; theme_builder_area=&#8221;post_content&#8221;][et_pb_text _builder_version=&#8221;4.27.6&#8243; _module_preset=&#8221;default&#8221; custom_margin=&#8221;||-2px|||&#8221; hover_enabled=&#8221;0&#8243; global_colors_info=&#8221;{}&#8221; theme_builder_area=&#8221;post_content&#8221; sticky_enabled=&#8221;0&#8243;]<p>N\u00e9e en 1982, <strong>Lolv\u00e9 Tillmanns<\/strong> grandit dans la campagne vaudoise. Sp\u00e9cialiste du secteur \u00e9nerg\u00e9tique, elle travaille dans ce domaine pendant cinq ans.\u00a0 Elle pr\u00e9sente sa d\u00e9mission pour se lancer tout enti\u00e8re dans la litt\u00e9rature en 2011.<\/p>\n<p>Son travail interroge l\u2019utilisation de la fiction afin de transformer des \u00e9v\u00e8nements de la Grande Histoire en une histoire qui a concern\u00e9 de v\u00e9ritables individus. Elle publie, principalement des romans, depuis 2014. Elle a gagn\u00e9 trois bourses, en 2013 afin d\u2019\u00e9crire trois mois \u00e0 G\u00eanes, en 2017, pour une r\u00e9sidence de six mois \u00e0 Buenos Aires et en 2023 dans le cadre de la Biennale de Ouidah au B\u00e9nin. Elle propose des ateliers d\u2019\u00e9criture \u00e0 tous les publics et coache des auteurices amateurs et professionnelles. L\u2019\u00e9dition alg\u00e9rienne de <em>Colon ne s\u2019\u00e9crit pas au f\u00e9minin<\/em> est attendue \u00e0 l\u2019automne 2026 aux \u00c9ditions Casbah (Alg\u00e9rie). <a href=\"http:\/\/www.lolvetillmanns.ch\">www.lolvetillmanns.ch<\/a><\/p>\n<p>&nbsp;<\/p>\n<p><span style=\"color: #000080;\"><b>Colons ne s&#8217;\u00e9crit pas au f\u00e9minin<\/b><\/span><\/p>\n<p><em>Colon ne s\u2019\u00e9crit pas au f\u00e9minin<\/em> a pour ambition de dresser le portrait d\u2019une entreprise coloniale suisse en Alg\u00e9rie \u2013 en particulier son installation \u00e0 la moiti\u00e9 du 19\u00e8me si\u00e8cle \u2013 et ce, gr\u00e2ce \u00e0 trois points de vue\u00a0: l\u2019\u00e9pouse d\u2019un des banquiers fondateurs de la Compagnie, une paysanne vaudoise devenant colon et une adolescente alg\u00e9rienne subissant cette colonisation, trois femmes, trois g\u00e9n\u00e9rations et trois positions sociales compl\u00e8tement diff\u00e9rentes afin de mieux cerner les tenants et les aboutissants de la Compagnie genevoise et peut-\u00eatre de contribuer \u00e0 la compr\u00e9hension du ph\u00e9nom\u00e8ne colonial en g\u00e9n\u00e9ral.<\/p>\n<p>Si le texte utilise les ressorts de la fiction, un important travail de documentation a \u00e9t\u00e9 effectu\u00e9 ainsi qu\u2019un voyage de recherches \u00e0 S\u00e9tif en 2022. Par ailleurs, le roman a \u00e9t\u00e9 relu par le Prof. L\u00fctzelschwab (Universit\u00e9 de Neuch\u00e2tel, Suisse) dont le doctorat traite de la Compagnie genevoise.<\/p>\n<p>&nbsp;<\/p>\n<p>Depuis trente ans, <strong>Cyril D\u00e9praz<\/strong> explore le journalisme sous diff\u00e9rentes formes. Son travail s\u2019articule autour des r\u00e9cits de vie, des questions \u00e9thiques, soci\u00e9tales et d\u2019identit\u00e9. Il a r\u00e9alis\u00e9 plusieurs films qui interrogent l\u2019histoire et ses r\u00e9sonances contemporaines. \u00ab \u00c0 mort la sorci\u00e8re \u00bb (2022), r\u00e9alis\u00e9 avec Maria Nicollier, revient sur la chasse aux sorci\u00e8res en Suisse, une des plus f\u00e9roces d\u2019Europe.<\/p>\n<p>Cyril D\u00e9praz investit \u00e9galement le podcast comme support d\u2019investigation et de narration. \u00ab Au terrible temps des sorci\u00e8res \u00bb (2022) prolonge les recherches r\u00e9alis\u00e9es pour \u00ab \u00c0 mort la sorci\u00e8re \u00bb et propose un r\u00e9cit in\u00e9dit m\u00ealant archives, analyse et r\u00e9cit personnel. \u00ab Nos esclaves \u00bb (2024) explore quant \u00e0 lui les multiples implications suisses dans l\u2019esclavage. Il travaille actuellement, avec le r\u00e9alisateur Pierre Monnard, \u00e0 une s\u00e9rie de films documentaires sur le m\u00eame sujet, dont la sortie est pr\u00e9vue d\u00e9but 2027.<\/p>\n<p>&nbsp;<\/p>\n<p><strong>C\u00e9line Burnand<\/strong> a \u00e9tudi\u00e9 les arts visuels, l\u2019histoire de l\u2019art et du cin\u00e9ma et la litt\u00e9rature anglophone, avant de se former \u00e0 l\u2019anthropologie visuelle. Le voyage et la rencontre avec d\u2019autres personnages, historiques et fictifs, nourrissent sa pratique artistique. Elle a s\u00e9journ\u00e9 \u00e0 Oakland, Madrid, Paris, Berlin et Bogot\u00e1, et a v\u00e9cu huit ans au Caire o\u00f9 elle a appris l\u2019arabe et d\u00e9velopp\u00e9 deux recherches : l\u2019une sur la symbolique du serpent dans une confr\u00e9rie soufie, l\u2019autre sur les archives d\u2019un sanatorium du d\u00e9sert fond\u00e9 en 1926 par son anc\u00eatre \u00e0 la demande du Roi d\u2019\u00c9gypte.<\/p>\n<p>Son travail, principalement sous forme d\u2019installation, m\u00eale dessin, film, photographie, texte et performance, et s&#8217;int\u00e9resse \u00e0 l&#8217;histoire, ses silences et ses br\u00e8ches, et se d\u00e9veloppe sous la forme d&#8217;enqu\u00eate, de portraits, de d\u00e9ambulations et de re-enactement. Elle expose en Suisse et \u00e0 l&#8217;\u00e9tranger et a re\u00e7u le Prix Alice Bailly en 2012 et la Bourse des arts visuels du Canton de Vaud en 2018.<\/p>[\/et_pb_text][\/et_pb_column][\/et_pb_row][\/et_pb_section]\n","protected":false},"excerpt":{"rendered":"<p>Lundi 26 octobre 2026, 19 h<br \/>\nNous partons en Afrique du Nord avec Lolv\u00e9 Tillmanns et son roman &#8220;Colon ne s\u2019\u00e9crit pas au f\u00e9minin&#8221; (Cousu mouche, 2026). L\u2019artiste visuelle C\u00e9line Burnand expose des images faisant \u00e9cho au texte. Cyril D\u00e9praz, journaliste et auteur du podcast \u00ab Nos esclaves \u00bb, encadre la rencontre.<\/p>\n","protected":false},"author":2,"featured_media":2549,"comment_status":"open","ping_status":"open","sticky":false,"template":"","format":"standard","meta":{"_et_pb_use_builder":"on","_et_pb_old_content":"","_et_gb_content_width":"","footnotes":""},"categories":[4],"tags":[],"class_list":["post-2548","post","type-post","status-publish","format-standard","has-post-thumbnail","hentry","category-a-venir"],"_links":{"self":[{"href":"https:\/\/tulalu.ch\/index.php?rest_route=\/wp\/v2\/posts\/2548","targetHints":{"allow":["GET"]}}],"collection":[{"href":"https:\/\/tulalu.ch\/index.php?rest_route=\/wp\/v2\/posts"}],"about":[{"href":"https:\/\/tulalu.ch\/index.php?rest_route=\/wp\/v2\/types\/post"}],"author":[{"embeddable":true,"href":"https:\/\/tulalu.ch\/index.php?rest_route=\/wp\/v2\/users\/2"}],"replies":[{"embeddable":true,"href":"https:\/\/tulalu.ch\/index.php?rest_route=%2Fwp%2Fv2%2Fcomments&post=2548"}],"version-history":[{"count":4,"href":"https:\/\/tulalu.ch\/index.php?rest_route=\/wp\/v2\/posts\/2548\/revisions"}],"predecessor-version":[{"id":2561,"href":"https:\/\/tulalu.ch\/index.php?rest_route=\/wp\/v2\/posts\/2548\/revisions\/2561"}],"wp:featuredmedia":[{"embeddable":true,"href":"https:\/\/tulalu.ch\/index.php?rest_route=\/wp\/v2\/media\/2549"}],"wp:attachment":[{"href":"https:\/\/tulalu.ch\/index.php?rest_route=%2Fwp%2Fv2%2Fmedia&parent=2548"}],"wp:term":[{"taxonomy":"category","embeddable":true,"href":"https:\/\/tulalu.ch\/index.php?rest_route=%2Fwp%2Fv2%2Fcategories&post=2548"},{"taxonomy":"post_tag","embeddable":true,"href":"https:\/\/tulalu.ch\/index.php?rest_route=%2Fwp%2Fv2%2Ftags&post=2548"}],"curies":[{"name":"wp","href":"https:\/\/api.w.org\/{rel}","templated":true}]}}