{"id":2559,"date":"2026-08-19T10:02:26","date_gmt":"2026-08-19T10:02:26","guid":{"rendered":"https:\/\/tulalu.ch\/?p=2559"},"modified":"2026-08-24T07:19:51","modified_gmt":"2026-08-24T07:19:51","slug":"rencontre-avec-jeanne-perrin-2","status":"publish","type":"post","link":"https:\/\/tulalu.ch\/?p=2559","title":{"rendered":"Rencontre avec Jeanne Perrin"},"content":{"rendered":"<p>[et_pb_section fb_built=&#8221;1&#8243; admin_label=&#8221;section&#8221; _builder_version=&#8221;4.16&#8243; global_colors_info=&#8221;{}&#8221;][et_pb_row admin_label=&#8221;row&#8221; _builder_version=&#8221;4.27.6&#8243; background_size=&#8221;initial&#8221; background_position=&#8221;top_left&#8221; background_repeat=&#8221;repeat&#8221; min_height=&#8221;225px&#8221; custom_margin=&#8221;|auto|-4px|auto|false|false&#8221; custom_padding=&#8221;14px||0px|||&#8221; global_colors_info=&#8221;{}&#8221;][et_pb_column type=&#8221;4_4&#8243; _builder_version=&#8221;4.16&#8243; custom_padding=&#8221;|||&#8221; global_colors_info=&#8221;{}&#8221; custom_padding__hover=&#8221;|||&#8221;][et_pb_text admin_label=&#8221;Text&#8221; _builder_version=&#8221;4.27.6&#8243; background_size=&#8221;initial&#8221; background_position=&#8221;top_left&#8221; background_repeat=&#8221;repeat&#8221; min_height=&#8221;129px&#8221; custom_padding=&#8221;||0px|||&#8221; global_colors_info=&#8221;{}&#8221;]<\/p>\n<h3><span style=\"color: #000080;\"><strong>Jeudi 24 septembre 2026, 19 h<\/strong><\/span><\/h3>\n<p><em>Mus\u00e9e de la Machine \u00e0 Ecrire, Rue des Terreaux 18b, 1003 Lausanne <\/em><em>(<a href=\"https:\/\/maps.app.goo.gl\/uoorq8yWVGVdBvLH8\" target=\"_blank\" rel=\"noopener\">voir sur Google Maps<\/a>)<\/em><\/p>\n<p><!-- \/divi:paragraph --><\/p>\n<p>[\/et_pb_text][et_pb_text _builder_version=&#8221;4.27.6&#8243; _module_preset=&#8221;default&#8221; custom_margin=&#8221;8px||16px||false|false&#8221; custom_padding=&#8221;||0px|||&#8221; global_colors_info=&#8221;{}&#8221;]<\/p>\n<p><strong>Jeanne Perrin<\/strong> aborde les litt\u00e9ratures de l\u2019imaginaire et d\u00e9voile sa s\u00e9rie <em>La Noire essence <\/em>(PVH \u00e9ditions). St\u00e9phane Bovon illustre l\u2019\u00e9chapp\u00e9e et Catherine Fattebert tient la barre.<\/p>\n<p>&nbsp;<\/p>\n<p>[\/et_pb_text][\/et_pb_column][\/et_pb_row][et_pb_row _builder_version=&#8221;4.27.5&#8243; _module_preset=&#8221;default&#8221; global_colors_info=&#8221;{}&#8221;][et_pb_column type=&#8221;4_4&#8243; _builder_version=&#8221;4.27.4&#8243; _module_preset=&#8221;default&#8221; global_colors_info=&#8221;{}&#8221;][et_pb_image src=&#8221;https:\/\/tulalu.ch\/wp-content\/uploads\/2026\/08\/Jeanne-Perrin-copyright-Mario-Del-Curto-1.jpg&#8221; title_text=&#8221;Jeanne Perrin copyright Mario Del Curto&#8221; show_in_lightbox=&#8221;on&#8221; align=&#8221;center&#8221; _builder_version=&#8221;4.27.6&#8243; _module_preset=&#8221;default&#8221; height=&#8221;557px&#8221; global_colors_info=&#8221;{}&#8221;][\/et_pb_image][et_pb_text _builder_version=&#8221;4.27.6&#8243; _module_preset=&#8221;default&#8221; global_colors_info=&#8221;{}&#8221;]<\/p>\n<p style=\"text-align: center;\">\u00a9 Mario Del Curto<\/p>\n<p>[\/et_pb_text][\/et_pb_column][\/et_pb_row][et_pb_row _builder_version=&#8221;4.27.5&#8243; _module_preset=&#8221;default&#8221; global_colors_info=&#8221;{}&#8221;][et_pb_column type=&#8221;4_4&#8243; _builder_version=&#8221;4.27.4&#8243; _module_preset=&#8221;default&#8221; global_colors_info=&#8221;{}&#8221;][et_pb_image src=&#8221;https:\/\/tulalu.ch\/wp-content\/uploads\/2026\/08\/LM32_Perrin_Cover_Full-petite.jpg&#8221; title_text=&#8221;LM32_Perrin_Cover_Full petite&#8221; show_in_lightbox=&#8221;on&#8221; _builder_version=&#8221;4.27.6&#8243; _module_preset=&#8221;default&#8221; hover_enabled=&#8221;0&#8243; global_colors_info=&#8221;{}&#8221; sticky_enabled=&#8221;0&#8243;][\/et_pb_image][\/et_pb_column][\/et_pb_row][et_pb_row _builder_version=&#8221;4.19.4&#8243; _module_preset=&#8221;default&#8221; min_height=&#8221;371.2px&#8221; custom_margin=&#8221;|auto|-19px|auto||&#8221; custom_padding=&#8221;58px|||||&#8221; global_colors_info=&#8221;{}&#8221;][et_pb_column type=&#8221;4_4&#8243; _builder_version=&#8221;4.19.4&#8243; _module_preset=&#8221;default&#8221; global_colors_info=&#8221;{}&#8221;][et_pb_text _builder_version=&#8221;4.27.6&#8243; _module_preset=&#8221;default&#8221; custom_margin=&#8221;||-2px|||&#8221; global_colors_info=&#8221;{}&#8221;]<\/p>\n<p><strong>Jeanne Perrin<\/strong> est active dans le milieu culturel depuis plus d\u2019un quart de si\u00e8cle. De son exp\u00e9rience professionnelle sont n\u00e9es des anecdotes sur la vie dans les coulisses des arts de la sc\u00e8ne, publi\u00e9es dans des recueils intitul\u00e9s <em>Chroniques d\u2019outre-sc\u00e8ne<\/em> (2009, 2011, 2017 et 2021). Jeanne Perrin est \u00e9galement f\u00e9rue de fantasy, un genre auquel elle contribue activement \u00e0 travers le cycle romanesque \u00abLa Noire essence\u00bb.<\/p>\n<p><span style=\"color: #000080;\"><b><\/b><\/span><\/p>\n<p><span style=\"color: #000080;\"><b>La Noire Essence<\/b><\/span><\/p>\n<p>Initi\u00e9 en 2024 et port\u00e9 sur deux axes, des recueils de nouvelles intitul\u00e9s \u00ab\u00a0Interludes\u00a0\u00bb et des romans intitul\u00e9s \u00ab\u00a0Nombres\u00a0\u00bb, le monde de la Noire essence se d\u00e9ploie sur papier apr\u00e8s avoir exist\u00e9 en tant que jeu de r\u00f4le. Son univers a \u00e9t\u00e9 cr\u00e9\u00e9 et d\u00e9velopp\u00e9 par l\u2019association jurassienne \u00ab\u00a0Jeu Est Un Autre\u00a0\u00bb et le vaudois d\u2019origine jurassienne Antoine Boegli. Les ouvrages de la Noire essence sont publi\u00e9s chez PVH \u00e9ditions, une maison d\u2019\u00e9dition franco-suisse sp\u00e9cialis\u00e9e dans les litt\u00e9ratures de l\u2019imaginaire. <a href=\"https:\/\/pvh-editions.com\/\">https:\/\/pvh-editions.com\/<\/a><\/p>\n<p>&nbsp;<\/p>\n<p>N\u00e9e \u00e0 Montreux, <strong>Catherine Fattebert<\/strong> a fait des \u00e9tudes de lettres \u00e0 Lausanne en histoire esth\u00e9tique du cin\u00e9ma. Elle est journaliste \u00e0 la RTS et notamment productrice de l\u2019\u00e9mission Travelling.<\/p>\n<p><strong>\u00a0<\/strong><\/p>\n<p><strong>St\u00e9phane Bovon<\/strong> est le cofondateur en 2001 des \u00e9ditions Castagni\u00e9\u00e9\u00e9 et, en 2012, des \u00e9ditions H\u00e9lice H\u00e9las, qui f\u00eatent cette ann\u00e9e leurs 15 ans. St\u00e9phane Bovon a \u00e9t\u00e9 comptable, serveur, agent de s\u00e9curit\u00e9, com\u00e9dien, il est aujourd\u2019hui enseignant, illustrateur, auteur de bande dessin\u00e9e et \u00e9crivain.<\/p>\n<p>&nbsp;<\/p>\n<p>[\/et_pb_text][\/et_pb_column][\/et_pb_row][\/et_pb_section]<\/p>\n","protected":false},"excerpt":{"rendered":"<p>Jeudi 24 septembre 2026, 19 h<br \/>\nJeanne Perrin aborde les litt\u00e9ratures de l\u2019imaginaire et d\u00e9voile sa s\u00e9rie &#8220;La Noire essence&#8221; (PVH \u00e9ditions). St\u00e9phane Bovon illustre l\u2019\u00e9chapp\u00e9e et Catherine Fattebert tient la barre. <\/p>\n","protected":false},"author":2,"featured_media":2560,"comment_status":"open","ping_status":"open","sticky":false,"template":"","format":"standard","meta":{"_et_pb_use_builder":"on","_et_pb_old_content":"","_et_gb_content_width":"","footnotes":""},"categories":[14,4],"tags":[],"class_list":["post-2559","post","type-post","status-publish","format-standard","has-post-thumbnail","hentry","category-a-la-une","category-a-venir"],"_links":{"self":[{"href":"https:\/\/tulalu.ch\/index.php?rest_route=\/wp\/v2\/posts\/2559","targetHints":{"allow":["GET"]}}],"collection":[{"href":"https:\/\/tulalu.ch\/index.php?rest_route=\/wp\/v2\/posts"}],"about":[{"href":"https:\/\/tulalu.ch\/index.php?rest_route=\/wp\/v2\/types\/post"}],"author":[{"embeddable":true,"href":"https:\/\/tulalu.ch\/index.php?rest_route=\/wp\/v2\/users\/2"}],"replies":[{"embeddable":true,"href":"https:\/\/tulalu.ch\/index.php?rest_route=%2Fwp%2Fv2%2Fcomments&post=2559"}],"version-history":[{"count":4,"href":"https:\/\/tulalu.ch\/index.php?rest_route=\/wp\/v2\/posts\/2559\/revisions"}],"predecessor-version":[{"id":2570,"href":"https:\/\/tulalu.ch\/index.php?rest_route=\/wp\/v2\/posts\/2559\/revisions\/2570"}],"wp:featuredmedia":[{"embeddable":true,"href":"https:\/\/tulalu.ch\/index.php?rest_route=\/wp\/v2\/media\/2560"}],"wp:attachment":[{"href":"https:\/\/tulalu.ch\/index.php?rest_route=%2Fwp%2Fv2%2Fmedia&parent=2559"}],"wp:term":[{"taxonomy":"category","embeddable":true,"href":"https:\/\/tulalu.ch\/index.php?rest_route=%2Fwp%2Fv2%2Fcategories&post=2559"},{"taxonomy":"post_tag","embeddable":true,"href":"https:\/\/tulalu.ch\/index.php?rest_route=%2Fwp%2Fv2%2Ftags&post=2559"}],"curies":[{"name":"wp","href":"https:\/\/api.w.org\/{rel}","templated":true}]}}