{"id":362,"date":"2021-09-14T10:23:00","date_gmt":"2021-09-14T10:23:00","guid":{"rendered":"https:\/\/tulalunew.rvpb.ch\/?p=362"},"modified":"2022-02-11T15:10:59","modified_gmt":"2022-02-11T15:10:59","slug":"rencontre-avec-adrien-gygax","status":"publish","type":"post","link":"https:\/\/tulalu.ch\/?p=362","title":{"rendered":"Rencontre avec Adrien Gygax"},"content":{"rendered":"\n<p class=\"wp-block-paragraph\"><strong>Se r\u00e9jouir de la fin \u00e0 l\u2019EMS de la Rozav\u00e8re ou le retour d\u2019Adrien Gygax sur le lieu de cr\u00e9ation de son dernier roman.<\/strong><\/p>\n\n\n\n<p class=\"wp-block-paragraph\">A l\u2019invitation de Tulalu, le lundi 13 septembre dernier, le jeune auteur vaudois faisait un retour tout en douceur sur les lieux m\u00eames qui ont tr\u00e8s largement inspir\u00e9 son dernier roman, \u00ab&nbsp;Se r\u00e9jouir de la fin&nbsp;\u00bb paru en f\u00e9vrier 2020 chez Grasset. C\u2019est en effet \u00e0 l\u2019EMS la Rozav\u00e8re, sur les hauts de Lausanne, o\u00f9 il a \u0153uvr\u00e9 quelques mois comme consultant qu\u2019Adrien Gygax a imagin\u00e9 son r\u00e9cit&nbsp;: une succession de petits bonheurs v\u00e9cus dans l\u2019institution par un r\u00e9sident nonag\u00e9naire \u00e9picurien, au seuil de sa vie.<\/p>\n\n\n\n<figure class=\"wp-block-image size-large\"><img decoding=\"async\" src=\"https:\/\/tulalu.ch\/wp-content\/uploads\/2021\/10\/C0011.18-1024x576.jpg\" alt=\"\" class=\"wp-image-7677\"\/><figcaption>\u00a9 Miguel De Moura<\/figcaption><\/figure>\n\n\n\n<p class=\"wp-block-paragraph\">Interrog\u00e9 par Sabine Dormond, accompagn\u00e9 pour l\u2019occasion par le com\u00e9dien Guillaume Prin pour les lectures, l\u2019auteur s\u2019est fait un point d\u2019honneur de s\u2019adresser en premier lieu aux r\u00e9sident.e.s du home pr\u00e9sent.e.s, davantage peut-\u00eatre qu\u2019au nombreux public qui avait fait le d\u00e9placement. Aux yeux d\u2019Adrien Gygax, pour garder la joie, une fois entr\u00e9 dans \u00ab&nbsp;le bloc de b\u00e9ton&nbsp;\u00bb que constitue l\u2019EMS, il faut imp\u00e9rativement l\u00e2cher prise&nbsp;et ceci dans tous les compartiments. Se d\u00e9tacher du mat\u00e9riel, rappeler ses souvenirs, dessiner comme un enfant, ne plus se sentir concern\u00e9, aimer encore, voyager avec la musique, faire le sourd, contempler le ciel en fin de journ\u00e9e, bref se r\u00e9jouir de la fin&nbsp;! Un message visiblement re\u00e7u cinq sur cinq par les pensionnaires de la Rozav\u00e8re, \u00e9bahi.e.s qu\u2019un jeune homme d\u2019\u00e0 peine 30 ans ait pu aussi ais\u00e9ment se projeter dans les derniers instants d\u2019un h\u00f4te d\u2019une maison de retraite. Rien ou presque ne serait venu rompre cette quasi f\u00e9licit\u00e9 si dans le public \u00abext\u00e9rieur&nbsp;\u00bb, une dame n\u2019avait interpel\u00e9 l\u2019auteur pour lui demander s\u2019il n\u2019y avait tout de m\u00eame pas une diff\u00e9rence fondamentale entre les l\u00e2cher-prises imagin\u00e9s et les tr\u00e8s nombreux petits deuils auxquels on \u00e9tait contraint dans le grand \u00e2ge. Mais Adrien Gygax a bott\u00e9 en touche. Peut-\u00eatre \u00e9tait-il d\u00e9j\u00e0 ailleurs, en l\u2019occurrence dans la t\u00eate d\u2019un cadre de Philip Morris, la trentaine, qui envoie tout balader, th\u00e8me de son prochain roman.<\/p>\n\n\n\n<figure class=\"wp-block-image size-large\"><img decoding=\"async\" src=\"https:\/\/tulalu.ch\/wp-content\/uploads\/2021\/10\/C0021.31-1024x576.jpg\" alt=\"\" class=\"wp-image-7678\"\/><figcaption>\u00a9 Miguel De Moura<\/figcaption><\/figure>\n\n\n\n<p class=\"wp-block-paragraph\">Ah, oui juste une chose encore de cette belle soir\u00e9e Tulalu&nbsp;!?, le magnifique ap\u00e9ritif sal\u00e9, puis sucr\u00e9, propos\u00e9 par les Escapades gourmandes de Xavier Bats, g\u00e9nie culinaire du lieu.<\/p>\n\n\n\n<p class=\"wp-block-paragraph\">Jean de Preux<\/p>\n\n\n","protected":false},"excerpt":{"rendered":"<p>Se r\u00e9jouir de la fin \u00e0 l\u2019EMS de la Rozav\u00e8re ou le retour d\u2019Adrien Gygax sur le lieu de cr\u00e9ation de son dernier roman. A l\u2019invitation de Tulalu, le lundi 13 septembre dernier, le jeune auteur vaudois faisait un retour tout en douceur sur les lieux m\u00eames qui ont tr\u00e8s largement inspir\u00e9 son dernier roman, [&hellip;]<\/p>\n","protected":false},"author":2,"featured_media":407,"comment_status":"closed","ping_status":"closed","sticky":false,"template":"","format":"standard","meta":{"_et_pb_use_builder":"","_et_pb_old_content":"","_et_gb_content_width":"","footnotes":""},"categories":[5],"tags":[],"class_list":["post-362","post","type-post","status-publish","format-standard","has-post-thumbnail","hentry","category-rencontres-passees"],"_links":{"self":[{"href":"https:\/\/tulalu.ch\/index.php?rest_route=\/wp\/v2\/posts\/362","targetHints":{"allow":["GET"]}}],"collection":[{"href":"https:\/\/tulalu.ch\/index.php?rest_route=\/wp\/v2\/posts"}],"about":[{"href":"https:\/\/tulalu.ch\/index.php?rest_route=\/wp\/v2\/types\/post"}],"author":[{"embeddable":true,"href":"https:\/\/tulalu.ch\/index.php?rest_route=\/wp\/v2\/users\/2"}],"replies":[{"embeddable":true,"href":"https:\/\/tulalu.ch\/index.php?rest_route=%2Fwp%2Fv2%2Fcomments&post=362"}],"version-history":[{"count":1,"href":"https:\/\/tulalu.ch\/index.php?rest_route=\/wp\/v2\/posts\/362\/revisions"}],"predecessor-version":[{"id":363,"href":"https:\/\/tulalu.ch\/index.php?rest_route=\/wp\/v2\/posts\/362\/revisions\/363"}],"wp:featuredmedia":[{"embeddable":true,"href":"https:\/\/tulalu.ch\/index.php?rest_route=\/wp\/v2\/media\/407"}],"wp:attachment":[{"href":"https:\/\/tulalu.ch\/index.php?rest_route=%2Fwp%2Fv2%2Fmedia&parent=362"}],"wp:term":[{"taxonomy":"category","embeddable":true,"href":"https:\/\/tulalu.ch\/index.php?rest_route=%2Fwp%2Fv2%2Fcategories&post=362"},{"taxonomy":"post_tag","embeddable":true,"href":"https:\/\/tulalu.ch\/index.php?rest_route=%2Fwp%2Fv2%2Ftags&post=362"}],"curies":[{"name":"wp","href":"https:\/\/api.w.org\/{rel}","templated":true}]}}