{"id":380,"date":"2021-05-18T11:02:00","date_gmt":"2021-05-18T11:02:00","guid":{"rendered":"https:\/\/tulalunew.rvpb.ch\/?p=380"},"modified":"2022-02-04T11:31:30","modified_gmt":"2022-02-04T11:31:30","slug":"rencontre-avec-edmond-vullioud","status":"publish","type":"post","link":"https:\/\/tulalu.ch\/?p=380","title":{"rendered":"Rencontre avec Edmond Vullioud"},"content":{"rendered":"\n<p class=\"wp-block-paragraph\">C\u2019est dans les somptueux locaux du Cercle litt\u00e9raire de Lausanne que Tulalu&nbsp;!? convie le public le 17 mai 2021. Ceux qui se sont inscrits \u00e0 temps se r\u00e9partissent sur les chaises espac\u00e9es en bonne et due forme, les autres assisteront \u00e0 la retransmission en direct de la rencontre depuis chez eux.<\/p>\n\n\n\n<figure class=\"wp-block-image size-large\"><img decoding=\"async\" src=\"https:\/\/tulalu.ch\/wp-content\/uploads\/2021\/07\/DSC00122-1024x576.jpg\" alt=\"\" class=\"wp-image-7542\"\/><\/figure>\n\n\n\n<p class=\"wp-block-paragraph\">Le pr\u00e9sident du Cercle litt\u00e9raire Guillaume Poisson exprime son \u00e9motion de reprendre les soir\u00e9es en pr\u00e9sentiel et se r\u00e9jouit de cette collaboration avec Tulalu&nbsp;!?<\/p>\n\n\n\n<p class=\"wp-block-paragraph\">L\u2019invit\u00e9 du jour, l\u2019auteur et com\u00e9dien Edmond Vullioud, commence par donner lecture de trois extraits repr\u00e9sentatifs de chacune des trois parties de son roman Sam, paru chez BSN Press en 2019. Il y \u00e9voque notamment la guerre qui d\u00e9truit en quelques minutes des \u00e9difices b\u00e2tis en plusieurs si\u00e8cles, le talent des b\u00e2tisseurs qui contraste avec la brutalit\u00e9 des artilleurs, et la lascivit\u00e9 du tango. Le contrebassiste Richard Dubugnon, \u00e9mu de retrouver la sc\u00e8ne apr\u00e8s cette longue parenth\u00e8se Covid, plonge tour \u00e0 tour la salle dans deux ambiances tr\u00e8s contrast\u00e9es.<\/p>\n\n\n\n<p class=\"wp-block-paragraph\">Edmond Vullioud qui a fait sienne la devise \u00ab&nbsp;Tout ce qui m\u00e9rite d\u2019\u00eatre fait m\u00e9rite d\u2019\u00eatre bien fait&nbsp;\u00bb reconna\u00eet qu\u2019il est plus stressant de lire son propre texte que celui des autres. Il attache beaucoup d\u2019importance \u00e0 la sonorit\u00e9, \u00e0 la recherche des euphonies. Une sensibilit\u00e9 qu\u2019il transpose dans son personnage principal, plus attach\u00e9 lui \u00e0 l\u2019apparence des mots qu\u2019\u00e0 leur signification.<\/p>\n\n\n\n<p class=\"wp-block-paragraph\">Une dysorthographie ayant perturb\u00e9 sa scolarit\u00e9, l\u2019auteur dit avoir mis du temps \u00e0 appr\u00e9hender la langue fran\u00e7aise comme un jeu d\u2019exceptions et de mots rares. Amoureux de la langue \u00e9crite des 18 et 19<sup>e<\/sup> si\u00e8cles, il s\u2019est efforc\u00e9 de bannir de son livre les mots qui n\u2019existaient pas \u00e0 l\u2019\u00e9poque relat\u00e9e en se r\u00e9f\u00e9rant pour cela au Larousse universel de 1912.<\/p>\n\n\n\n<figure class=\"wp-block-embed is-type-video is-provider-youtube wp-block-embed-youtube wp-embed-aspect-16-9 wp-has-aspect-ratio\"><div class=\"wp-block-embed__wrapper\">\n<iframe title=\"Autour de &quot;Sam&quot; | Rencontre avec Edmond Vullioud | 17.05.2021\" width=\"1080\" height=\"608\" src=\"https:\/\/www.youtube.com\/embed\/DMsnyJq3h84?feature=oembed\"  allow=\"accelerometer; autoplay; clipboard-write; encrypted-media; gyroscope; picture-in-picture\" allowfullscreen><\/iframe>\n<\/div><\/figure>\n\n\n\n<p class=\"wp-block-paragraph\">Pour SAM, le personnage principal, Edmond Vullioud s\u2019est en partie inspir\u00e9 de son fils Cl\u00e9ment atteint d\u2019autisme. Cette situation l\u2019a amen\u00e9 \u00e0 se poser beaucoup de questions sur la communication. Jusqu\u2019\u00e0 la premi\u00e8re d\u00e9finition du spectre autistique qui date de 1911, les autistes \u00e9taient consid\u00e9r\u00e9s comme les idiots du village. Mais le canton de Vaud \u00e9tait tr\u00e8s en avance dans leur prise en charge.<\/p>\n\n\n\n<p class=\"wp-block-paragraph\">Comme beaucoup d\u2019enfants Asperger, SAM a un talent&nbsp;: il dessine spontan\u00e9ment avec une pr\u00e9cision \u00e9poustouflante, c\u2019est sa mani\u00e8re d\u2019entrer en contact avec le monde. Il va m\u00eame apprendre \u00e0 lire avant de savoir parler. L\u2019institut o\u00f9 il est re\u00e7u d\u00e9c\u00e8le ce talent et orientera plus tard SAM vers le m\u00e9tier aujourd\u2019hui tomb\u00e9 en d\u00e9su\u00e9tude de peintre en lettres, m\u00e9lange entre la peinture et la graphie.<\/p>\n\n\n\n<p class=\"wp-block-paragraph\">Le roman s\u2019interroge ainsi sur la cr\u00e9ation artistique. SAM passe de la repr\u00e9sentation fid\u00e8le inspir\u00e9e de Borgeaud ou Hodler \u00e0 une interpr\u00e9tation plus cr\u00e9ative en mode Bacon, quand l\u2019invention de la photo rend la peinture r\u00e9aliste inutile.<\/p>\n\n\n\n<p class=\"wp-block-paragraph\">Ayant observ\u00e9 que son fils Cl\u00e9ment parle de lui-m\u00eame \u00e0 la troisi\u00e8me personne, l\u2019auteur a choisi d\u2019utiliser la 2<sup>e<\/sup> personne pour restituer cette \u00e9tranget\u00e9 qui doit susciter la sympathie du lecteur, la 3<sup>e<\/sup> \u00e9tant chose convenue en litt\u00e9rature. Ce tu qu\u2019on retrouve chez Marc Aur\u00e8le est le tutoiement philosophique qu\u2019on emploie en s\u2019adressant \u00e0 soi. Il a un aspect intime.<\/p>\n\n\n\n<p class=\"wp-block-paragraph\">La trajectoire personnelle de SAM va croiser la grande Histoire (destruction de la cath\u00e9drale de Reims.) Profond\u00e9ment bless\u00e9 par une violence initiale, SAM cherche \u00e0 retrouver une forme de dignit\u00e9. Il a besoin d\u2019am\u00e9liorer le monde comme on \u00ab&nbsp;am\u00e9liorait&nbsp;\u00bb \u00e0 l\u2019\u00e9poque les handicap\u00e9s, pense pouvoir le faire en modifiant la structure de son existence. Le 20<sup>e<\/sup> si\u00e8cle aussi a beaucoup essay\u00e9 de corriger le monde et le r\u00e9sultat a \u00e9t\u00e9 d\u2019une violence inou\u00efe.<\/p>\n\n\n\n<p class=\"wp-block-paragraph\">Sur le plan spirituel, Edmond Vullioud se reconna\u00eet un parcours type&nbsp;: d\u2019abord chr\u00e9tien militant de la frange libriste de l\u2019\u00c9glise \u00e9vang\u00e9lique vaudoise, il s\u2019int\u00e9resse au texte et au rituel, avec de traverser une phase nihiliste, gauche toute militante pour en arriver \u00e0 une vie d\u2019homme qui doute. Mais qu\u2019on le veuille ou non, nous vivons dans une soci\u00e9t\u00e9 dont les fondamentaux sont chr\u00e9tiens et, s\u2019agissant de Vaud, protestants.<\/p>\n\n\n\n<figure class=\"wp-block-image size-large\"><img decoding=\"async\" src=\"https:\/\/tulalu.ch\/wp-content\/uploads\/2021\/07\/DSC00132-1024x576.jpg\" alt=\"\" class=\"wp-image-7543\"\/><\/figure>\n\n\n\n<p class=\"wp-block-paragraph\">Il lui a paru naturel d\u2019en t\u00e9moigner \u00e0 travers un personnage na\u00eff. SAM qui se croyait d\u00e9j\u00e0 propri\u00e9taire de sa ferme, des terres de sa ferme, ne comprend pas le royaume des cieux, il est dans un questionnement permanent par rapport \u00e0 la spiritualit\u00e9. Son rapport instinctif \u00e0 la foi cr\u00e9e une dichotomie avec la foi dogmatique du pasteur pour qui croire une obligation.<\/p>\n\n\n\n<p class=\"wp-block-paragraph\">&nbsp;&nbsp;&nbsp;&nbsp;&nbsp;&nbsp;&nbsp;&nbsp;&nbsp;&nbsp;&nbsp;&nbsp;&nbsp;&nbsp;&nbsp;&nbsp;&nbsp;&nbsp;&nbsp;&nbsp;&nbsp;&nbsp;&nbsp;&nbsp;&nbsp;&nbsp;&nbsp;&nbsp;&nbsp;&nbsp;&nbsp;&nbsp;&nbsp;&nbsp;&nbsp;&nbsp;&nbsp;&nbsp;&nbsp;&nbsp;&nbsp;&nbsp;&nbsp;&nbsp;&nbsp;&nbsp; &nbsp;&nbsp;&nbsp;&nbsp;&nbsp;&nbsp;&nbsp;&nbsp;&nbsp;&nbsp;&nbsp;&nbsp;&nbsp;&nbsp;&nbsp;&nbsp;&nbsp;&nbsp;&nbsp;&nbsp;&nbsp;&nbsp;&nbsp;&nbsp;&nbsp;&nbsp;&nbsp;&nbsp;&nbsp;&nbsp;&nbsp;&nbsp;&nbsp;&nbsp;&nbsp;&nbsp;&nbsp;&nbsp;&nbsp;&nbsp;&nbsp;&nbsp;&nbsp;&nbsp;&nbsp;&nbsp;&nbsp;&nbsp;&nbsp;&nbsp;&nbsp;&nbsp;&nbsp;&nbsp;&nbsp;&nbsp;&nbsp;&nbsp;&nbsp;&nbsp;&nbsp;&nbsp;&nbsp;&nbsp;&nbsp;&nbsp;&nbsp;&nbsp;&nbsp;&nbsp;&nbsp;&nbsp;&nbsp;&nbsp;&nbsp;&nbsp;&nbsp;&nbsp;&nbsp;&nbsp;&nbsp;&nbsp;&nbsp;&nbsp;Sabine Dormond<\/p>\n\n\n","protected":false},"excerpt":{"rendered":"<p>C\u2019est dans les somptueux locaux du Cercle litt\u00e9raire de Lausanne que Tulalu&nbsp;!? convie le public le 17 mai 2021. Ceux qui se sont inscrits \u00e0 temps se r\u00e9partissent sur les chaises espac\u00e9es en bonne et due forme, les autres assisteront \u00e0 la retransmission en direct de la rencontre depuis chez eux. Le pr\u00e9sident du Cercle [&hellip;]<\/p>\n","protected":false},"author":2,"featured_media":388,"comment_status":"open","ping_status":"open","sticky":false,"template":"","format":"standard","meta":{"_et_pb_use_builder":"","_et_pb_old_content":"","_et_gb_content_width":"","footnotes":""},"categories":[5],"tags":[],"class_list":["post-380","post","type-post","status-publish","format-standard","has-post-thumbnail","hentry","category-rencontres-passees"],"_links":{"self":[{"href":"https:\/\/tulalu.ch\/index.php?rest_route=\/wp\/v2\/posts\/380","targetHints":{"allow":["GET"]}}],"collection":[{"href":"https:\/\/tulalu.ch\/index.php?rest_route=\/wp\/v2\/posts"}],"about":[{"href":"https:\/\/tulalu.ch\/index.php?rest_route=\/wp\/v2\/types\/post"}],"author":[{"embeddable":true,"href":"https:\/\/tulalu.ch\/index.php?rest_route=\/wp\/v2\/users\/2"}],"replies":[{"embeddable":true,"href":"https:\/\/tulalu.ch\/index.php?rest_route=%2Fwp%2Fv2%2Fcomments&post=380"}],"version-history":[{"count":1,"href":"https:\/\/tulalu.ch\/index.php?rest_route=\/wp\/v2\/posts\/380\/revisions"}],"predecessor-version":[{"id":389,"href":"https:\/\/tulalu.ch\/index.php?rest_route=\/wp\/v2\/posts\/380\/revisions\/389"}],"wp:featuredmedia":[{"embeddable":true,"href":"https:\/\/tulalu.ch\/index.php?rest_route=\/wp\/v2\/media\/388"}],"wp:attachment":[{"href":"https:\/\/tulalu.ch\/index.php?rest_route=%2Fwp%2Fv2%2Fmedia&parent=380"}],"wp:term":[{"taxonomy":"category","embeddable":true,"href":"https:\/\/tulalu.ch\/index.php?rest_route=%2Fwp%2Fv2%2Fcategories&post=380"},{"taxonomy":"post_tag","embeddable":true,"href":"https:\/\/tulalu.ch\/index.php?rest_route=%2Fwp%2Fv2%2Ftags&post=380"}],"curies":[{"name":"wp","href":"https:\/\/api.w.org\/{rel}","templated":true}]}}