{"id":392,"date":"2021-04-20T11:36:00","date_gmt":"2021-04-20T11:36:00","guid":{"rendered":"https:\/\/tulalunew.rvpb.ch\/?p=392"},"modified":"2022-02-11T15:23:50","modified_gmt":"2022-02-11T15:23:50","slug":"rencontre-avec-jean-prodhom","status":"publish","type":"post","link":"https:\/\/tulalu.ch\/?p=392","title":{"rendered":"Rencontre avec Jean Prod&#8217;hom"},"content":{"rendered":"\n<p class=\"wp-block-paragraph\">Une bonne trentaine de passionn\u00e9s de litt\u00e9rature, dont plusieurs \u00e9crivains, se rassemblent \u00e0 la menuiserie de Lutry le 19 avril 2021 pour la premi\u00e8re soir\u00e9e Tulalu&nbsp;!? apr\u00e8s une longue interruption. Derri\u00e8re les masques transpara\u00eet le plaisir des retrouvailles.<\/p>\n\n\n\n<p class=\"wp-block-paragraph\">La secr\u00e9taire g\u00e9n\u00e9rale Corn\u00e9lia de Preux souhaite la bienvenue et pr\u00e9sente la nouvelle \u00e9quipe.<\/p>\n\n\n\n<p class=\"wp-block-paragraph\">Il sera question ce soir de \u00ab&nbsp;Novembre&nbsp;\u00bb, r\u00e9cit d\u2019un cheminement existentiel et litt\u00e9raire dans la r\u00e9gion des Trois-Lacs que Jean Prod\u2019hom publie en 2018 aux \u00e9ditions d\u2019Autre part.<\/p>\n\n\n\n<p class=\"wp-block-paragraph\">L\u2019annonce de la mort imminente d\u2019un ami qui enjoint le narrateur de le quitter d\u00e9clenche le d\u00e9but du p\u00e8lerinage, car elle ouvre un temps d\u2019attente qu\u2019il s\u2019agit d\u2019occuper. Cette marche, d\u2019abord h\u00e9sitante, se laisse guider par le cours des rivi\u00e8res d\u00e9finissant le Seeland. Ce sera donc tout naturellement l\u2019inversion des eaux de la Thi\u00e8le dans le lac de Bienne qui ram\u00e8nera le marcheur \u00e0 son point de d\u00e9part. Chaque jour, le narrateur ramasse des objets qui, mis bout \u00e0 bout, constituent une sorte de chapelet. Un geste clin d\u2019\u0153il \u00e0 \u00ab&nbsp;Tessons&nbsp;\u00bb, son pr\u00e9c\u00e9dent ouvrage, o\u00f9 Jean Prod\u2019hom avait d\u00e9j\u00e0 ressenti le besoin de ramasser et d\u2019interpr\u00e9ter ces fragments rejet\u00e9s par la mer. Outre l\u2019objet lui-m\u00eame, l\u2019endroit o\u00f9 il est trouv\u00e9 ouvre une s\u00e9rie de r\u00e9flexions qui permettent un ancrage.<\/p>\n\n\n\n<figure class=\"wp-block-image size-large\"><img decoding=\"async\" src=\"https:\/\/tulalu.ch\/wp-content\/uploads\/2021\/03\/DSCF0931-1024x683.jpg\" alt=\"\" class=\"wp-image-7533\"\/><\/figure>\n\n\n\n<p class=\"wp-block-paragraph\">Le paysage naturel c\u00e8de tr\u00e8s vite la place \u00e0 un paysage travaill\u00e9 et dompt\u00e9 par l\u2019homme avec, ici et l\u00e0, un timbre-poste appel\u00e9 jach\u00e8re, conc\u00e9d\u00e9 \u00e0 la faune pour la bonne conscience. Quelques cases libres qui, paradoxalement, co\u00fbtent tr\u00e8s cher \u00e0 l\u2019entretien&nbsp;: 4000 francs \u00e0 l\u2019hectare pour maintenir la sauvagerie qui nous reste. Les animaux y passent comme le cheval sur l\u2019\u00e9chiquier. Jean Prod\u2019hom s\u2019en inqui\u00e8te, mais trouve aussi r\u00e9confortant de voir que la vie trouve toujours moyen de se faufiler sur le b\u00e9ton. Il y a quelques si\u00e8cles, c\u2019\u00e9tait l\u2019inverse. La for\u00eat avait la bride sur le coup. Aujourd\u2019hui, l\u2019inconnu \u00e9tudi\u00e9 par les biologistes devient microscopique.<\/p>\n\n\n\n<p class=\"wp-block-paragraph\">Fort de la conviction que l\u2019ici est ailleurs, l\u2019auteur rejoint le philosophe Henry Thoreau dans l\u2019id\u00e9e qu\u2019une vie suffit \u00e0 peine pour explorer seize kilom\u00e8tres carr\u00e9s, pour peu qu\u2019on y porte l\u2019attention n\u00e9cessaire. Inutile donc de sillonner le monde quand il y a tant \u00e0 d\u00e9couvrir \u00e0 port\u00e9e de main. Le d\u00e9fi consisterait plut\u00f4t \u00e0 se satisfaire de cette surface.<\/p>\n\n\n\n<div class=\"wp-block-columns is-layout-flex wp-container-core-columns-is-layout-8f761849 wp-block-columns-is-layout-flex\">\n<div class=\"wp-block-column is-layout-flow wp-block-column-is-layout-flow\" style=\"flex-basis:100%\">\n<div class=\"wp-block-group is-layout-flow wp-block-group-is-layout-flow\">\n<div class=\"wp-block-columns is-layout-flex wp-container-core-columns-is-layout-8f761849 wp-block-columns-is-layout-flex\">\n<div class=\"wp-block-column is-layout-flow wp-block-column-is-layout-flow\" style=\"flex-basis:100%\">\n<figure class=\"wp-block-embed is-type-video is-provider-youtube wp-block-embed-youtube wp-embed-aspect-16-9 wp-has-aspect-ratio\"><div class=\"wp-block-embed__wrapper\">\n<iframe title=\"TULALU!?  AVEC JEAN PROD&#039;HOM\" width=\"1080\" height=\"608\" src=\"https:\/\/www.youtube.com\/embed\/t69AbCSzaKQ?feature=oembed\"  allow=\"accelerometer; autoplay; clipboard-write; encrypted-media; gyroscope; picture-in-picture\" allowfullscreen><\/iframe>\n<\/div><\/figure>\n<\/div>\n<\/div>\n<\/div>\n<\/div>\n<\/div>\n\n\n\n<p class=\"wp-block-paragraph\">L\u2019autre engagement du marcheur est de consigner chaque jour les cinq lignes attestant qu\u2019il est vivant. Car le d\u00e9part \u00e0 la retraite de l\u2019auteur a ouvert une nouvelle temporalit\u00e9, au m\u00eame titre que l\u2019annonce du d\u00e9c\u00e8s prochain de l\u2019ami. Jean Prod\u2019hom s\u2019aper\u00e7oit que cinq d\u00e9cennies tiennent dans le creux de la main.<\/p>\n\n\n\n<p class=\"wp-block-paragraph\">Le chapitre consacr\u00e9 \u00e0 la colline du Mormont fait \u00e9cho \u00e0 l\u2019actualit\u00e9. Pour fabriquer le b\u00e9ton, on ronge la montagne, \u00ab&nbsp;on la blesse de plus en plus profond\u00e9ment.&nbsp;\u00bb L\u2019homme a toujours voulu \u00ab&nbsp;neutraliser les mar\u00e9cages et vivre les pieds au sec.&nbsp;\u00bb A propos de la ZAD, Jean Prod\u2019hom ne se fait gu\u00e8re d\u2019illusions&nbsp;: \u00ab&nbsp;L\u2019imperm\u00e9abilisation des sols a encore de beaux jours devant elle. Et les entreprises comme Holcim r\u00e9pondent \u00e0 des besoins sur lesquels la plupart des gens s\u2019accordent.&nbsp;\u00bb<\/p>\n\n\n\n<figure class=\"wp-block-image size-large\"><img decoding=\"async\" src=\"https:\/\/tulalu.ch\/wp-content\/uploads\/2021\/03\/DSCF1013-1024x683.jpg\" alt=\"\" class=\"wp-image-7532\"\/><\/figure>\n\n\n\n<p class=\"wp-block-paragraph\">La soir\u00e9e touche \u00e0 sa fin et le com\u00e9dien Yves Raeber, qui nous a donn\u00e9 lecture de quelques passages, signale en guise de conclusion qu\u2019il a lui-m\u00eame traduit \u00ab&nbsp;Novembre&nbsp;\u00bb en allemand. C\u00e9dant \u00e0 la demande du public, il nous en relit l\u2019introduction, cette fois dans la langue de Goethe.<\/p>\n\n\n\n<p class=\"wp-block-paragraph\">&nbsp;&nbsp;&nbsp;&nbsp;&nbsp;&nbsp;&nbsp;&nbsp;&nbsp;&nbsp;&nbsp;&nbsp;&nbsp;&nbsp;&nbsp;&nbsp;&nbsp;&nbsp;&nbsp;&nbsp;&nbsp;&nbsp;&nbsp;&nbsp;&nbsp;&nbsp;&nbsp;&nbsp;&nbsp;&nbsp;&nbsp;&nbsp;&nbsp;&nbsp;&nbsp;&nbsp;&nbsp;&nbsp;&nbsp;&nbsp;&nbsp;&nbsp;&nbsp;&nbsp;&nbsp;&nbsp;&nbsp;&nbsp;&nbsp;&nbsp;&nbsp;&nbsp;&nbsp;&nbsp;&nbsp;&nbsp;&nbsp;&nbsp;&nbsp;&nbsp;&nbsp;&nbsp;&nbsp;&nbsp;&nbsp;&nbsp;&nbsp;&nbsp;&nbsp;&nbsp;&nbsp;&nbsp;&nbsp;&nbsp;&nbsp;&nbsp;&nbsp;&nbsp;&nbsp;&nbsp;&nbsp;&nbsp;&nbsp;&nbsp;&nbsp;&nbsp;&nbsp;&nbsp;&nbsp;&nbsp;&nbsp;&nbsp;&nbsp;&nbsp;&nbsp; Sabine Dormond, La menuiserie, Lutry, 19.04.21<\/p>\n\n\n","protected":false},"excerpt":{"rendered":"<p>Une bonne trentaine de passionn\u00e9s de litt\u00e9rature, dont plusieurs \u00e9crivains, se rassemblent \u00e0 la menuiserie de Lutry le 19 avril 2021 pour la premi\u00e8re soir\u00e9e Tulalu&nbsp;!? apr\u00e8s une longue interruption. Derri\u00e8re les masques transpara\u00eet le plaisir des retrouvailles. La secr\u00e9taire g\u00e9n\u00e9rale Corn\u00e9lia de Preux souhaite la bienvenue et pr\u00e9sente la nouvelle \u00e9quipe. Il sera question [&hellip;]<\/p>\n","protected":false},"author":2,"featured_media":410,"comment_status":"open","ping_status":"open","sticky":false,"template":"","format":"standard","meta":{"_et_pb_use_builder":"","_et_pb_old_content":"","_et_gb_content_width":"","footnotes":""},"categories":[5],"tags":[],"class_list":["post-392","post","type-post","status-publish","format-standard","has-post-thumbnail","hentry","category-rencontres-passees"],"_links":{"self":[{"href":"https:\/\/tulalu.ch\/index.php?rest_route=\/wp\/v2\/posts\/392","targetHints":{"allow":["GET"]}}],"collection":[{"href":"https:\/\/tulalu.ch\/index.php?rest_route=\/wp\/v2\/posts"}],"about":[{"href":"https:\/\/tulalu.ch\/index.php?rest_route=\/wp\/v2\/types\/post"}],"author":[{"embeddable":true,"href":"https:\/\/tulalu.ch\/index.php?rest_route=\/wp\/v2\/users\/2"}],"replies":[{"embeddable":true,"href":"https:\/\/tulalu.ch\/index.php?rest_route=%2Fwp%2Fv2%2Fcomments&post=392"}],"version-history":[{"count":1,"href":"https:\/\/tulalu.ch\/index.php?rest_route=\/wp\/v2\/posts\/392\/revisions"}],"predecessor-version":[{"id":394,"href":"https:\/\/tulalu.ch\/index.php?rest_route=\/wp\/v2\/posts\/392\/revisions\/394"}],"wp:featuredmedia":[{"embeddable":true,"href":"https:\/\/tulalu.ch\/index.php?rest_route=\/wp\/v2\/media\/410"}],"wp:attachment":[{"href":"https:\/\/tulalu.ch\/index.php?rest_route=%2Fwp%2Fv2%2Fmedia&parent=392"}],"wp:term":[{"taxonomy":"category","embeddable":true,"href":"https:\/\/tulalu.ch\/index.php?rest_route=%2Fwp%2Fv2%2Fcategories&post=392"},{"taxonomy":"post_tag","embeddable":true,"href":"https:\/\/tulalu.ch\/index.php?rest_route=%2Fwp%2Fv2%2Ftags&post=392"}],"curies":[{"name":"wp","href":"https:\/\/api.w.org\/{rel}","templated":true}]}}