{"id":649,"date":"2022-08-08T15:29:00","date_gmt":"2022-08-08T15:29:00","guid":{"rendered":"https:\/\/tulalu.ch\/?p=649"},"modified":"2022-10-13T12:28:45","modified_gmt":"2022-10-13T12:28:45","slug":"rencontre-avec-jean-jacques-busino","status":"publish","type":"post","link":"https:\/\/tulalu.ch\/?p=649","title":{"rendered":"Rencontre avec Jean-Jacques Busino"},"content":{"rendered":"\n<p class=\"wp-block-paragraph\">Nous avons d\u00e9but\u00e9 la saison avec <em>Le ciel se couvre<\/em> (BSN Press, 2022), de Jean-Jacques Busino. Sur la bande-son de l\u2019opus, H\u00e9l\u00e8ne Dormond s&#8217;est entretenue avec le romancier. Le rendez-vous a eu lieu le lundi 12 septembre au Mus\u00e9e de la Machine \u00e0 \u00c9crire, Rue des Terreaux 18B, 1003 Lausanne.&nbsp;<a href=\"https:\/\/tulalu.ch\/les-videos-de-nos-soirees\/\">(Voir les extraits vid\u00e9os)<\/a><\/p>\n\n\n\n<figure class=\"wp-block-gallery has-nested-images columns-default is-cropped wp-block-gallery-1 is-layout-flex wp-block-gallery-is-layout-flex\">\n<figure class=\"wp-block-image size-large\"><img fetchpriority=\"high\" fetchpriority=\"high\" decoding=\"async\" width=\"1024\" height=\"576\" data-id=\"701\" src=\"https:\/\/tulalu.ch\/wp-content\/uploads\/2022\/09\/C0010.00_08_53_36.Still012-1024x576.jpg\" alt=\"\" class=\"wp-image-701\" srcset=\"https:\/\/tulalu.ch\/wp-content\/uploads\/2022\/09\/C0010.00_08_53_36.Still012-980x551.jpg 980w, https:\/\/tulalu.ch\/wp-content\/uploads\/2022\/09\/C0010.00_08_53_36.Still012-480x270.jpg 480w\" sizes=\"(min-width: 0px) and (max-width: 480px) 480px, (min-width: 481px) and (max-width: 980px) 980px, (min-width: 981px) 1024px, 100vw\" \/><\/figure>\n\n\n\n<figure class=\"wp-block-image size-large\"><img decoding=\"async\" width=\"1024\" height=\"576\" data-id=\"702\" src=\"https:\/\/tulalu.ch\/wp-content\/uploads\/2022\/09\/C0010.00_19_29_09.Still032-1024x576.jpg\" alt=\"\" class=\"wp-image-702\" srcset=\"https:\/\/tulalu.ch\/wp-content\/uploads\/2022\/09\/C0010.00_19_29_09.Still032-980x551.jpg 980w, https:\/\/tulalu.ch\/wp-content\/uploads\/2022\/09\/C0010.00_19_29_09.Still032-480x270.jpg 480w\" sizes=\"(min-width: 0px) and (max-width: 480px) 480px, (min-width: 481px) and (max-width: 980px) 980px, (min-width: 981px) 1024px, 100vw\" \/><\/figure>\n\n\n\n<figure class=\"wp-block-image size-large\"><img decoding=\"async\" width=\"1024\" height=\"576\" data-id=\"703\" src=\"https:\/\/tulalu.ch\/wp-content\/uploads\/2022\/09\/C0010.00_49_05_16.Still040-1024x576.jpg\" alt=\"\" class=\"wp-image-703\" srcset=\"https:\/\/tulalu.ch\/wp-content\/uploads\/2022\/09\/C0010.00_49_05_16.Still040-980x551.jpg 980w, https:\/\/tulalu.ch\/wp-content\/uploads\/2022\/09\/C0010.00_49_05_16.Still040-480x270.jpg 480w\" sizes=\"(min-width: 0px) and (max-width: 480px) 480px, (min-width: 481px) and (max-width: 980px) 980px, (min-width: 981px) 1024px, 100vw\" \/><\/figure>\n\n\n\n<figure class=\"wp-block-image size-large\"><img loading=\"lazy\" loading=\"lazy\" decoding=\"async\" width=\"1024\" height=\"576\" data-id=\"704\" src=\"https:\/\/tulalu.ch\/wp-content\/uploads\/2022\/09\/C0011.00_10_34_00.Still007-1024x576.jpg\" alt=\"\" class=\"wp-image-704\" srcset=\"https:\/\/tulalu.ch\/wp-content\/uploads\/2022\/09\/C0011.00_10_34_00.Still007-980x551.jpg 980w, https:\/\/tulalu.ch\/wp-content\/uploads\/2022\/09\/C0011.00_10_34_00.Still007-480x270.jpg 480w\" sizes=\"(min-width: 0px) and (max-width: 480px) 480px, (min-width: 481px) and (max-width: 980px) 980px, (min-width: 981px) 1024px, 100vw\" \/><\/figure>\n\n\n\n<figure class=\"wp-block-image size-large\"><img loading=\"lazy\" loading=\"lazy\" decoding=\"async\" width=\"1024\" height=\"576\" data-id=\"705\" src=\"https:\/\/tulalu.ch\/wp-content\/uploads\/2022\/09\/C0017.00_28_07_27.Still013-1024x576.jpg\" alt=\"\" class=\"wp-image-705\" srcset=\"https:\/\/tulalu.ch\/wp-content\/uploads\/2022\/09\/C0017.00_28_07_27.Still013-980x551.jpg 980w, https:\/\/tulalu.ch\/wp-content\/uploads\/2022\/09\/C0017.00_28_07_27.Still013-480x270.jpg 480w\" sizes=\"(min-width: 0px) and (max-width: 480px) 480px, (min-width: 481px) and (max-width: 980px) 980px, (min-width: 981px) 1024px, 100vw\" \/><\/figure>\n<figcaption class=\"blocks-gallery-caption\">photos \u00a9Miguel De Moura<\/figcaption><\/figure>\n\n\n\n<p class=\"wp-block-paragraph\"><em>Le Ciel se couvre<\/em>, augure Jean-Jacques Busino. L\u2019auteur de romans noirs, biberonn\u00e9 \u00e0 la sociologie, d\u00e9peint les d\u00e9rives de notre soci\u00e9t\u00e9 d\u2019une plume ac\u00e9r\u00e9e. Dans le laboratoire de Tulalu, assist\u00e9 par H\u00e9l\u00e8ne Dormond, il explorera notre monde \u00e0 travers le prisme de la fiction.<\/p>\n\n\n\n<p class=\"wp-block-paragraph\">Sol, fondateur d\u2019une communaut\u00e9 d\u2019id\u00e9alistes, s\u2019\u00e9teint et s\u2019en va, sur la bande-son de sa vie. Port\u00e9 par les lignes de basse de Tony Levin, les mots de Neil Young, il se d\u00e9tache du monde des vivants. D\u00e8s sa disparition, la nature humaine se r\u00e9v\u00e8le. Parmi ses disciples, app\u00e2t du gain, lubricit\u00e9 ou esprit de vengeance servent de moteur.<\/p>\n\n\n\n<figure class=\"wp-block-gallery has-nested-images columns-default is-cropped wp-block-gallery-2 is-layout-flex wp-block-gallery-is-layout-flex\">\n<figure class=\"wp-block-image size-large\"><img loading=\"lazy\" loading=\"lazy\" decoding=\"async\" width=\"543\" height=\"768\" data-id=\"767\" src=\"https:\/\/tulalu.ch\/wp-content\/uploads\/2022\/09\/220912_Tulalu_-LInconnue-de-Mimosette-plage.jpg\" alt=\"\" class=\"wp-image-767\" srcset=\"https:\/\/tulalu.ch\/wp-content\/uploads\/2022\/09\/220912_Tulalu_-LInconnue-de-Mimosette-plage.jpg 543w, https:\/\/tulalu.ch\/wp-content\/uploads\/2022\/09\/220912_Tulalu_-LInconnue-de-Mimosette-plage-480x679.jpg 480w\" sizes=\"(min-width: 0px) and (max-width: 480px) 480px, (min-width: 481px) 543px, 100vw\" \/><\/figure>\n\n\n\n<figure class=\"wp-block-image size-large\"><img loading=\"lazy\" loading=\"lazy\" decoding=\"async\" width=\"543\" height=\"768\" data-id=\"768\" src=\"https:\/\/tulalu.ch\/wp-content\/uploads\/2022\/09\/220912_Tulalu_Berto-2.jpg\" alt=\"\" class=\"wp-image-768\" srcset=\"https:\/\/tulalu.ch\/wp-content\/uploads\/2022\/09\/220912_Tulalu_Berto-2.jpg 543w, https:\/\/tulalu.ch\/wp-content\/uploads\/2022\/09\/220912_Tulalu_Berto-2-480x679.jpg 480w\" sizes=\"(min-width: 0px) and (max-width: 480px) 480px, (min-width: 481px) 543px, 100vw\" \/><\/figure>\n\n\n\n<figure class=\"wp-block-image size-large\"><img loading=\"lazy\" loading=\"lazy\" decoding=\"async\" width=\"543\" height=\"768\" data-id=\"771\" src=\"https:\/\/tulalu.ch\/wp-content\/uploads\/2022\/09\/220912_Tulalu_Jacques-1.jpg\" alt=\"\" class=\"wp-image-771\" srcset=\"https:\/\/tulalu.ch\/wp-content\/uploads\/2022\/09\/220912_Tulalu_Jacques-1.jpg 543w, https:\/\/tulalu.ch\/wp-content\/uploads\/2022\/09\/220912_Tulalu_Jacques-1-480x679.jpg 480w\" sizes=\"(min-width: 0px) and (max-width: 480px) 480px, (min-width: 481px) 543px, 100vw\" \/><\/figure>\n\n\n\n<figure class=\"wp-block-image size-large\"><img loading=\"lazy\" loading=\"lazy\" decoding=\"async\" width=\"543\" height=\"768\" data-id=\"769\" src=\"https:\/\/tulalu.ch\/wp-content\/uploads\/2022\/09\/220912_Tulalu_Jean-Jaques_Busino.jpg\" alt=\"\" class=\"wp-image-769\" srcset=\"https:\/\/tulalu.ch\/wp-content\/uploads\/2022\/09\/220912_Tulalu_Jean-Jaques_Busino.jpg 543w, https:\/\/tulalu.ch\/wp-content\/uploads\/2022\/09\/220912_Tulalu_Jean-Jaques_Busino-480x679.jpg 480w\" sizes=\"(min-width: 0px) and (max-width: 480px) 480px, (min-width: 481px) 543px, 100vw\" \/><\/figure>\n\n\n\n<figure class=\"wp-block-image size-large\"><img loading=\"lazy\" loading=\"lazy\" decoding=\"async\" width=\"542\" height=\"768\" data-id=\"770\" src=\"https:\/\/tulalu.ch\/wp-content\/uploads\/2022\/09\/220912_Tulalu_Lia-1.jpg\" alt=\"\" class=\"wp-image-770\" srcset=\"https:\/\/tulalu.ch\/wp-content\/uploads\/2022\/09\/220912_Tulalu_Lia-1.jpg 542w, https:\/\/tulalu.ch\/wp-content\/uploads\/2022\/09\/220912_Tulalu_Lia-1-480x680.jpg 480w\" sizes=\"(min-width: 0px) and (max-width: 480px) 480px, (min-width: 481px) 542px, 100vw\" \/><\/figure>\n\n\n\n<figure class=\"wp-block-image size-large\"><img loading=\"lazy\" loading=\"lazy\" decoding=\"async\" width=\"543\" height=\"768\" data-id=\"772\" src=\"https:\/\/tulalu.ch\/wp-content\/uploads\/2022\/09\/220912_Tulalu_Miguel-1.jpg\" alt=\"\" class=\"wp-image-772\" srcset=\"https:\/\/tulalu.ch\/wp-content\/uploads\/2022\/09\/220912_Tulalu_Miguel-1.jpg 543w, https:\/\/tulalu.ch\/wp-content\/uploads\/2022\/09\/220912_Tulalu_Miguel-1-480x679.jpg 480w\" sizes=\"(min-width: 0px) and (max-width: 480px) 480px, (min-width: 481px) 543px, 100vw\" \/><\/figure>\n<figcaption class=\"blocks-gallery-caption\">Dessins d&#8217;Olivier Sillig r\u00e9alis\u00e9s durant la soir\u00e9e<\/figcaption><\/figure>\n\n\n\n<p class=\"wp-block-paragraph\">Les id\u00e9aux se d\u00e9sagr\u00e8gent. M\u00eame l\u2019eau, corrompue, empoisonne ou inonde. Alors que le chaos menace, l\u2019amour et la musique tiennent lieu de planche de salut.<\/p>\n\n\n\n<p class=\"wp-block-paragraph\">Dans son \u00e9criture aux nuances t\u00e9n\u00e9breuses, Jean-Jacques Busino allie avec justesse tons sombres, noirs profonds et traits d\u2019espoir. Car il n\u2019est pas d\u2019obscurit\u00e9 sans lumi\u00e8re.<\/p>\n\n\n\n<p class=\"wp-block-paragraph\">Photo \u00a9Francis Traunig<\/p>\n","protected":false},"excerpt":{"rendered":"<p>Nous avons d\u00e9but\u00e9 la saison avec Le ciel se couvre (BSN Press, 2022), de Jean-Jacques Busino. Sur la bande-son de l\u2019opus, H\u00e9l\u00e8ne Dormond s&#8217;est entretenue avec le romancier. Le rendez-vous a eu lieu le lundi 12 septembre au Mus\u00e9e de la Machine \u00e0 \u00c9crire, Rue des Terreaux 18B, 1003 Lausanne.&nbsp;(Voir les extraits vid\u00e9os) Le Ciel [&hellip;]<\/p>\n","protected":false},"author":2,"featured_media":684,"comment_status":"open","ping_status":"open","sticky":false,"template":"","format":"standard","meta":{"_et_pb_use_builder":"off","_et_pb_old_content":"<!-- wp:paragraph -->\n<p>Nous avons d\u00e9but\u00e9 la saison avec <em>Le ciel se couvre<\/em> (BSN Press, 2022), de Jean-Jacques Busino. Sur la bande-son de l\u2019opus, H\u00e9l\u00e8ne Dormond s'est entretenue avec le romancier. Le rendez-vous a eu lieu le lundi 12 septembre au Mus\u00e9e de la Machine \u00e0 \u00c9crire, Rue des Terreaux 18B, 1003 Lausanne.\u00a0<a href=\"https:\/\/tulalu.ch\/les-videos-de-nos-soirees\/\">(Voir l'extrait vid\u00e9o)<\/a><\/p>\n<!-- \/wp:paragraph -->\n\n<!-- wp:gallery {\"linkTo\":\"none\"} -->\n<figure class=\"wp-block-gallery has-nested-images columns-default is-cropped\"><!-- wp:image {\"id\":701,\"sizeSlug\":\"large\",\"linkDestination\":\"none\"} -->\n<figure class=\"wp-block-image size-large\"><img src=\"https:\/\/tulalu.ch\/wp-content\/uploads\/2022\/09\/C0010.00_08_53_36.Still012-1024x576.jpg\" alt=\"\" class=\"wp-image-701\"\/><\/figure>\n<!-- \/wp:image -->\n\n<!-- wp:image {\"id\":702,\"sizeSlug\":\"large\",\"linkDestination\":\"none\"} -->\n<figure class=\"wp-block-image size-large\"><img src=\"https:\/\/tulalu.ch\/wp-content\/uploads\/2022\/09\/C0010.00_19_29_09.Still032-1024x576.jpg\" alt=\"\" class=\"wp-image-702\"\/><\/figure>\n<!-- \/wp:image -->\n\n<!-- wp:image {\"id\":703,\"sizeSlug\":\"large\",\"linkDestination\":\"none\"} -->\n<figure class=\"wp-block-image size-large\"><img src=\"https:\/\/tulalu.ch\/wp-content\/uploads\/2022\/09\/C0010.00_49_05_16.Still040-1024x576.jpg\" alt=\"\" class=\"wp-image-703\"\/><\/figure>\n<!-- \/wp:image -->\n\n<!-- wp:image {\"id\":704,\"sizeSlug\":\"large\",\"linkDestination\":\"none\"} -->\n<figure class=\"wp-block-image size-large\"><img src=\"https:\/\/tulalu.ch\/wp-content\/uploads\/2022\/09\/C0011.00_10_34_00.Still007-1024x576.jpg\" alt=\"\" class=\"wp-image-704\"\/><\/figure>\n<!-- \/wp:image -->\n\n<!-- wp:image {\"id\":705,\"sizeSlug\":\"large\",\"linkDestination\":\"none\"} -->\n<figure class=\"wp-block-image size-large\"><img src=\"https:\/\/tulalu.ch\/wp-content\/uploads\/2022\/09\/C0017.00_28_07_27.Still013-1024x576.jpg\" alt=\"\" class=\"wp-image-705\"\/><\/figure>\n<!-- \/wp:image --><figcaption class=\"blocks-gallery-caption\">photos \u00a9Miguel De Moura<\/figcaption><\/figure>\n<!-- \/wp:gallery -->\n\n<!-- wp:paragraph -->\n<p><em>Le Ciel se couvre<\/em>, augure Jean-Jacques Busino. L\u2019auteur de romans noirs, biberonn\u00e9 \u00e0 la sociologie, d\u00e9peint les d\u00e9rives de notre soci\u00e9t\u00e9 d\u2019une plume ac\u00e9r\u00e9e. Dans le laboratoire de Tulalu, assist\u00e9 par H\u00e9l\u00e8ne Dormond, il explorera notre monde \u00e0 travers le prisme de la fiction.<\/p>\n<!-- \/wp:paragraph -->\n\n<!-- wp:paragraph -->\n<p>Sol, fondateur d\u2019une communaut\u00e9 d\u2019id\u00e9alistes, s\u2019\u00e9teint et s\u2019en va, sur la bande-son de sa vie. Port\u00e9 par les lignes de basse de Tony Levin, les mots de Neil Young, il se d\u00e9tache du monde des vivants. D\u00e8s sa disparition, la nature humaine se r\u00e9v\u00e8le. Parmi ses disciples, app\u00e2t du gain, lubricit\u00e9 ou esprit de vengeance servent de moteur.<\/p>\n<!-- \/wp:paragraph -->\n\n<!-- wp:paragraph -->\n<p>Les id\u00e9aux se d\u00e9sagr\u00e8gent. M\u00eame l\u2019eau, corrompue, empoisonne ou inonde. Alors que le chaos menace, l\u2019amour et la musique tiennent lieu de planche de salut.<\/p>\n<!-- \/wp:paragraph -->\n\n<!-- wp:paragraph -->\n<p>Dans son \u00e9criture aux nuances t\u00e9n\u00e9breuses, Jean-Jacques Busino allie avec justesse tons sombres, noirs profonds et traits d\u2019espoir. Car il n\u2019est pas d\u2019obscurit\u00e9 sans lumi\u00e8re.<\/p>\n<!-- \/wp:paragraph -->\n\n<!-- wp:paragraph -->\n<p>Photo \u00a9Francis Traunig<\/p>\n<!-- \/wp:paragraph -->","_et_gb_content_width":"","footnotes":""},"categories":[5],"tags":[],"class_list":["post-649","post","type-post","status-publish","format-standard","has-post-thumbnail","hentry","category-rencontres-passees"],"_links":{"self":[{"href":"https:\/\/tulalu.ch\/index.php?rest_route=\/wp\/v2\/posts\/649","targetHints":{"allow":["GET"]}}],"collection":[{"href":"https:\/\/tulalu.ch\/index.php?rest_route=\/wp\/v2\/posts"}],"about":[{"href":"https:\/\/tulalu.ch\/index.php?rest_route=\/wp\/v2\/types\/post"}],"author":[{"embeddable":true,"href":"https:\/\/tulalu.ch\/index.php?rest_route=\/wp\/v2\/users\/2"}],"replies":[{"embeddable":true,"href":"https:\/\/tulalu.ch\/index.php?rest_route=%2Fwp%2Fv2%2Fcomments&post=649"}],"version-history":[{"count":10,"href":"https:\/\/tulalu.ch\/index.php?rest_route=\/wp\/v2\/posts\/649\/revisions"}],"predecessor-version":[{"id":774,"href":"https:\/\/tulalu.ch\/index.php?rest_route=\/wp\/v2\/posts\/649\/revisions\/774"}],"wp:featuredmedia":[{"embeddable":true,"href":"https:\/\/tulalu.ch\/index.php?rest_route=\/wp\/v2\/media\/684"}],"wp:attachment":[{"href":"https:\/\/tulalu.ch\/index.php?rest_route=%2Fwp%2Fv2%2Fmedia&parent=649"}],"wp:term":[{"taxonomy":"category","embeddable":true,"href":"https:\/\/tulalu.ch\/index.php?rest_route=%2Fwp%2Fv2%2Fcategories&post=649"},{"taxonomy":"post_tag","embeddable":true,"href":"https:\/\/tulalu.ch\/index.php?rest_route=%2Fwp%2Fv2%2Ftags&post=649"}],"curies":[{"name":"wp","href":"https:\/\/api.w.org\/{rel}","templated":true}]}}