{"id":652,"date":"2022-08-09T15:35:00","date_gmt":"2022-08-09T15:35:00","guid":{"rendered":"https:\/\/tulalu.ch\/?p=652"},"modified":"2022-10-13T12:29:00","modified_gmt":"2022-10-13T12:29:00","slug":"rencontre-avec-matthieu-megevand","status":"publish","type":"post","link":"https:\/\/tulalu.ch\/?p=652","title":{"rendered":"Rencontre avec Matthieu M\u00e9gevand"},"content":{"rendered":"<p>[et_pb_section fb_built=&#8221;1&#8243; admin_label=&#8221;section&#8221; _builder_version=&#8221;4.16&#8243; global_colors_info=&#8221;{}&#8221;][et_pb_row admin_label=&#8221;row&#8221; _builder_version=&#8221;4.16&#8243; background_size=&#8221;initial&#8221; background_position=&#8221;top_left&#8221; background_repeat=&#8221;repeat&#8221; custom_padding=&#8221;14px|||||&#8221; global_colors_info=&#8221;{}&#8221;][et_pb_column type=&#8221;4_4&#8243; _builder_version=&#8221;4.16&#8243; custom_padding=&#8221;|||&#8221; global_colors_info=&#8221;{}&#8221; custom_padding__hover=&#8221;|||&#8221;][et_pb_text admin_label=&#8221;Text&#8221; _builder_version=&#8221;4.18.0&#8243; background_size=&#8221;initial&#8221; background_position=&#8221;top_left&#8221; background_repeat=&#8221;repeat&#8221; global_colors_info=&#8221;{}&#8221;]<!-- divi:paragraph --><\/p>\n<p>Pour notre deuxi\u00e8me rencontre, nous avons re\u00e7u Matthieu M\u00e9gevand autour de <em>Tout ce qui est beau<\/em> (Flammarion, 2021).\u00a0\u00a0<\/p>\n<p><!-- \/divi:paragraph -->[\/et_pb_text][\/et_pb_column][\/et_pb_row][et_pb_row _builder_version=&#8221;4.18.0&#8243; _module_preset=&#8221;default&#8221;][et_pb_column _builder_version=&#8221;4.18.0&#8243; _module_preset=&#8221;default&#8221; type=&#8221;4_4&#8243;][et_pb_gallery _builder_version=&#8221;4.18.0&#8243; _module_preset=&#8221;default&#8221; gallery_ids=&#8221;784,783,782,781&#8243; show_title_and_caption=&#8221;off&#8221; show_pagination=&#8221;off&#8221; hover_enabled=&#8221;0&#8243; sticky_enabled=&#8221;0&#8243;][\/et_pb_gallery][\/et_pb_column][\/et_pb_row][et_pb_row _builder_version=&#8221;4.18.0&#8243; _module_preset=&#8221;default&#8221;][et_pb_column _builder_version=&#8221;4.18.0&#8243; _module_preset=&#8221;default&#8221; type=&#8221;4_4&#8243;][et_pb_text _builder_version=&#8221;4.18.0&#8243; _module_preset=&#8221;default&#8221; hover_enabled=&#8221;0&#8243; sticky_enabled=&#8221;0&#8243;]<\/p>\n<p>La rencontre s&#8217;est faite en partenariat avec des musicien.ne.s du Sinfonietta de Lausanne et en complicit\u00e9 avec les Ami.e.s de l\u2019Orchestre. \u00c0 l\u2019issue de l\u2019interview, Matthieu M\u00e9gevand a lu des extraits de son roman. Les lectures ont \u00e9t\u00e9 entrecoup\u00e9es de moments musicaux, interpr\u00e9t\u00e9s par Felix Froschhammer (violon I), Anna \u015arodecka-Mieszkowska (violon II), Soo Hyun Kim (alto), Elsa Dorbath (violoncelle) et Joachim Forlani (clarinette). Au programme : le Divertimento en r\u00e9 majeur K.136 (I. Allegro), le Quintette avec clarinette en la majeur K.581 (II. Larghetto) et le Quatuor n\u00b019 en do majeur, op. 10 n\u00b06 \u00ab Les Dissonances \u00bb K.465 (I. Allegro).<\/p>\n<p><em>Tout ce qui est beau<\/em>\u00a0cl\u00f4t la trilogie portant sur la cr\u00e9ation et la destruction de Matthieu M\u00e9gevand. Le premier tome met en sc\u00e8ne le po\u00e8te Gilbert-Lecomte dans\u00a0<em>La bonne vie<\/em>\u00a0(Flammarion, 2018), le second Henri de Toulouse Lautrec dans\u00a0<em>Lautrec<\/em>\u00a0(Flammarion, 2019).\u00a0<em>Tout ce qui est beau\u00a0<\/em>(Flammarion, 2021) raconte la vie de Wolfgang Gottlieb Mozart.<\/p>\n<p>Pour \u00e9crire\u00a0<em>Tout ce qui est beau<\/em>, Matthieu M\u00e9gevand s\u2019est plong\u00e9 dans la correspondance familiale du musicien et dans celle de ceux qui l\u2019ont fr\u00e9quent\u00e9. Il a consult\u00e9 les partitions et \u00e9cout\u00e9 intens\u00e9ment son \u0153uvre. Il a aussi parl\u00e9 avec Maria Jo\u00e3o Pires, \u00ab\u00a0la plus grande mozartienne vivante\u00a0\u00bb, selon lui. Dans l\u2019ouvrage, il traite de quelques \u00e9pisodes significatifs de la vie de celui qu\u2019il appelle \u00ab\u00a0un cr\u00e9ateur absolu, un g\u00e9nie total\u00a0\u00bb et fait dialoguer les \u00e9v\u00e9nements avec quelques pi\u00e8ces qu\u2019il a compos\u00e9es, notamment Le Requiem, le Concerto pour clarinette, ou encore les Sonates en do et en la mineur pour piano. Avec ce livre, Matthieu M\u00e9gevand r\u00e9ussit \u00e0 saisir le prodige Mozart en peu de pages, \u00e0 nous le faire &#8220;entendre&#8221; tout en mettant en lumi\u00e8re son infinie qu\u00eate de beaut\u00e9.<\/p>\n<p><em>&#8220;Vous savez bien que je ne cherche rien d&#8217;autre,\u00a0<\/em>dit-il enfin<em>. Ma musique, des boutons, un habit&#8230; c&#8217;est la m\u00eame chose&#8230; tout ce qui est bon, v\u00e9ritable et beau&#8230; le reste&#8230; rien&#8230;&#8221;<\/em><\/p>\n<figure class=\"wp-block-gallery has-nested-images columns-default is-cropped\"><!-- \/divi:image --><!-- divi:image {\"id\":782,\"sizeSlug\":\"large\",\"linkDestination\":\"none\"} --><!-- \/divi:image --><!-- divi:image {\"id\":783,\"sizeSlug\":\"large\",\"linkDestination\":\"none\"} --><!-- \/divi:image --><!-- divi:image {\"id\":784,\"sizeSlug\":\"large\",\"linkDestination\":\"none\"} --><!-- \/divi:image --><\/figure>\n<p><!-- \/divi:gallery --><!-- divi:paragraph --><!-- \/divi:paragraph --><!-- divi:paragraph --><!-- \/divi:paragraph --><!-- divi:paragraph --><!-- \/divi:paragraph --><!-- divi:paragraph --><!-- \/divi:paragraph --><!-- divi:paragraph --><!-- \/divi:paragraph --><!-- divi:paragraph --><\/p>\n<p>photo \u00a9S\u00e9bastien Agnetti<\/p>\n<p>[\/et_pb_text][\/et_pb_column][\/et_pb_row][et_pb_row _builder_version=&#8221;4.18.0&#8243; _module_preset=&#8221;default&#8221;][et_pb_column _builder_version=&#8221;4.18.0&#8243; _module_preset=&#8221;default&#8221; type=&#8221;4_4&#8243;][et_pb_image src=&#8221;https:\/\/tulalu.ch\/wp-content\/uploads\/2022\/10\/Flyer-Tulalu_Sinfonietta-10.10.22.jpg&#8221; _builder_version=&#8221;4.18.0&#8243; _module_preset=&#8221;default&#8221; title_text=&#8221;Flyer Tulalu_Sinfonietta 10.10.22&#8243; hover_enabled=&#8221;0&#8243; sticky_enabled=&#8221;0&#8243;][\/et_pb_image][\/et_pb_column][\/et_pb_row][\/et_pb_section]<\/p>\n","protected":false},"excerpt":{"rendered":"<p>Pour notre deuxi\u00e8me rencontre, nous avons re\u00e7u Matthieu M\u00e9gevand autour de Tout ce qui est beau (Flammarion, 2021).\u00a0\u00a0 La rencontre s&#8217;est faite en partenariat avec des musicien.ne.s du Sinfonietta de Lausanne et en complicit\u00e9 avec les Ami.e.s de l\u2019Orchestre. \u00c0 l\u2019issue de l\u2019interview, Matthieu M\u00e9gevand a lu des extraits de son roman. Les lectures ont [&hellip;]<\/p>\n","protected":false},"author":2,"featured_media":686,"comment_status":"open","ping_status":"open","sticky":false,"template":"","format":"standard","meta":{"_et_pb_use_builder":"on","_et_pb_old_content":"<!-- wp:paragraph -->\n<p>Pour notre deuxi\u00e8me rencontre, nous avons re\u00e7u Matthieu M\u00e9gevand autour de <em>Tout ce qui est beau<\/em> (Flammarion, 2021).<\/p>\n<!-- \/wp:paragraph -->\n\n<!-- wp:gallery {\"linkTo\":\"none\"} -->\n<figure class=\"wp-block-gallery has-nested-images columns-default is-cropped\"><!-- wp:image {\"id\":781,\"sizeSlug\":\"large\",\"linkDestination\":\"none\"} -->\n<figure class=\"wp-block-image size-large\"><img src=\"https:\/\/tulalu.ch\/wp-content\/uploads\/2022\/10\/DSC1971-copie-scaled.jpg\" alt=\"\" class=\"wp-image-781\"\/><\/figure>\n<!-- \/wp:image -->\n\n<!-- wp:image {\"id\":782,\"sizeSlug\":\"large\",\"linkDestination\":\"none\"} -->\n<figure class=\"wp-block-image size-large\"><img src=\"https:\/\/tulalu.ch\/wp-content\/uploads\/2022\/10\/C0011.00_03_14_05.Still003-copie.png\" alt=\"\" class=\"wp-image-782\"\/><\/figure>\n<!-- \/wp:image -->\n\n<!-- wp:image {\"id\":783,\"sizeSlug\":\"large\",\"linkDestination\":\"none\"} -->\n<figure class=\"wp-block-image size-large\"><img src=\"https:\/\/tulalu.ch\/wp-content\/uploads\/2022\/10\/C0011.00_12_24_00.Still012-copie.png\" alt=\"\" class=\"wp-image-783\"\/><\/figure>\n<!-- \/wp:image -->\n\n<!-- wp:image {\"id\":784,\"sizeSlug\":\"large\",\"linkDestination\":\"none\"} -->\n<figure class=\"wp-block-image size-large\"><img src=\"https:\/\/tulalu.ch\/wp-content\/uploads\/2022\/10\/IMG_2050-scaled.jpg\" alt=\"\" class=\"wp-image-784\"\/><\/figure>\n<!-- \/wp:image --><\/figure>\n<!-- \/wp:gallery -->\n\n<!-- wp:paragraph -->\n<p>La rencontre s'est faite  en partenariat avec des musicien.ne.s du Sinfonietta de Lausanne et en complicit\u00e9 avec les Ami.e.s de l\u2019Orchestre. \u00c0 l\u2019issue de l\u2019interview, Matthieu M\u00e9gevand a lu des extraits de son roman. Les lectures ont \u00e9t\u00e9 entrecoup\u00e9es de moments musicaux, interpr\u00e9t\u00e9s par Felix Froschhammer (violon I), Anna \u015arodecka-Mieszkowska (violon II), Soo Hyun Kim (alto), Elsa Dorbath (violoncelle) et Joachim Forlani (clarinette). Au programme : le Divertimento en r\u00e9 majeur K.136 (I. Allegro), le Quintette avec clarinette en la majeur K.581 (II. Larghetto) et le Quatuor n\u00b019 en do majeur, op. 10 n\u00b06 \u00ab Les Dissonances \u00bb K.465 (I. Allegro).<\/p>\n<!-- \/wp:paragraph -->\n\n<!-- wp:paragraph -->\n<p><em>Tout ce qui est beau<\/em>&nbsp;cl\u00f4t la trilogie portant sur la cr\u00e9ation et la destruction de Matthieu M\u00e9gevand. Le premier tome met en sc\u00e8ne le po\u00e8te Gilbert-Lecomte dans&nbsp;<em>La bonne vie<\/em>&nbsp;(Flammarion, 2018), le second Henri de Toulouse Lautrec dans&nbsp;<em>Lautrec<\/em>&nbsp;(Flammarion, 2019).&nbsp;<em>Tout ce qui est beau&nbsp;<\/em>(Flammarion, 2021) raconte la vie de Wolfgang Gottlieb Mozart.<\/p>\n<!-- \/wp:paragraph -->\n\n<!-- wp:paragraph -->\n<p>Pour \u00e9crire&nbsp;<em>Tout ce qui est beau<\/em>, Matthieu M\u00e9gevand s\u2019est plong\u00e9 dans la correspondance familiale du musicien et dans celle de ceux qui l\u2019ont fr\u00e9quent\u00e9. Il a consult\u00e9 les partitions et \u00e9cout\u00e9 intens\u00e9ment son \u0153uvre. Il a aussi parl\u00e9 avec Maria Jo\u00e3o Pires, \u00ab&nbsp;la plus grande mozartienne vivante&nbsp;\u00bb, selon lui. Dans l\u2019ouvrage, il traite de quelques \u00e9pisodes significatifs de la vie de celui qu\u2019il appelle \u00ab&nbsp;un cr\u00e9ateur absolu, un g\u00e9nie total&nbsp;\u00bb et fait dialoguer les \u00e9v\u00e9nements avec quelques pi\u00e8ces qu\u2019il a compos\u00e9es, notamment Le Requiem, le Concerto pour clarinette, ou encore les Sonates en do et en la mineur pour piano. Avec ce livre, Matthieu M\u00e9gevand r\u00e9ussit \u00e0 saisir le prodige Mozart en peu de pages, \u00e0 nous le faire \"entendre\" tout en mettant en lumi\u00e8re son infinie qu\u00eate de beaut\u00e9.<\/p>\n<!-- \/wp:paragraph -->\n\n<!-- wp:paragraph -->\n<p><em>\"Vous savez bien que je ne cherche rien d'autre,&nbsp;<\/em>dit-il enfin<em>. Ma musique, des boutons, un habit... c'est la m\u00eame chose... tout ce qui est bon, v\u00e9ritable et beau... le reste... rien...\"<\/em><\/p>\n<!-- \/wp:paragraph -->\n\n<!-- wp:paragraph -->\n<p><\/p>\n<!-- \/wp:paragraph -->\n\n<!-- wp:paragraph -->\n<p> photo \u00a9S\u00e9bastien Agnetti<\/p>\n<!-- \/wp:paragraph -->","_et_gb_content_width":"","footnotes":""},"categories":[5],"tags":[],"class_list":["post-652","post","type-post","status-publish","format-standard","has-post-thumbnail","hentry","category-rencontres-passees"],"_links":{"self":[{"href":"https:\/\/tulalu.ch\/index.php?rest_route=\/wp\/v2\/posts\/652","targetHints":{"allow":["GET"]}}],"collection":[{"href":"https:\/\/tulalu.ch\/index.php?rest_route=\/wp\/v2\/posts"}],"about":[{"href":"https:\/\/tulalu.ch\/index.php?rest_route=\/wp\/v2\/types\/post"}],"author":[{"embeddable":true,"href":"https:\/\/tulalu.ch\/index.php?rest_route=\/wp\/v2\/users\/2"}],"replies":[{"embeddable":true,"href":"https:\/\/tulalu.ch\/index.php?rest_route=%2Fwp%2Fv2%2Fcomments&post=652"}],"version-history":[{"count":15,"href":"https:\/\/tulalu.ch\/index.php?rest_route=\/wp\/v2\/posts\/652\/revisions"}],"predecessor-version":[{"id":797,"href":"https:\/\/tulalu.ch\/index.php?rest_route=\/wp\/v2\/posts\/652\/revisions\/797"}],"wp:featuredmedia":[{"embeddable":true,"href":"https:\/\/tulalu.ch\/index.php?rest_route=\/wp\/v2\/media\/686"}],"wp:attachment":[{"href":"https:\/\/tulalu.ch\/index.php?rest_route=%2Fwp%2Fv2%2Fmedia&parent=652"}],"wp:term":[{"taxonomy":"category","embeddable":true,"href":"https:\/\/tulalu.ch\/index.php?rest_route=%2Fwp%2Fv2%2Fcategories&post=652"},{"taxonomy":"post_tag","embeddable":true,"href":"https:\/\/tulalu.ch\/index.php?rest_route=%2Fwp%2Fv2%2Ftags&post=652"}],"curies":[{"name":"wp","href":"https:\/\/api.w.org\/{rel}","templated":true}]}}