{"id":656,"date":"2022-08-12T15:38:00","date_gmt":"2022-08-12T15:38:00","guid":{"rendered":"https:\/\/tulalu.ch\/?p=656"},"modified":"2023-01-03T14:43:21","modified_gmt":"2023-01-03T14:43:21","slug":"hommage-a-anne-bottani-zuber","status":"publish","type":"post","link":"https:\/\/tulalu.ch\/?p=656","title":{"rendered":"Hommage \u00e0 Anne Bottani-Zuber"},"content":{"rendered":"[et_pb_section fb_built=&#8221;1&#8243; admin_label=&#8221;section&#8221; _builder_version=&#8221;4.16&#8243; global_colors_info=&#8221;{}&#8221;][et_pb_row admin_label=&#8221;row&#8221; _builder_version=&#8221;4.16&#8243; background_size=&#8221;initial&#8221; background_position=&#8221;top_left&#8221; background_repeat=&#8221;repeat&#8221; custom_padding=&#8221;||27px|||&#8221; global_colors_info=&#8221;{}&#8221;][et_pb_column type=&#8221;4_4&#8243; _builder_version=&#8221;4.16&#8243; custom_padding=&#8221;|||&#8221; global_colors_info=&#8221;{}&#8221; custom_padding__hover=&#8221;|||&#8221;][et_pb_image src=&#8221;https:\/\/tulalu.ch\/wp-content\/uploads\/2022\/12\/IMG_0320-scaled.jpg&#8221; title_text=&#8221;IMG_0320&#8243; align=&#8221;center&#8221; _builder_version=&#8221;4.19.4&#8243; _module_preset=&#8221;default&#8221; width=&#8221;85%&#8221; global_colors_info=&#8221;{}&#8221;][\/et_pb_image][et_pb_text admin_label=&#8221;Text&#8221; _builder_version=&#8221;4.19.2&#8243; background_size=&#8221;initial&#8221; background_position=&#8221;top_left&#8221; background_repeat=&#8221;repeat&#8221; custom_padding=&#8221;9px|||||&#8221; global_colors_info=&#8221;{}&#8221;]<p><\/p>\n<p class=\"wp-block-paragraph\">Pour le dernier \u00e9v\u00e9nement de la saison, nous nous sommes retrouv\u00e9s le lundi 12 d\u00e9cembre \u00e0 19 h \u00e0 la Maison de la femme, Av. \u00c9glantine 6, 1006 Lausanne, pour rendre hommage \u00e0 Anne-Bottani Zuber, d\u00e9c\u00e9d\u00e9e en juin. La com\u00e9dienne Olivia Seigne a lu des nouvelles de son recueil <em>D\u00e9sirs et servitudes<\/em> (L\u2019Aire, 2018). Michel Moret, le directeur des \u00c9ditions de l\u2019Aire, \u00e9tait pr\u00e9sent et nous a parl\u00e9 de l\u2019auteure et de son \u0153uvre.<\/p>\n<p><\/p>\n<p><\/p>\n<p class=\"wp-block-paragraph\">Anne Bottani-Zuber a publi\u00e9 plusieurs ouvrages aux \u00c9ditions de l\u2019Aire. Les deux premiers sont des romans\u00a0:\u00a0<em>Aline ou les Cahiers de ma m\u00e8re<\/em>\u00a0en 2010 (r\u00e9\u00e9dition dans la collection L\u2019Aire bleue en 2015) et\u00a0<em>Lumi\u00e8res <\/em>en 2016. En 2018, para\u00eet un recueil de nouvelles,\u00a0<em>D\u00e9sirs et servitudes<\/em>, et, en 2020, un r\u00e9cit intitul\u00e9\u00a0<em>Une voiture ray\u00e9e, c&#8217;est d\u00e9risoire<\/em>\u00a0(collection Le banquet, L&#8217;Aire).<\/p>\n<p><\/p>\n<p><\/p>\n<p class=\"wp-block-paragraph\">Elle a \u00e9galement contribu\u00e9 \u00e0 plusieurs ouvrages collectifs, dont\u00a0<em>Naissances<\/em>\u00a0(L\u2019Aire, 2018),\u00a0<em>Vevey et Lavaux vus par les \u00e9crivains<\/em>\u00a0(L\u2019Aire, 2018) et\u00a0<em>Tu es la s\u0153ur que je choisis<\/em>\u00a0(\u00c9ditions d\u2019en Bas, 2019).<\/p>\n<p><\/p>\n<p><\/p>\n<p class=\"wp-block-paragraph\">Le recueil\u00a0<em>D\u00e9sirs et servitudes<\/em>\u00a0dessine la condition de plusieurs g\u00e9n\u00e9rations de femmes. Les 14 nouvelles sont situ\u00e9es entre le Valais central et la r\u00e9gion lausannoise. La premi\u00e8re se joue en 1850, au fond du val d\u02b9Anniviers et la derni\u00e8re en 2017, sur les berges du Rh\u00f4ne, \u00e0 Chippis. Les femmes d\u00e9crites sont \u00ab\u00a0plus ou moins brim\u00e9es, plus ou moins assujetties\u2026 aux hommes, \u00e0 la religion ou aux convenances. Ce sont des personnages qui nous ressemblent, fragiles, inconstants, manquants de coh\u00e9rence\u2026\u00a0\u00bb, disait Anne. En ajoutant aussit\u00f4t qu\u2019elles sont aussi souvent \u00ab\u00a0rebelles\u00a0\u00bb.\u00a0<em>D\u00e9sirs et servitudes<\/em>\u00a0a \u00e9t\u00e9 en lice pour le Prix du public RTS en 2019.<\/p>\n<p>&nbsp;<\/p>\n<p>Quatre extraits vid\u00e9o de la soir\u00e9e \u00e0 voir <span style=\"text-decoration: underline;\"><a href=\"https:\/\/tulalu.ch\/les-videos-de-nos-soirees\/\">ici<\/a><\/span>.<span style=\"text-decoration: underline;\"><\/span><\/p>\n<p>&nbsp;<\/p>\n<p><\/p>\n<p><\/p>[\/et_pb_text][\/et_pb_column][\/et_pb_row][et_pb_row _builder_version=&#8221;4.19.4&#8243; _module_preset=&#8221;default&#8221; global_colors_info=&#8221;{}&#8221;][et_pb_column type=&#8221;4_4&#8243; _builder_version=&#8221;4.19.4&#8243; _module_preset=&#8221;default&#8221; global_colors_info=&#8221;{}&#8221;][et_pb_image src=&#8221;https:\/\/tulalu.ch\/wp-content\/uploads\/2022\/12\/IMG_0324-scaled.jpg&#8221; title_text=&#8221;IMG_0324&#8243; align=&#8221;center&#8221; _builder_version=&#8221;4.19.4&#8243; _module_preset=&#8221;default&#8221; width=&#8221;85%&#8221; global_colors_info=&#8221;{}&#8221;][\/et_pb_image][\/et_pb_column][\/et_pb_row][\/et_pb_section]","protected":false},"excerpt":{"rendered":"<p>Pour le dernier \u00e9v\u00e9nement de la saison, nous nous sommes retrouv\u00e9s le lundi 12 d\u00e9cembre \u00e0 19 h \u00e0 la Maison de la femme, Av. \u00c9glantine 6, 1006 Lausanne, pour rendre hommage \u00e0 Anne-Bottani Zuber, d\u00e9c\u00e9d\u00e9e en juin. La com\u00e9dienne Olivia Seigne a lu des nouvelles de son recueil D\u00e9sirs et servitudes (L\u2019Aire, 2018). Michel [&hellip;]<\/p>\n","protected":false},"author":2,"featured_media":690,"comment_status":"open","ping_status":"open","sticky":false,"template":"","format":"standard","meta":{"_et_pb_use_builder":"on","_et_pb_old_content":"<!-- wp:paragraph -->\n<p>Pour le dernier \u00e9v\u00e9nement de la saison, nous nous retrouverons le lundi 12 d\u00e9cembre \u00e0 19 h \u00e0 la Maison de la femme, Av. \u00c9glantine 6, 1006 Lausanne, pour rendre hommage \u00e0 Anne-Bottani Zuber, d\u00e9c\u00e9d\u00e9e en juin. La com\u00e9dienne Olivia Seigne lira des nouvelles de son recueil <em>D\u00e9sirs et certitudes<\/em> (L\u2019Aire, 2018). Michel Moret, le directeur des \u00c9ditions de l\u2019Aire, sera pr\u00e9sent et nous parlera de l\u2019auteure et de son \u0153uvre.<\/p>\n<!-- \/wp:paragraph -->\n\n<!-- wp:paragraph -->\n<p>Anne Bottani-Zuber a publi\u00e9 plusieurs ouvrages aux \u00c9ditions de l\u2019Aire. Les deux premiers sont des romans&nbsp;:&nbsp;<em>Aline ou les Cahiers de ma m\u00e8re<\/em>&nbsp;en 2010 (r\u00e9\u00e9dition dans la collection L\u2019Aire bleue en 2015) et&nbsp;<em>Lumi\u00e8res<\/em>en 2016. En 2018, para\u00eet un recueil de nouvelles,&nbsp;<em>D\u00e9sirs et servitudes<\/em>, et, en 2020, un r\u00e9cit intitul\u00e9&nbsp;<em>Une voiture ray\u00e9e, c'est d\u00e9risoire<\/em>&nbsp;(collection Le banquet, L'Aire). <\/p>\n<!-- \/wp:paragraph -->\n\n<!-- wp:paragraph -->\n<p>Elle a \u00e9galement contribu\u00e9 \u00e0 plusieurs ouvrages collectifs, dont&nbsp;<em>Naissances<\/em>&nbsp;(L\u2019Aire, 2018),&nbsp;<em>Vevey et Lavaux vus par les \u00e9crivains<\/em>&nbsp;(L\u2019Aire, 2018) et&nbsp;<em>Tu es la s\u0153ur que je choisis<\/em>&nbsp;(\u00c9ditions d\u2019en Bas, 2019).&nbsp;<\/p>\n<!-- \/wp:paragraph -->\n\n<!-- wp:paragraph -->\n<p>Le recueil&nbsp;<em>D\u00e9sirs et servitudes<\/em>&nbsp;dessine la condition de plusieurs g\u00e9n\u00e9rations de femmes. Les 14 nouvelles sont situ\u00e9es entre le Valais central et la r\u00e9gion lausannoise. La premi\u00e8re se joue en 1850, au fond du val d\u02b9Anniviers et la derni\u00e8re en 2017, sur les berges du Rh\u00f4ne, \u00e0 Chippis. Les femmes d\u00e9crites sont \u00ab&nbsp;plus ou moins brim\u00e9es, plus ou moins assujetties\u2026 aux hommes, \u00e0 la religion ou aux convenances. Ce sont des personnages qui nous ressemblent, fragiles, inconstants, manquants de coh\u00e9rence\u2026&nbsp;\u00bb, disait Anne. En ajoutant aussit\u00f4t qu\u2019elles sont aussi souvent \u00ab&nbsp;rebelles&nbsp;\u00bb.&nbsp;<em>D\u00e9sirs et servitudes<\/em>&nbsp;a \u00e9t\u00e9 en lice pour le Prix du public RTS en 2019.<\/p>\n<!-- \/wp:paragraph -->\n\n<!-- wp:divi\/placeholder \/-->","_et_gb_content_width":"","footnotes":""},"categories":[5],"tags":[],"class_list":["post-656","post","type-post","status-publish","format-standard","has-post-thumbnail","hentry","category-rencontres-passees"],"_links":{"self":[{"href":"https:\/\/tulalu.ch\/index.php?rest_route=\/wp\/v2\/posts\/656","targetHints":{"allow":["GET"]}}],"collection":[{"href":"https:\/\/tulalu.ch\/index.php?rest_route=\/wp\/v2\/posts"}],"about":[{"href":"https:\/\/tulalu.ch\/index.php?rest_route=\/wp\/v2\/types\/post"}],"author":[{"embeddable":true,"href":"https:\/\/tulalu.ch\/index.php?rest_route=\/wp\/v2\/users\/2"}],"replies":[{"embeddable":true,"href":"https:\/\/tulalu.ch\/index.php?rest_route=%2Fwp%2Fv2%2Fcomments&post=656"}],"version-history":[{"count":14,"href":"https:\/\/tulalu.ch\/index.php?rest_route=\/wp\/v2\/posts\/656\/revisions"}],"predecessor-version":[{"id":1044,"href":"https:\/\/tulalu.ch\/index.php?rest_route=\/wp\/v2\/posts\/656\/revisions\/1044"}],"wp:featuredmedia":[{"embeddable":true,"href":"https:\/\/tulalu.ch\/index.php?rest_route=\/wp\/v2\/media\/690"}],"wp:attachment":[{"href":"https:\/\/tulalu.ch\/index.php?rest_route=%2Fwp%2Fv2%2Fmedia&parent=656"}],"wp:term":[{"taxonomy":"category","embeddable":true,"href":"https:\/\/tulalu.ch\/index.php?rest_route=%2Fwp%2Fv2%2Fcategories&post=656"},{"taxonomy":"post_tag","embeddable":true,"href":"https:\/\/tulalu.ch\/index.php?rest_route=%2Fwp%2Fv2%2Ftags&post=656"}],"curies":[{"name":"wp","href":"https:\/\/api.w.org\/{rel}","templated":true}]}}