{"id":93,"date":"2022-03-07T17:47:00","date_gmt":"2022-03-07T17:47:00","guid":{"rendered":"https:\/\/tulalunew.rvpb.ch\/?p=93"},"modified":"2022-04-12T09:20:58","modified_gmt":"2022-04-12T09:20:58","slug":"rencontre-avec-stephane-bovon","status":"publish","type":"post","link":"https:\/\/tulalu.ch\/?p=93","title":{"rendered":"Rencontre avec St\u00e9phane Bovon"},"content":{"rendered":"\n<p class=\"wp-block-paragraph\">Le lundi 7 mars, Tulalu\u00a0!? s\u2019est install\u00e9e \u00e0 la Chaux-de-Fonds, au caf\u00e9-librairie La Soci\u00e9t\u00e9 de consommation, rue Jaquet-Droz 27. Nous y avons accueilli St\u00e9phane Bovon autour de\u00a0<em>Lachaude<\/em>\u00a0(H\u00e9lice H\u00e9las, 2020), tome 4 du cycle G\u00e9rimont. Jeanne Perrin a anim\u00e9 la discussion avec l\u2019auteur et Nicolas Sj\u00f6stedt a croqu\u00e9 les propos sur le vif.<\/p>\n\n\n\n<figure class=\"wp-block-gallery has-nested-images columns-2 is-cropped wp-block-gallery-1 is-layout-flex wp-block-gallery-is-layout-flex\">\n<figure class=\"wp-block-image size-large\"><img decoding=\"async\" data-id=\"513\" src=\"https:\/\/tulalu.ch\/wp-content\/uploads\/2022\/03\/C0048.00_48_10_14.Still010.jpg\" alt=\"\" class=\"wp-image-513\"\/><\/figure>\n\n\n\n<figure class=\"wp-block-image size-large\"><img decoding=\"async\" data-id=\"512\" src=\"https:\/\/tulalu.ch\/wp-content\/uploads\/2022\/03\/C0048.00_34_32_14.Still015.jpg\" alt=\"\" class=\"wp-image-512\"\/><\/figure>\n\n\n\n<figure class=\"wp-block-image size-large\"><img fetchpriority=\"high\" fetchpriority=\"high\" decoding=\"async\" width=\"1024\" height=\"1024\" data-id=\"515\" src=\"https:\/\/tulalu.ch\/wp-content\/uploads\/2022\/03\/DSC1762-1024x1024.jpg\" alt=\"\" class=\"wp-image-515\" srcset=\"https:\/\/tulalu.ch\/wp-content\/uploads\/2022\/03\/DSC1762-1024x1024.jpg 1024w, https:\/\/tulalu.ch\/wp-content\/uploads\/2022\/03\/DSC1762-300x300.jpg 300w\" sizes=\"(max-width: 1024px) 100vw, 1024px\" \/><\/figure>\n\n\n\n<figure class=\"wp-block-image size-large\"><img decoding=\"async\" width=\"1024\" height=\"1024\" data-id=\"516\" src=\"https:\/\/tulalu.ch\/wp-content\/uploads\/2022\/03\/DSC1746-1024x1024.jpg\" alt=\"\" class=\"wp-image-516\" srcset=\"https:\/\/tulalu.ch\/wp-content\/uploads\/2022\/03\/DSC1746-1024x1024.jpg 1024w, https:\/\/tulalu.ch\/wp-content\/uploads\/2022\/03\/DSC1746-300x300.jpg 300w, https:\/\/tulalu.ch\/wp-content\/uploads\/2022\/03\/DSC1746-180x180.jpg 180w, https:\/\/tulalu.ch\/wp-content\/uploads\/2022\/03\/DSC1746-768x768.jpg 768w\" sizes=\"(max-width: 1024px) 100vw, 1024px\" \/><\/figure>\n\n\n\n<figure class=\"wp-block-image size-large\"><img decoding=\"async\" width=\"1024\" height=\"576\" data-id=\"517\" src=\"https:\/\/tulalu.ch\/wp-content\/uploads\/2022\/03\/DSC1735-1024x576.jpg\" alt=\"\" class=\"wp-image-517\" srcset=\"https:\/\/tulalu.ch\/wp-content\/uploads\/2022\/03\/DSC1735-1024x576.jpg 1024w, https:\/\/tulalu.ch\/wp-content\/uploads\/2022\/03\/DSC1735-300x169.jpg 300w\" sizes=\"(max-width: 1024px) 100vw, 1024px\" \/><\/figure>\n<figcaption class=\"blocks-gallery-caption\">\u00a9 Miguel De Moura<\/figcaption><\/figure>\n\n\n\n<p class=\"wp-block-paragraph\"><em>St\u00e9phane Bovon, dit macbe, est un joyeux cinquantenaire amateur de bons mots parfaitement incapable de r\u00e9pondre \u00e0 un message dans des d\u00e9lais corrects. Le jour, il enseigne. La nuit, il dessine, il \u00e9crit et il publie.&nbsp;<\/em><\/p>\n\n\n\n<p class=\"wp-block-paragraph\"><em>Le cycle de G\u00e9rimont, commenc\u00e9 en 2013, est l\u2019une des ses nombreuses publications. Baroque et post-moderne, il narre l\u2019histoire rocambolesque d\u2019une mont\u00e9e g\u00e9n\u00e9rale des eaux dans un avenir \u00e0 la fois proche et lointain.&nbsp;<\/em><\/p>\n\n\n\n<p class=\"wp-block-paragraph\"><em>En 2020 est sorti le 4e tome du Cycle de G\u00e9rimont, intitul\u00e9 Lachaude.&nbsp;Lachaude est la plus grande ville du monde connu, et le lecteur y suit les aventures de G\u00e9sim&nbsp;Ruchet enqu\u00eatant sur l\u2019assassinat de son p\u00e8re. A travers le port du Loch, les quartiers chauds, l\u2019atelier d\u2019un m\u00e9canicien et la remise d\u2019un prix litt\u00e9raire \u00e0 un auteur qui s\u2019\u00e9coute \u00e9crire, on d\u00e9couvre un univers complexe et attachant. En marge du texte principal s\u2019\u00e9gr\u00e8nent les chapitres d\u2019un \u00ab&nbsp;livre dont vous \u00eates le h\u00e9ros&nbsp;\u00bb qui \u00e9claire d\u2019autres aspects de la capitale g\u00e9rimontaise.<\/em><\/p>\n","protected":false},"excerpt":{"rendered":"<p>Le lundi 7 mars, Tulalu\u00a0!? s\u2019est install\u00e9e \u00e0 la Chaux-de-Fonds, au caf\u00e9-librairie La Soci\u00e9t\u00e9 de consommation, rue Jaquet-Droz 27. Nous y avons accueilli St\u00e9phane Bovon autour de\u00a0Lachaude\u00a0(H\u00e9lice H\u00e9las, 2020), tome 4 du cycle G\u00e9rimont. Jeanne Perrin a anim\u00e9 la discussion avec l\u2019auteur et Nicolas Sj\u00f6stedt a croqu\u00e9 les propos sur le vif. St\u00e9phane Bovon, dit [&hellip;]<\/p>\n","protected":false},"author":2,"featured_media":415,"comment_status":"closed","ping_status":"closed","sticky":false,"template":"","format":"standard","meta":{"_et_pb_use_builder":"off","_et_pb_old_content":"<!-- wp:paragraph -->\n<p>Le lundi 7 mars, Tulalu&nbsp;!? s\u2019installera \u00e0 la Chaux-de-Fonds, au caf\u00e9-librairie La Soci\u00e9t\u00e9 de consommation, rue Jaquet-Droz 27. D\u00e8s 19 h, nous y accueillerons St\u00e9phane Bovon autour de&nbsp;<em>Lachaude<\/em>&nbsp;(H\u00e9lice H\u00e9las, 2020), tome 4 du cycle G\u00e9rimont. Jeanne Perrin discutera avec l\u2019auteur et Nicolas Sj\u00f6stedt croquera les propos sur le vif.<\/p>\n<!-- \/wp:paragraph -->","_et_gb_content_width":"1080","footnotes":""},"categories":[5],"tags":[],"class_list":["post-93","post","type-post","status-publish","format-standard","has-post-thumbnail","hentry","category-rencontres-passees"],"_links":{"self":[{"href":"https:\/\/tulalu.ch\/index.php?rest_route=\/wp\/v2\/posts\/93","targetHints":{"allow":["GET"]}}],"collection":[{"href":"https:\/\/tulalu.ch\/index.php?rest_route=\/wp\/v2\/posts"}],"about":[{"href":"https:\/\/tulalu.ch\/index.php?rest_route=\/wp\/v2\/types\/post"}],"author":[{"embeddable":true,"href":"https:\/\/tulalu.ch\/index.php?rest_route=\/wp\/v2\/users\/2"}],"replies":[{"embeddable":true,"href":"https:\/\/tulalu.ch\/index.php?rest_route=%2Fwp%2Fv2%2Fcomments&post=93"}],"version-history":[{"count":8,"href":"https:\/\/tulalu.ch\/index.php?rest_route=\/wp\/v2\/posts\/93\/revisions"}],"predecessor-version":[{"id":538,"href":"https:\/\/tulalu.ch\/index.php?rest_route=\/wp\/v2\/posts\/93\/revisions\/538"}],"wp:featuredmedia":[{"embeddable":true,"href":"https:\/\/tulalu.ch\/index.php?rest_route=\/wp\/v2\/media\/415"}],"wp:attachment":[{"href":"https:\/\/tulalu.ch\/index.php?rest_route=%2Fwp%2Fv2%2Fmedia&parent=93"}],"wp:term":[{"taxonomy":"category","embeddable":true,"href":"https:\/\/tulalu.ch\/index.php?rest_route=%2Fwp%2Fv2%2Fcategories&post=93"},{"taxonomy":"post_tag","embeddable":true,"href":"https:\/\/tulalu.ch\/index.php?rest_route=%2Fwp%2Fv2%2Ftags&post=93"}],"curies":[{"name":"wp","href":"https:\/\/api.w.org\/{rel}","templated":true}]}}