{"id":972,"date":"2022-12-27T20:58:39","date_gmt":"2022-12-27T20:58:39","guid":{"rendered":"https:\/\/tulalu.ch\/?p=972"},"modified":"2023-05-19T12:24:45","modified_gmt":"2023-05-19T12:24:45","slug":"rencontre-avec-ndricim-ademaj-et-festa-molliqaj","status":"publish","type":"post","link":"https:\/\/tulalu.ch\/?p=972","title":{"rendered":"Rencontre avec Ndri\u00e7im Ademaj et Festa Molliqaj"},"content":{"rendered":"\n[et_pb_section fb_built=&#8221;1&#8243; admin_label=&#8221;section&#8221; _builder_version=&#8221;4.16&#8243; global_colors_info=&#8221;{}&#8221;][et_pb_row admin_label=&#8221;row&#8221; _builder_version=&#8221;4.16&#8243; background_size=&#8221;initial&#8221; background_position=&#8221;top_left&#8221; background_repeat=&#8221;repeat&#8221; custom_padding=&#8221;14px|||||&#8221; global_colors_info=&#8221;{}&#8221;][et_pb_column type=&#8221;4_4&#8243; _builder_version=&#8221;4.16&#8243; custom_padding=&#8221;|||&#8221; global_colors_info=&#8221;{}&#8221; custom_padding__hover=&#8221;|||&#8221;][et_pb_text admin_label=&#8221;Text&#8221; _builder_version=&#8221;4.19.4&#8243; background_size=&#8221;initial&#8221; background_position=&#8221;top_left&#8221; background_repeat=&#8221;repeat&#8221; global_colors_info=&#8221;{}&#8221;]<!-- divi:paragraph -->\n<p><span style=\"color: #000080;\"><strong>Lundi 20 mars 2023, 18 h 30<\/strong><\/span><\/p>\n<p><em><span style=\"color: #666666;\">Cercle litt\u00e9raire, Pl. Saint-Fran\u00e7ois 7, \u00e0 Lausanne.<\/span><\/em><\/p>\n<p><em><span style=\"color: #666666;\"><\/span><\/em><\/p>\n<p><em><span style=\"color: #666666;\"><span style=\"font-size: medium;\">Il est recommand\u00e9 de s&#8217;inscrire aux \u00e9v\u00e9nements ! Les places peuvent \u00eatre limit\u00e9es.<\/span><\/span><\/em><\/p>\n<!-- \/divi:paragraph -->[\/et_pb_text][et_pb_text _builder_version=&#8221;4.19.4&#8243; _module_preset=&#8221;default&#8221; custom_margin=&#8221;55px||||false|false&#8221; global_colors_info=&#8221;{}&#8221;]<p>Nous sommes partis \u00e0 la d\u00e9couverte des <em>Chants de la Rue des Forgerons<\/em> (\u00c9ditions d\u2019en Bas, 2022), un recueil de po\u00e8mes de Ndri\u00e7im Ademaj traduit de l\u2019albanais par Festa Molliqaj. Le dialogue entre l\u2019auteur et la traductrice a \u00e9t\u00e9 anim\u00e9 par Valmir Rexhepi. En collaboration avec le Centre de traduction litt\u00e9raire de Lausanne CTL.<\/p>[\/et_pb_text][\/et_pb_column][\/et_pb_row][et_pb_row _builder_version=&#8221;4.20.4&#8243; _module_preset=&#8221;default&#8221;][et_pb_column _builder_version=&#8221;4.20.4&#8243; _module_preset=&#8221;default&#8221; type=&#8221;4_4&#8243;][et_pb_image src=&#8221;https:\/\/tulalu.ch\/wp-content\/uploads\/2023\/04\/unilogo_bleu_72dpi.png&#8221; _builder_version=&#8221;4.20.4&#8243; _module_preset=&#8221;default&#8221; title_text=&#8221;unilogo_bleu_72dpi&#8221; hover_enabled=&#8221;0&#8243; sticky_enabled=&#8221;0&#8243; align=&#8221;center&#8221;][\/et_pb_image][\/et_pb_column][\/et_pb_row][et_pb_row column_structure=&#8221;1_2,1_2&#8243; _builder_version=&#8221;4.19.4&#8243; _module_preset=&#8221;default&#8221; global_colors_info=&#8221;{}&#8221;][et_pb_column type=&#8221;1_2&#8243; _builder_version=&#8221;4.19.4&#8243; _module_preset=&#8221;default&#8221; global_colors_info=&#8221;{}&#8221;][et_pb_image src=&#8221;https:\/\/tulalu.ch\/wp-content\/uploads\/2022\/12\/ndricim-ademaj-bw-6O5A7704-scaled.jpg&#8221; title_text=&#8221;ndric\u0327im ademaj bw 6O5A7704&#8243; show_in_lightbox=&#8221;on&#8221; align=&#8221;center&#8221; _builder_version=&#8221;4.20.2&#8243; _module_preset=&#8221;default&#8221; custom_padding=&#8221;|0px||||&#8221; global_colors_info=&#8221;{}&#8221;][\/et_pb_image][\/et_pb_column][et_pb_column type=&#8221;1_2&#8243; _builder_version=&#8221;4.19.4&#8243; _module_preset=&#8221;default&#8221; global_colors_info=&#8221;{}&#8221;][et_pb_image src=&#8221;https:\/\/tulalu.ch\/wp-content\/uploads\/2022\/12\/Festa-Molliqaj.jpg&#8221; title_text=&#8221;Festa Molliqaj&#8221; show_in_lightbox=&#8221;on&#8221; _builder_version=&#8221;4.20.2&#8243; _module_preset=&#8221;default&#8221; global_colors_info=&#8221;{}&#8221;][\/et_pb_image][\/et_pb_column][\/et_pb_row][et_pb_row column_structure=&#8221;1_3,1_3,1_3&#8243; _builder_version=&#8221;4.20.2&#8243; _module_preset=&#8221;default&#8221; global_colors_info=&#8221;{}&#8221;][et_pb_column type=&#8221;1_3&#8243; _builder_version=&#8221;4.20.2&#8243; _module_preset=&#8221;default&#8221; global_colors_info=&#8221;{}&#8221;][et_pb_image src=&#8221;https:\/\/tulalu.ch\/wp-content\/uploads\/2023\/03\/PXL_20230320_191003826-scaled.jpg&#8221; title_text=&#8221;PXL_20230320_191003826&#8243; show_in_lightbox=&#8221;on&#8221; _builder_version=&#8221;4.20.2&#8243; _module_preset=&#8221;default&#8221; global_colors_info=&#8221;{}&#8221;][\/et_pb_image][\/et_pb_column][et_pb_column type=&#8221;1_3&#8243; _builder_version=&#8221;4.20.2&#8243; _module_preset=&#8221;default&#8221; global_colors_info=&#8221;{}&#8221;][et_pb_image src=&#8221;https:\/\/tulalu.ch\/wp-content\/uploads\/2023\/03\/PXL_20230320_171252724-scaled.jpg&#8221; title_text=&#8221;PXL_20230320_171252724&#8243; show_in_lightbox=&#8221;on&#8221; _builder_version=&#8221;4.20.2&#8243; _module_preset=&#8221;default&#8221; global_colors_info=&#8221;{}&#8221;][\/et_pb_image][\/et_pb_column][et_pb_column type=&#8221;1_3&#8243; _builder_version=&#8221;4.20.2&#8243; _module_preset=&#8221;default&#8221; global_colors_info=&#8221;{}&#8221;][et_pb_image src=&#8221;https:\/\/tulalu.ch\/wp-content\/uploads\/2023\/03\/PXL_20230320_173312038-scaled.jpg&#8221; title_text=&#8221;PXL_20230320_173312038&#8243; show_in_lightbox=&#8221;on&#8221; _builder_version=&#8221;4.20.2&#8243; _module_preset=&#8221;default&#8221; global_colors_info=&#8221;{}&#8221;][\/et_pb_image][\/et_pb_column][\/et_pb_row][et_pb_row _builder_version=&#8221;4.20.2&#8243; _module_preset=&#8221;default&#8221; global_colors_info=&#8221;{}&#8221;][et_pb_column type=&#8221;4_4&#8243; _builder_version=&#8221;4.20.2&#8243; _module_preset=&#8221;default&#8221; global_colors_info=&#8221;{}&#8221;][et_pb_image src=&#8221;https:\/\/tulalu.ch\/wp-content\/uploads\/2023\/03\/DSC2212-scaled.jpg&#8221; title_text=&#8221;_DSC2212&#8243; show_in_lightbox=&#8221;on&#8221; _builder_version=&#8221;4.20.2&#8243; _module_preset=&#8221;default&#8221; global_colors_info=&#8221;{}&#8221;][\/et_pb_image][\/et_pb_column][\/et_pb_row][et_pb_row column_structure=&#8221;1_2,1_2&#8243; _builder_version=&#8221;4.20.2&#8243; _module_preset=&#8221;default&#8221; global_colors_info=&#8221;{}&#8221;][et_pb_column type=&#8221;1_2&#8243; _builder_version=&#8221;4.20.2&#8243; _module_preset=&#8221;default&#8221; global_colors_info=&#8221;{}&#8221;][et_pb_image src=&#8221;https:\/\/tulalu.ch\/wp-content\/uploads\/2023\/03\/DSC2241-scaled.jpg&#8221; title_text=&#8221;_DSC2241&#8243; show_in_lightbox=&#8221;on&#8221; _builder_version=&#8221;4.20.2&#8243; _module_preset=&#8221;default&#8221; global_colors_info=&#8221;{}&#8221;][\/et_pb_image][\/et_pb_column][et_pb_column type=&#8221;1_2&#8243; _builder_version=&#8221;4.20.2&#8243; _module_preset=&#8221;default&#8221; global_colors_info=&#8221;{}&#8221;][et_pb_image src=&#8221;https:\/\/tulalu.ch\/wp-content\/uploads\/2023\/03\/DSC2245-scaled.jpg&#8221; title_text=&#8221;_DSC2245&#8243; show_in_lightbox=&#8221;on&#8221; _builder_version=&#8221;4.20.2&#8243; _module_preset=&#8221;default&#8221; global_colors_info=&#8221;{}&#8221;][\/et_pb_image][\/et_pb_column][\/et_pb_row][et_pb_row _builder_version=&#8221;4.19.4&#8243; _module_preset=&#8221;default&#8221; min_height=&#8221;371.2px&#8221; custom_margin=&#8221;|auto|-19px|auto||&#8221; custom_padding=&#8221;58px|||||&#8221; global_colors_info=&#8221;{}&#8221;][et_pb_column type=&#8221;4_4&#8243; _builder_version=&#8221;4.19.4&#8243; _module_preset=&#8221;default&#8221; global_colors_info=&#8221;{}&#8221;][et_pb_text _builder_version=&#8221;4.19.4&#8243; _module_preset=&#8221;default&#8221; global_colors_info=&#8221;{}&#8221;]<p>Les <em>Chants de la rue des forgerons<\/em> est une \u0153uvre po\u00e9tique \u00e9crite par un jeune \u00e9crivain albanophone originaire du Kosovo, Ndri\u00e7im Ademaj. Les po\u00e8mes sont de longueurs variables, parcourent diff\u00e9rents pays et parlent de l\u2019amour dans ses multiples facettes, abandon, nostalgie du temps pass\u00e9, col\u00e8re, jalousie, d\u00e9sir intense. Consid\u00e9r\u00e9 comme un des repr\u00e9sentants de la nouvelle g\u00e9n\u00e9ration d\u2019auteurs du Kosovo, Ndri\u00e7im Ademaj a publi\u00e9 trois recueils de po\u00e8mes et un roman. Il a re\u00e7u le Prix de la Francophonie au concours international de po\u00e9sie de la Facult\u00e9 des Lettres de Sorbonne Universit\u00e9 en 2022.<\/p>\n<p>La traductrice du recueil, Festa Molliqaj, est bilingue albanais-fran\u00e7ais. Tr\u00e8s vite, elle s\u2019est attel\u00e9e \u00e0 d\u00e9velopper les \u00ab m\u00e9canismes \u00bb de passage d\u2019une langue \u00e0 une autre et a fait de la traduction un outil de pens\u00e9e. \u00c9galement \u00e0 l\u2019aise en italien, elle travaille actuellement sur la traduction du roman de Doris Femminis, <em>Fuori per sempre<\/em>, qui para\u00eetra aux \u00c9ditions d\u2019en bas en 2023.<\/p>\n<p>Lors de la soir\u00e9e du 20 mars, Festa Molliqaj et Ndri\u00e7im Ademaj ont dialogu\u00e9 autour des <em>Chants de la rue des forgerons, <\/em>ils ont parl\u00e9 traduction, inspiration et \u00e9criture, et ont lu des extraits en albanais comme en fran\u00e7ais du recueil. La rencontre a \u00e9t\u00e9 co-organis\u00e9e par le Centre de traduction litt\u00e9raire de Lausanne et a \u00e9t\u00e9 anim\u00e9e par Valmir Rexhepi.<\/p>[\/et_pb_text][\/et_pb_column][\/et_pb_row][et_pb_row column_structure=&#8221;1_3,1_3,1_3&#8243; _builder_version=&#8221;4.20.2&#8243; _module_preset=&#8221;default&#8221; global_colors_info=&#8221;{}&#8221;][et_pb_column type=&#8221;1_3&#8243; _builder_version=&#8221;4.20.2&#8243; _module_preset=&#8221;default&#8221; global_colors_info=&#8221;{}&#8221;][et_pb_image src=&#8221;https:\/\/tulalu.ch\/wp-content\/uploads\/2023\/03\/PXL_20230320_184537579-scaled.jpg&#8221; title_text=&#8221;PXL_20230320_184537579&#8243; show_in_lightbox=&#8221;on&#8221; _builder_version=&#8221;4.20.2&#8243; _module_preset=&#8221;default&#8221; global_colors_info=&#8221;{}&#8221;][\/et_pb_image][\/et_pb_column][et_pb_column type=&#8221;1_3&#8243; _builder_version=&#8221;4.20.2&#8243; _module_preset=&#8221;default&#8221; global_colors_info=&#8221;{}&#8221;][et_pb_image src=&#8221;https:\/\/tulalu.ch\/wp-content\/uploads\/2023\/03\/DSC2221-scaled.jpg&#8221; title_text=&#8221;_DSC2221&#8243; show_in_lightbox=&#8221;on&#8221; _builder_version=&#8221;4.20.2&#8243; _module_preset=&#8221;default&#8221; global_colors_info=&#8221;{}&#8221;][\/et_pb_image][\/et_pb_column][et_pb_column type=&#8221;1_3&#8243; _builder_version=&#8221;4.20.2&#8243; _module_preset=&#8221;default&#8221; global_colors_info=&#8221;{}&#8221;][et_pb_image src=&#8221;https:\/\/tulalu.ch\/wp-content\/uploads\/2023\/03\/DSC2226-scaled.jpg&#8221; title_text=&#8221;_DSC2226&#8243; show_in_lightbox=&#8221;on&#8221; _builder_version=&#8221;4.20.2&#8243; _module_preset=&#8221;default&#8221; global_colors_info=&#8221;{}&#8221;][\/et_pb_image][\/et_pb_column][\/et_pb_row][et_pb_row column_structure=&#8221;1_2,1_2&#8243; _builder_version=&#8221;4.20.2&#8243; _module_preset=&#8221;default&#8221; global_colors_info=&#8221;{}&#8221;][et_pb_column type=&#8221;1_2&#8243; _builder_version=&#8221;4.20.2&#8243; _module_preset=&#8221;default&#8221; global_colors_info=&#8221;{}&#8221;][et_pb_image src=&#8221;https:\/\/tulalu.ch\/wp-content\/uploads\/2023\/03\/DSC2224-scaled.jpg&#8221; title_text=&#8221;_DSC2224&#8243; show_in_lightbox=&#8221;on&#8221; _builder_version=&#8221;4.20.2&#8243; _module_preset=&#8221;default&#8221; global_colors_info=&#8221;{}&#8221;][\/et_pb_image][\/et_pb_column][et_pb_column type=&#8221;1_2&#8243; _builder_version=&#8221;4.20.2&#8243; _module_preset=&#8221;default&#8221; global_colors_info=&#8221;{}&#8221;][et_pb_image src=&#8221;https:\/\/tulalu.ch\/wp-content\/uploads\/2023\/03\/DSC2133-scaled.jpg&#8221; title_text=&#8221;_DSC2133&#8243; show_in_lightbox=&#8221;on&#8221; _builder_version=&#8221;4.20.2&#8243; _module_preset=&#8221;default&#8221; global_colors_info=&#8221;{}&#8221;][\/et_pb_image][\/et_pb_column][\/et_pb_row][et_pb_row _builder_version=&#8221;4.20.2&#8243; _module_preset=&#8221;default&#8221; global_colors_info=&#8221;{}&#8221;][et_pb_column type=&#8221;4_4&#8243; _builder_version=&#8221;4.20.2&#8243; _module_preset=&#8221;default&#8221; global_colors_info=&#8221;{}&#8221;][et_pb_image src=&#8221;https:\/\/tulalu.ch\/wp-content\/uploads\/2023\/03\/DSC2222-scaled.jpg&#8221; title_text=&#8221;_DSC2222&#8243; show_in_lightbox=&#8221;on&#8221; _builder_version=&#8221;4.20.2&#8243; _module_preset=&#8221;default&#8221; global_colors_info=&#8221;{}&#8221;][\/et_pb_image][\/et_pb_column][\/et_pb_row][et_pb_row _builder_version=&#8221;4.20.2&#8243; _module_preset=&#8221;default&#8221; global_colors_info=&#8221;{}&#8221;][et_pb_column type=&#8221;4_4&#8243; _builder_version=&#8221;4.20.2&#8243; _module_preset=&#8221;default&#8221; global_colors_info=&#8221;{}&#8221;][et_pb_image src=&#8221;https:\/\/tulalu.ch\/wp-content\/uploads\/2023\/03\/DSC2271-scaled.jpg&#8221; title_text=&#8221;_DSC2271&#8243; show_in_lightbox=&#8221;on&#8221; _builder_version=&#8221;4.20.2&#8243; _module_preset=&#8221;default&#8221; global_colors_info=&#8221;{}&#8221;][\/et_pb_image][\/et_pb_column][\/et_pb_row][et_pb_row column_structure=&#8221;1_2,1_2&#8243; _builder_version=&#8221;4.20.2&#8243; _module_preset=&#8221;default&#8221; global_colors_info=&#8221;{}&#8221;][et_pb_column type=&#8221;1_2&#8243; _builder_version=&#8221;4.20.2&#8243; _module_preset=&#8221;default&#8221; global_colors_info=&#8221;{}&#8221;][et_pb_image src=&#8221;https:\/\/tulalu.ch\/wp-content\/uploads\/2023\/03\/PXL_20230320_190211686.MP_-scaled.jpg&#8221; title_text=&#8221;PXL_20230320_190211686.MP&#8221; show_in_lightbox=&#8221;on&#8221; _builder_version=&#8221;4.20.2&#8243; _module_preset=&#8221;default&#8221; global_colors_info=&#8221;{}&#8221;][\/et_pb_image][\/et_pb_column][et_pb_column type=&#8221;1_2&#8243; _builder_version=&#8221;4.20.2&#8243; _module_preset=&#8221;default&#8221; global_colors_info=&#8221;{}&#8221;][et_pb_image src=&#8221;https:\/\/tulalu.ch\/wp-content\/uploads\/2023\/03\/PXL_20230320_190418399.MP_-scaled.jpg&#8221; title_text=&#8221;PXL_20230320_190418399.MP&#8221; show_in_lightbox=&#8221;on&#8221; _builder_version=&#8221;4.20.2&#8243; _module_preset=&#8221;default&#8221; global_colors_info=&#8221;{}&#8221;][\/et_pb_image][\/et_pb_column][\/et_pb_row][et_pb_row _builder_version=&#8221;4.20.4&#8243; _module_preset=&#8221;default&#8221;][et_pb_column _builder_version=&#8221;4.20.4&#8243; _module_preset=&#8221;default&#8221; type=&#8221;4_4&#8243;][et_pb_text _builder_version=&#8221;4.20.2&#8243; _module_preset=&#8221;default&#8221; global_colors_info=&#8221;{}&#8221;]<p>Nous remercions \u00e9galement chaleureusement le Groupe Orllati SA pour son soutien \u00e0 cette magnifique soir\u00e9e !<\/p>[\/et_pb_text][\/et_pb_column][\/et_pb_row][et_pb_row _builder_version=&#8221;4.20.4&#8243; _module_preset=&#8221;default&#8221; column_structure=&#8221;1_3,1_3,1_3&#8243;][et_pb_column _builder_version=&#8221;4.20.4&#8243; _module_preset=&#8221;default&#8221; type=&#8221;1_3&#8243;][\/et_pb_column][et_pb_column _builder_version=&#8221;4.20.4&#8243; _module_preset=&#8221;default&#8221; type=&#8221;1_3&#8243;][et_pb_image src=&#8221;https:\/\/tulalu.ch\/wp-content\/uploads\/2022\/12\/Orllati_Blanc_Cartouche_RVB.jpg&#8221; _builder_version=&#8221;4.20.4&#8243; _module_preset=&#8221;default&#8221; hover_enabled=&#8221;0&#8243; global_colors_info=&#8221;{}&#8221; max_height=&#8221;375px&#8221; sticky_enabled=&#8221;0&#8243; width=&#8221;80%&#8221;][\/et_pb_image][\/et_pb_column][et_pb_column _builder_version=&#8221;4.20.4&#8243; _module_preset=&#8221;default&#8221; type=&#8221;1_3&#8243;][\/et_pb_column][\/et_pb_row][\/et_pb_section]\n","protected":false},"excerpt":{"rendered":"<p>Lundi 20 mars 2023, 18 h 30<br \/>\nNous sommes partis \u00e0 la d\u00e9couverte des Chants de la Rue des Forgerons (\u00c9ditions d\u2019en Bas, 2022), un recueil de po\u00e8mes de Ndri\u00e7im Ademaj traduit de l\u2019albanais par Festa Molliqaj. &#8230;<\/p>\n","protected":false},"author":2,"featured_media":999,"comment_status":"open","ping_status":"open","sticky":false,"template":"","format":"standard","meta":{"_et_pb_use_builder":"on","_et_pb_old_content":"","_et_gb_content_width":"","footnotes":""},"categories":[5],"tags":[],"class_list":["post-972","post","type-post","status-publish","format-standard","has-post-thumbnail","hentry","category-rencontres-passees"],"_links":{"self":[{"href":"https:\/\/tulalu.ch\/index.php?rest_route=\/wp\/v2\/posts\/972","targetHints":{"allow":["GET"]}}],"collection":[{"href":"https:\/\/tulalu.ch\/index.php?rest_route=\/wp\/v2\/posts"}],"about":[{"href":"https:\/\/tulalu.ch\/index.php?rest_route=\/wp\/v2\/types\/post"}],"author":[{"embeddable":true,"href":"https:\/\/tulalu.ch\/index.php?rest_route=\/wp\/v2\/users\/2"}],"replies":[{"embeddable":true,"href":"https:\/\/tulalu.ch\/index.php?rest_route=%2Fwp%2Fv2%2Fcomments&post=972"}],"version-history":[{"count":16,"href":"https:\/\/tulalu.ch\/index.php?rest_route=\/wp\/v2\/posts\/972\/revisions"}],"predecessor-version":[{"id":1185,"href":"https:\/\/tulalu.ch\/index.php?rest_route=\/wp\/v2\/posts\/972\/revisions\/1185"}],"wp:featuredmedia":[{"embeddable":true,"href":"https:\/\/tulalu.ch\/index.php?rest_route=\/wp\/v2\/media\/999"}],"wp:attachment":[{"href":"https:\/\/tulalu.ch\/index.php?rest_route=%2Fwp%2Fv2%2Fmedia&parent=972"}],"wp:term":[{"taxonomy":"category","embeddable":true,"href":"https:\/\/tulalu.ch\/index.php?rest_route=%2Fwp%2Fv2%2Fcategories&post=972"},{"taxonomy":"post_tag","embeddable":true,"href":"https:\/\/tulalu.ch\/index.php?rest_route=%2Fwp%2Fv2%2Ftags&post=972"}],"curies":[{"name":"wp","href":"https:\/\/api.w.org\/{rel}","templated":true}]}}